{"id":1004,"date":"2025-05-23T13:32:42","date_gmt":"2025-05-23T17:32:42","guid":{"rendered":"https:\/\/votabolivia.com\/main\/web\/?p=1004"},"modified":"2025-05-24T01:13:28","modified_gmt":"2025-05-24T05:13:28","slug":"tcp-ratifica-su-compromiso-con-las-elecciones-del-17-de-agosto-y-ordena-no-alterar-el-calendario-electoral","status":"publish","type":"post","link":"https:\/\/capitalfmbolivia.com\/web\/nacional\/justicia\/2025\/05\/23\/1004\/","title":{"rendered":"TCP ratifica su compromiso con las elecciones del 17 de agosto y ordena no alterar el calendario electoral"},"content":{"rendered":"<p data-start=\"346\" data-end=\"548\">El Tribunal Constitucional Plurinacional (TCP) garantiz\u00f3 la realizaci\u00f3n de las elecciones generales el 17 de agosto e instruy\u00f3 que ninguna acci\u00f3n judicial interfiera con el calendario electoral vigente.<!--more--><\/p>\n<p data-start=\"1113\" data-end=\"1395\">El Tribunal Constitucional Plurinacional (TCP) emiti\u00f3 este viernes un pronunciamiento oficial en el que ratifica su compromiso con el cumplimiento del calendario electoral vigente, garantizando la realizaci\u00f3n de las elecciones generales programadas para el <strong data-start=\"1370\" data-end=\"1394\">17 de agosto de 2025<\/strong>.<\/p>\n<p data-start=\"1113\" data-end=\"1395\"><iframe loading=\"lazy\" title=\"YouTube video player\" src=\"https:\/\/www.youtube.com\/embed\/Ne_bOxO3CuM?si=SIUu-gidCvZr2Igu\" width=\"560\" height=\"315\" frameborder=\"0\" allowfullscreen=\"allowfullscreen\"><\/iframe><\/p>\n<p data-start=\"1397\" data-end=\"1834\">En el comunicado, respaldado por los nueve magistrados del TCP, se instruye a todos los juzgados y salas constitucionales del pa\u00eds <strong data-start=\"1528\" data-end=\"1584\">no emitir fallos que alteren el calendario electoral<\/strong>, ni permitir la reversi\u00f3n de acciones ya superadas dentro de este cronograma. La directriz se extiende a <strong data-start=\"1690\" data-end=\"1752\">todos los recursos constitucionales actualmente en tr\u00e1mite<\/strong>, especialmente aquellos que tienen implicancias directas en el proceso electoral.<\/p>\n<p data-start=\"1836\" data-end=\"2058\">El Tribunal tambi\u00e9n orden\u00f3 que las <strong data-start=\"1871\" data-end=\"1973\">acciones constitucionales relacionadas con el proceso electoral sean tramitadas de forma inmediata<\/strong>, y que los recursos que lleguen al TCP ser\u00e1n <strong data-start=\"2019\" data-end=\"2057\">resueltos con car\u00e1cter prioritario<\/strong>.<\/p>\n<p data-start=\"1836\" data-end=\"2058\"><iframe loading=\"lazy\" style=\"border: none; overflow: hidden;\" src=\"https:\/\/www.facebook.com\/plugins\/post.php?href=https%3A%2F%2Fwww.facebook.com%2Ftcpbolivia.bo%2Fposts%2Fpfbid02U5TiJ1ZG1CWZqUN3e49d1YP4mWg94BWKjHtJQ2goDaUb8nVkFr86aDwrAuswKAV5l%3Frdid%3DoqbXSRMKtpDRHXLe%23&amp;width=500&amp;show_text=true&amp;appId=1758778655020084&amp;height=608\" width=\"500\" height=\"608\" frameborder=\"0\" scrolling=\"no\" allowfullscreen=\"allowfullscreen\"><\/iframe><\/p>\n<p data-start=\"2060\" data-end=\"2368\">Este pronunciamiento busca brindar <strong data-start=\"2095\" data-end=\"2145\">seguridad jur\u00eddica y estabilidad institucional<\/strong> en medio de un contexto de creciente tensi\u00f3n pol\u00edtica y judicial, marcado por <strong data-start=\"2224\" data-end=\"2304\">acciones legales presentadas contra organizaciones como el MAS-IPSP y el MTS<\/strong>, principales representantes del bloque de izquierda en Bolivia.<\/p>\n<p data-start=\"2370\" data-end=\"2563\">La decisi\u00f3n del TCP surge en un momento clave, donde sectores pol\u00edticos y ciudadanos exigen claridad y firmeza respecto al desarrollo de los comicios y el respeto a las normas constitucionales.<\/p>\n","protected":false},"excerpt":{"rendered":"<p>El Tribunal Constitucional Plurinacional (TCP) garantiz\u00f3 la realizaci\u00f3n de las elecciones generales el 17 de&#8230;<\/p>\n","protected":false},"author":1,"featured_media":1005,"comment_status":"closed","ping_status":"open","sticky":false,"template":"","format":"standard","meta":{"footnotes":""},"categories":[41,39],"tags":[116,182,69,184,183,83,89,103,181,123],"class_list":["post-1004","post","type-post","status-publish","format-standard","has-post-thumbnail","hentry","category-electoral","category-justicia","tag-bolivia","tag-calendario-electoral","tag-elecciones-2025","tag-garantias-constitucionales","tag-justicia-electoral","tag-mas","tag-mts","tag-politica-boliviana","tag-tcp","tag-tribunal-constitucional"],"featured_image_urls":{"full":["https:\/\/capitalfmbolivia.com\/web\/wp-content\/uploads\/2025\/05\/WhatsApp_Image_2025-01-16_at_11356_PM1.jpeg",852,580,false],"thumbnail":["https:\/\/capitalfmbolivia.com\/web\/wp-content\/uploads\/2025\/05\/WhatsApp_Image_2025-01-16_at_11356_PM1-150x150.jpeg",150,150,true],"medium":["https:\/\/capitalfmbolivia.com\/web\/wp-content\/uploads\/2025\/05\/WhatsApp_Image_2025-01-16_at_11356_PM1-300x204.jpeg",300,204,true],"medium_large":["https:\/\/capitalfmbolivia.com\/web\/wp-content\/uploads\/2025\/05\/WhatsApp_Image_2025-01-16_at_11356_PM1-768x523.jpeg",640,436,true],"large":["https:\/\/capitalfmbolivia.com\/web\/wp-content\/uploads\/2025\/05\/WhatsApp_Image_2025-01-16_at_11356_PM1.jpeg",640,436,false],"1536x1536":["https:\/\/capitalfmbolivia.com\/web\/wp-content\/uploads\/2025\/05\/WhatsApp_Image_2025-01-16_at_11356_PM1.jpeg",852,580,false],"2048x2048":["https:\/\/capitalfmbolivia.com\/web\/wp-content\/uploads\/2025\/05\/WhatsApp_Image_2025-01-16_at_11356_PM1.jpeg",852,580,false],"newsphere-slider-full":["https:\/\/capitalfmbolivia.com\/web\/wp-content\/uploads\/2025\/05\/WhatsApp_Image_2025-01-16_at_11356_PM1.jpeg",852,580,false],"newsphere-featured":["https:\/\/capitalfmbolivia.com\/web\/wp-content\/uploads\/2025\/05\/WhatsApp_Image_2025-01-16_at_11356_PM1.jpeg",852,580,false],"newsphere-medium":["https:\/\/capitalfmbolivia.com\/web\/wp-content\/uploads\/2025\/05\/WhatsApp_Image_2025-01-16_at_11356_PM1-720x380.jpeg",720,380,true]},"author_info":{"display_name":"redchuqui","author_link":"https:\/\/capitalfmbolivia.com\/web\/author\/redchuqui\/"},"category_info":"<a href=\"https:\/\/capitalfmbolivia.com\/web\/category\/nacional\/electoral\/\" rel=\"category tag\">Electoral<\/a> <a href=\"https:\/\/capitalfmbolivia.com\/web\/category\/nacional\/justicia\/\" rel=\"category tag\">Justicia<\/a>","tag_info":"Justicia","comment_count":"0","_links":{"self":[{"href":"https:\/\/capitalfmbolivia.com\/web\/wp-json\/wp\/v2\/posts\/1004","targetHints":{"allow":["GET"]}}],"collection":[{"href":"https:\/\/capitalfmbolivia.com\/web\/wp-json\/wp\/v2\/posts"}],"about":[{"href":"https:\/\/capitalfmbolivia.com\/web\/wp-json\/wp\/v2\/types\/post"}],"author":[{"embeddable":true,"href":"https:\/\/capitalfmbolivia.com\/web\/wp-json\/wp\/v2\/users\/1"}],"replies":[{"embeddable":true,"href":"https:\/\/capitalfmbolivia.com\/web\/wp-json\/wp\/v2\/comments?post=1004"}],"version-history":[{"count":2,"href":"https:\/\/capitalfmbolivia.com\/web\/wp-json\/wp\/v2\/posts\/1004\/revisions"}],"predecessor-version":[{"id":1007,"href":"https:\/\/capitalfmbolivia.com\/web\/wp-json\/wp\/v2\/posts\/1004\/revisions\/1007"}],"wp:featuredmedia":[{"embeddable":true,"href":"https:\/\/capitalfmbolivia.com\/web\/wp-json\/wp\/v2\/media\/1005"}],"wp:attachment":[{"href":"https:\/\/capitalfmbolivia.com\/web\/wp-json\/wp\/v2\/media?parent=1004"}],"wp:term":[{"taxonomy":"category","embeddable":true,"href":"https:\/\/capitalfmbolivia.com\/web\/wp-json\/wp\/v2\/categories?post=1004"},{"taxonomy":"post_tag","embeddable":true,"href":"https:\/\/capitalfmbolivia.com\/web\/wp-json\/wp\/v2\/tags?post=1004"}],"curies":[{"name":"wp","href":"https:\/\/api.w.org\/{rel}","templated":true}]}}