{"id":1008,"date":"2025-05-23T13:43:37","date_gmt":"2025-05-23T17:43:37","guid":{"rendered":"https:\/\/votabolivia.com\/main\/web\/?p=1008"},"modified":"2025-05-24T01:13:28","modified_gmt":"2025-05-24T05:13:28","slug":"beckhauser-anuncia-denuncia-para-cancelar-al-mas-pero-el-tcp-advierte-que-no-se-puede-alterar-el-calendario-electoral","status":"publish","type":"post","link":"https:\/\/capitalfmbolivia.com\/web\/nacional\/justicia\/2025\/05\/23\/1008\/","title":{"rendered":"Beckhauser anuncia denuncia para cancelar al MAS, pero el TCP advierte que no se puede alterar el calendario electoral"},"content":{"rendered":"<p data-start=\"483\" data-end=\"699\">Peter Beckhauser presentar\u00e1 una denuncia contra el MAS para cancelar su personer\u00eda jur\u00eddica, pero el reciente pronunciamiento del TCP limita el efecto inmediato de este tipo de acciones sobre el calendario electoral.<!--more--><\/p>\n<p data-start=\"1272\" data-end=\"1583\">El activista pol\u00edtico <strong data-start=\"1294\" data-end=\"1314\">Peter Beckhauser<\/strong> anunci\u00f3 que la pr\u00f3xima semana presentar\u00e1 una denuncia formal para <strong data-start=\"1381\" data-end=\"1467\">exigir la cancelaci\u00f3n de la personer\u00eda jur\u00eddica del Movimiento Al Socialismo (MAS)<\/strong>, alegando presuntas irregularidades en la rendici\u00f3n de cuentas de los recursos financieros del partido oficialista.<\/p>\n<p data-start=\"1585\" data-end=\"1849\">\u201cEstamos terminando de acomodar la denuncia (\u2026) y es muy posible que haya una sorpresa con la persona que va a firmar conmigo la pr\u00f3xima semana\u201d, adelant\u00f3 Beckhauser, se\u00f1alando que se tratar\u00eda de <strong data-start=\"1781\" data-end=\"1810\">un candidato presidencial<\/strong> para las elecciones de agosto de 2025.<\/p>\n<p data-start=\"1851\" data-end=\"2136\">Seg\u00fan el activista, la denuncia se basa en lo que describe como <strong data-start=\"1915\" data-end=\"1945\">\u201crecursos mal descargados\u201d<\/strong>, acumulando irregularidades financieras durante los a\u00f1os en que Evo Morales lider\u00f3 el partido. Estima que el monto de los fondos no justificados podr\u00eda oscilar entre <strong data-start=\"2112\" data-end=\"2135\">Bs 10 a 12 millones<\/strong>.<\/p>\n<p data-start=\"2138\" data-end=\"2296\">El objetivo, seg\u00fan explic\u00f3 Beckhauser, es impedir que el MAS pueda participar en las elecciones de 2025 mediante la <strong data-start=\"2254\" data-end=\"2295\">cancelaci\u00f3n de su personer\u00eda jur\u00eddica<\/strong>.<\/p>\n<p data-start=\"2298\" data-end=\"2631\">Sin embargo, esta acci\u00f3n legal se da en un contexto marcado por el <strong data-start=\"2365\" data-end=\"2439\">\u00faltimo pronunciamiento del Tribunal Constitucional Plurinacional (TCP)<\/strong>, emitido este mismo viernes, donde <strong data-start=\"2475\" data-end=\"2581\">se instruye que ninguna sala constitucional ni juez de garant\u00edas puede alterar el calendario electoral<\/strong> establecido para las elecciones del 17 de agosto.<\/p>\n<p data-start=\"2633\" data-end=\"2899\">El TCP fue enf\u00e1tico al se\u00f1alar que <strong data-start=\"2668\" data-end=\"2769\">ning\u00fan recurso constitucional podr\u00e1 retrotraer acciones ya superadas dentro del proceso electoral<\/strong>, buscando reforzar la seguridad jur\u00eddica del proceso y la continuidad de las etapas ya definidas por las autoridades competentes.<\/p>\n<p data-start=\"2633\" data-end=\"2899\"><iframe loading=\"lazy\" title=\"YouTube video player\" src=\"https:\/\/www.youtube.com\/embed\/Ne_bOxO3CuM?si=SIUu-gidCvZr2Igu\" width=\"560\" height=\"315\" frameborder=\"0\" allowfullscreen=\"allowfullscreen\"><\/iframe><\/p>\n<p data-start=\"2901\" data-end=\"3178\">En ese sentido, <strong data-start=\"2917\" data-end=\"2992\">la denuncia de Beckhauser podr\u00eda no tener el efecto inmediato que busca<\/strong>, al menos de cara a las elecciones de este a\u00f1o, ya que el TCP ha limitado cualquier intervenci\u00f3n judicial que interfiera con los tiempos y decisiones ya firmes del calendario electoral.<\/p>\n<p data-start=\"3180\" data-end=\"3334\">Aun as\u00ed, Beckhauser ratific\u00f3 su intenci\u00f3n y se\u00f1al\u00f3 que revelar\u00e1 el nombre del candidato que lo acompa\u00f1ar\u00e1 en la firma de la denuncia en los pr\u00f3ximos d\u00edas.<\/p>\n","protected":false},"excerpt":{"rendered":"<p>Peter Beckhauser presentar\u00e1 una denuncia contra el MAS para cancelar su personer\u00eda jur\u00eddica, pero el&#8230;<\/p>\n","protected":false},"author":1,"featured_media":1009,"comment_status":"closed","ping_status":"open","sticky":false,"template":"","format":"standard","meta":{"footnotes":""},"categories":[41,39],"tags":[],"class_list":["post-1008","post","type-post","status-publish","format-standard","has-post-thumbnail","hentry","category-electoral","category-justicia"],"featured_image_urls":{"full":["https:\/\/capitalfmbolivia.com\/web\/wp-content\/uploads\/2025\/05\/choquehuanca_Beckhauser1.jpg",640,427,false],"thumbnail":["https:\/\/capitalfmbolivia.com\/web\/wp-content\/uploads\/2025\/05\/choquehuanca_Beckhauser1-150x150.jpg",150,150,true],"medium":["https:\/\/capitalfmbolivia.com\/web\/wp-content\/uploads\/2025\/05\/choquehuanca_Beckhauser1-300x200.jpg",300,200,true],"medium_large":["https:\/\/capitalfmbolivia.com\/web\/wp-content\/uploads\/2025\/05\/choquehuanca_Beckhauser1.jpg",640,427,false],"large":["https:\/\/capitalfmbolivia.com\/web\/wp-content\/uploads\/2025\/05\/choquehuanca_Beckhauser1.jpg",640,427,false],"1536x1536":["https:\/\/capitalfmbolivia.com\/web\/wp-content\/uploads\/2025\/05\/choquehuanca_Beckhauser1.jpg",640,427,false],"2048x2048":["https:\/\/capitalfmbolivia.com\/web\/wp-content\/uploads\/2025\/05\/choquehuanca_Beckhauser1.jpg",640,427,false],"newsphere-slider-full":["https:\/\/capitalfmbolivia.com\/web\/wp-content\/uploads\/2025\/05\/choquehuanca_Beckhauser1.jpg",640,427,false],"newsphere-featured":["https:\/\/capitalfmbolivia.com\/web\/wp-content\/uploads\/2025\/05\/choquehuanca_Beckhauser1.jpg",640,427,false],"newsphere-medium":["https:\/\/capitalfmbolivia.com\/web\/wp-content\/uploads\/2025\/05\/choquehuanca_Beckhauser1-640x380.jpg",640,380,true]},"author_info":{"display_name":"redchuqui","author_link":"https:\/\/capitalfmbolivia.com\/web\/author\/redchuqui\/"},"category_info":"<a href=\"https:\/\/capitalfmbolivia.com\/web\/category\/nacional\/electoral\/\" rel=\"category tag\">Electoral<\/a> <a href=\"https:\/\/capitalfmbolivia.com\/web\/category\/nacional\/justicia\/\" rel=\"category tag\">Justicia<\/a>","tag_info":"Justicia","comment_count":"0","_links":{"self":[{"href":"https:\/\/capitalfmbolivia.com\/web\/wp-json\/wp\/v2\/posts\/1008","targetHints":{"allow":["GET"]}}],"collection":[{"href":"https:\/\/capitalfmbolivia.com\/web\/wp-json\/wp\/v2\/posts"}],"about":[{"href":"https:\/\/capitalfmbolivia.com\/web\/wp-json\/wp\/v2\/types\/post"}],"author":[{"embeddable":true,"href":"https:\/\/capitalfmbolivia.com\/web\/wp-json\/wp\/v2\/users\/1"}],"replies":[{"embeddable":true,"href":"https:\/\/capitalfmbolivia.com\/web\/wp-json\/wp\/v2\/comments?post=1008"}],"version-history":[{"count":1,"href":"https:\/\/capitalfmbolivia.com\/web\/wp-json\/wp\/v2\/posts\/1008\/revisions"}],"predecessor-version":[{"id":1010,"href":"https:\/\/capitalfmbolivia.com\/web\/wp-json\/wp\/v2\/posts\/1008\/revisions\/1010"}],"wp:featuredmedia":[{"embeddable":true,"href":"https:\/\/capitalfmbolivia.com\/web\/wp-json\/wp\/v2\/media\/1009"}],"wp:attachment":[{"href":"https:\/\/capitalfmbolivia.com\/web\/wp-json\/wp\/v2\/media?parent=1008"}],"wp:term":[{"taxonomy":"category","embeddable":true,"href":"https:\/\/capitalfmbolivia.com\/web\/wp-json\/wp\/v2\/categories?post=1008"},{"taxonomy":"post_tag","embeddable":true,"href":"https:\/\/capitalfmbolivia.com\/web\/wp-json\/wp\/v2\/tags?post=1008"}],"curies":[{"name":"wp","href":"https:\/\/api.w.org\/{rel}","templated":true}]}}