{"id":1014,"date":"2025-05-23T21:31:55","date_gmt":"2025-05-24T01:31:55","guid":{"rendered":"https:\/\/votabolivia.com\/main\/web\/?p=1014"},"modified":"2025-05-24T01:13:27","modified_gmt":"2025-05-24T05:13:27","slug":"luis-arce-acusa-a-politicos-de-causar-especulacion-con-fines-electorales-y-anuncia-medidas-economicas","status":"publish","type":"post","link":"https:\/\/capitalfmbolivia.com\/web\/nacional\/electoral\/2025\/05\/23\/1014\/","title":{"rendered":"Luis Arce acusa a pol\u00edticos de causar especulaci\u00f3n con fines electorales y anuncia medidas econ\u00f3micas"},"content":{"rendered":"<p data-start=\"1240\" data-end=\"1521\">El presidente del Estado, <strong data-start=\"1266\" data-end=\"1288\">Luis Arce Catacora<\/strong>, asegur\u00f3 este viernes que <strong data-start=\"1315\" data-end=\"1430\">la especulaci\u00f3n en los precios de los productos b\u00e1sicos no es solo un problema econ\u00f3mico, sino tambi\u00e9n pol\u00edtico<\/strong>, al denunciar que <strong data-start=\"1449\" data-end=\"1520\">algunos actores est\u00e1n generando incertidumbre con fines electorales<\/strong>.<\/p>\n<blockquote data-start=\"1523\" data-end=\"1781\">\n<p data-start=\"1525\" data-end=\"1781\">\u201cDetr\u00e1s de la especulaci\u00f3n hay intereses pol\u00edticos. Hay sectores que, con fines claramente electorales, buscan generar incertidumbre en la poblaci\u00f3n para desgastar al Gobierno\u201d, declar\u00f3 el mandatario durante un pronunciamiento en la Casa Grande del Pueblo.<\/p>\n<p data-start=\"1525\" data-end=\"1781\"><iframe loading=\"lazy\" title=\"YouTube video player\" src=\"https:\/\/www.youtube.com\/embed\/k3zUwRjg_dg?si=97sQMGx7MhMqIq6I\" width=\"560\" height=\"315\" frameborder=\"0\" allowfullscreen=\"allowfullscreen\"><\/iframe><\/p>\n<\/blockquote>\n<p data-start=\"1783\" data-end=\"2087\">En ese marco, el jefe de Estado anunci\u00f3 una serie de <strong data-start=\"1836\" data-end=\"1858\">medidas econ\u00f3micas<\/strong> con el objetivo de frenar el encarecimiento de productos de la canasta familiar. Entre ellas, destac\u00f3 la <strong data-start=\"1964\" data-end=\"1999\">militarizaci\u00f3n de las fronteras<\/strong> para enfrentar el <strong data-start=\"2018\" data-end=\"2046\">contrabando a la inversa<\/strong>, que estar\u00eda provocando escasez interna.<\/p>\n<blockquote data-start=\"2089\" data-end=\"2268\">\n<p data-start=\"2091\" data-end=\"2268\">\u201cVamos a tomar el control de nuestras fronteras con apoyo de las Fuerzas Armadas para frenar el contrabando que saca nuestros productos subsidiados fuera del pa\u00eds\u201d, se\u00f1al\u00f3 Arce.<\/p>\n<\/blockquote>\n<p data-start=\"2270\" data-end=\"2543\">Tambi\u00e9n anunci\u00f3 que <strong data-start=\"2290\" data-end=\"2351\">en los pr\u00f3ximos d\u00edas se emitir\u00e1n varios decretos supremos<\/strong>, orientados a fortalecer el control de precios y garantizar el abastecimiento de alimentos, as\u00ed como endurecer las sanciones contra quienes especulen o encarezcan productos sin justificaci\u00f3n.<\/p>\n<p data-start=\"2545\" data-end=\"2879\">El anuncio llega en un momento de <strong data-start=\"2579\" data-end=\"2611\">tensi\u00f3n econ\u00f3mica y pol\u00edtica<\/strong>, en el que diversas organizaciones han denunciado escasez y subida de precios, mientras sectores afines al expresidente Evo Morales han convocado <strong data-start=\"2758\" data-end=\"2813\">movilizaciones masivas para el 26 de mayo en La Paz<\/strong>, exigiendo la renuncia del Gobierno y de autoridades electorales.<\/p>\n<p data-start=\"2881\" data-end=\"3043\">Arce insisti\u00f3 en que no permitir\u00e1 la manipulaci\u00f3n de la econom\u00eda con fines pol\u00edticos, y llam\u00f3 a la poblaci\u00f3n a no dejarse llevar por rumores o desinformaciones:<\/p>\n<blockquote data-start=\"3044\" data-end=\"3185\">\n<p data-start=\"3046\" data-end=\"3185\">\u201cEstamos trabajando para garantizar estabilidad econ\u00f3mica. No vamos a permitir que intereses electorales desestabilicen al pa\u00eds\u201d, concluy\u00f3.<\/p>\n<\/blockquote>\n","protected":false},"excerpt":{"rendered":"<p>El presidente del Estado, Luis Arce Catacora, asegur\u00f3 este viernes que la especulaci\u00f3n en los&#8230;<\/p>\n","protected":false},"author":1,"featured_media":1015,"comment_status":"closed","ping_status":"open","sticky":false,"template":"","format":"standard","meta":{"footnotes":""},"categories":[41,43],"tags":[188,187,191,186,69,185,190,92,189,103],"class_list":["post-1014","post","type-post","status-publish","format-standard","has-post-thumbnail","hentry","category-electoral","category-politica","tag-canasta-familiar","tag-contrabando","tag-decretos-supremos","tag-economia","tag-elecciones-2025","tag-especulacion","tag-fronteras","tag-luis-arce","tag-militares","tag-politica-boliviana"],"featured_image_urls":{"full":["https:\/\/capitalfmbolivia.com\/web\/wp-content\/uploads\/2025\/05\/Screenshot-2025-05-23-213021.png",1662,923,false],"thumbnail":["https:\/\/capitalfmbolivia.com\/web\/wp-content\/uploads\/2025\/05\/Screenshot-2025-05-23-213021-150x150.png",150,150,true],"medium":["https:\/\/capitalfmbolivia.com\/web\/wp-content\/uploads\/2025\/05\/Screenshot-2025-05-23-213021-300x167.png",300,167,true],"medium_large":["https:\/\/capitalfmbolivia.com\/web\/wp-content\/uploads\/2025\/05\/Screenshot-2025-05-23-213021-768x427.png",640,356,true],"large":["https:\/\/capitalfmbolivia.com\/web\/wp-content\/uploads\/2025\/05\/Screenshot-2025-05-23-213021-1024x569.png",640,356,true],"1536x1536":["https:\/\/capitalfmbolivia.com\/web\/wp-content\/uploads\/2025\/05\/Screenshot-2025-05-23-213021-1536x853.png",1536,853,true],"2048x2048":["https:\/\/capitalfmbolivia.com\/web\/wp-content\/uploads\/2025\/05\/Screenshot-2025-05-23-213021.png",1662,923,false],"newsphere-slider-full":["https:\/\/capitalfmbolivia.com\/web\/wp-content\/uploads\/2025\/05\/Screenshot-2025-05-23-213021-1280x720.png",1280,720,true],"newsphere-featured":["https:\/\/capitalfmbolivia.com\/web\/wp-content\/uploads\/2025\/05\/Screenshot-2025-05-23-213021-1024x569.png",1024,569,true],"newsphere-medium":["https:\/\/capitalfmbolivia.com\/web\/wp-content\/uploads\/2025\/05\/Screenshot-2025-05-23-213021-720x380.png",720,380,true]},"author_info":{"display_name":"redchuqui","author_link":"https:\/\/capitalfmbolivia.com\/web\/author\/redchuqui\/"},"category_info":"<a href=\"https:\/\/capitalfmbolivia.com\/web\/category\/nacional\/electoral\/\" rel=\"category tag\">Electoral<\/a> <a href=\"https:\/\/capitalfmbolivia.com\/web\/category\/nacional\/politica\/\" rel=\"category tag\">Politica<\/a>","tag_info":"Politica","comment_count":"0","_links":{"self":[{"href":"https:\/\/capitalfmbolivia.com\/web\/wp-json\/wp\/v2\/posts\/1014","targetHints":{"allow":["GET"]}}],"collection":[{"href":"https:\/\/capitalfmbolivia.com\/web\/wp-json\/wp\/v2\/posts"}],"about":[{"href":"https:\/\/capitalfmbolivia.com\/web\/wp-json\/wp\/v2\/types\/post"}],"author":[{"embeddable":true,"href":"https:\/\/capitalfmbolivia.com\/web\/wp-json\/wp\/v2\/users\/1"}],"replies":[{"embeddable":true,"href":"https:\/\/capitalfmbolivia.com\/web\/wp-json\/wp\/v2\/comments?post=1014"}],"version-history":[{"count":1,"href":"https:\/\/capitalfmbolivia.com\/web\/wp-json\/wp\/v2\/posts\/1014\/revisions"}],"predecessor-version":[{"id":1016,"href":"https:\/\/capitalfmbolivia.com\/web\/wp-json\/wp\/v2\/posts\/1014\/revisions\/1016"}],"wp:featuredmedia":[{"embeddable":true,"href":"https:\/\/capitalfmbolivia.com\/web\/wp-json\/wp\/v2\/media\/1015"}],"wp:attachment":[{"href":"https:\/\/capitalfmbolivia.com\/web\/wp-json\/wp\/v2\/media?parent=1014"}],"wp:term":[{"taxonomy":"category","embeddable":true,"href":"https:\/\/capitalfmbolivia.com\/web\/wp-json\/wp\/v2\/categories?post=1014"},{"taxonomy":"post_tag","embeddable":true,"href":"https:\/\/capitalfmbolivia.com\/web\/wp-json\/wp\/v2\/tags?post=1014"}],"curies":[{"name":"wp","href":"https:\/\/api.w.org\/{rel}","templated":true}]}}