{"id":1017,"date":"2025-05-23T22:45:11","date_gmt":"2025-05-24T02:45:11","guid":{"rendered":"https:\/\/votabolivia.com\/main\/web\/?p=1017"},"modified":"2025-05-24T01:13:27","modified_gmt":"2025-05-24T05:13:27","slug":"alvaro-garcia-linera-sobre-arce-y-evo-no-hablo-con-ninguno-de-los-dos-me-aburren","status":"publish","type":"post","link":"https:\/\/capitalfmbolivia.com\/web\/nacional\/politica\/2025\/05\/23\/1017\/","title":{"rendered":"\u00c1lvaro Garc\u00eda Linera sobre Arce y Evo: \u201cNo hablo con ninguno de los dos, me aburren\u201d"},"content":{"rendered":"<p data-start=\"1210\" data-end=\"1578\">Desde Argentina, el exvicepresidente del Estado Plurinacional de Bolivia, \u00c1lvaro Garc\u00eda Linera, brind\u00f3 declaraciones que generaron impacto pol\u00edtico en el pa\u00eds. En una entrevista con un medio argentino, expres\u00f3 su distanciamiento total de Evo Morales y del actual presidente Luis Arce Catacora, afirmando con contundencia: \u201cNo hablo con ninguno de los dos, me aburren\u201d.<\/p>\n<p data-start=\"1580\" data-end=\"1864\">Garc\u00eda Linera, quien fue una figura clave durante los gobiernos del Movimiento al Socialismo (MAS), cuestion\u00f3 las disputas internas entre sus excompa\u00f1eros de partido. \u201cMe aburren los dos\u201d, reiter\u00f3, y remarc\u00f3 que las acusaciones mutuas entre Morales y Arce no interesan a la poblaci\u00f3n.<\/p>\n<p data-start=\"1866\" data-end=\"2094\">Durante la entrevista, tambi\u00e9n expuso lo que considera deber\u00eda ser la nueva agenda pol\u00edtica del pa\u00eds. \u201cYo no quiero hablar con ellos, pero intento ir proponiendo otros ejes de debate, aunque eso me provoque enemistades\u201d, indic\u00f3.<\/p>\n<p data-start=\"1866\" data-end=\"2094\"><iframe loading=\"lazy\" title=\"YouTube video player\" src=\"https:\/\/www.youtube.com\/embed\/I5-BhaQjVuI\" width=\"560\" height=\"315\" frameborder=\"0\" allowfullscreen=\"allowfullscreen\"><span data-mce-type=\"bookmark\" style=\"display: inline-block; width: 0px; overflow: hidden; line-height: 0;\" class=\"mce_SELRES_start\">\ufeff<\/span><\/iframe><\/p>\n<p data-start=\"2096\" data-end=\"2126\">Entre sus propuestas, destac\u00f3:<\/p>\n<ul data-start=\"2128\" data-end=\"2440\">\n<li data-start=\"2128\" data-end=\"2171\">\n<p data-start=\"2130\" data-end=\"2171\">Mayor control sobre el comercio exterior.<\/p>\n<\/li>\n<li data-start=\"2172\" data-end=\"2213\">\n<p data-start=\"2174\" data-end=\"2213\">Rechazo a privatizar empresas p\u00fablicas.<\/p>\n<\/li>\n<li data-start=\"2214\" data-end=\"2255\">\n<p data-start=\"2216\" data-end=\"2255\">Mantenimiento de la subvenci\u00f3n estatal.<\/p>\n<\/li>\n<li data-start=\"2256\" data-end=\"2327\">\n<p data-start=\"2258\" data-end=\"2327\">Promoci\u00f3n de pol\u00edticas industriosas que reduzcan la tasa de ganancia.<\/p>\n<\/li>\n<li data-start=\"2328\" data-end=\"2376\">\n<p data-start=\"2330\" data-end=\"2376\">Aumento de impuestos a los sectores m\u00e1s ricos.<\/p>\n<\/li>\n<li data-start=\"2377\" data-end=\"2440\">\n<p data-start=\"2379\" data-end=\"2440\">Creaci\u00f3n de una renta digna para personas mayores de 60 a\u00f1os.<\/p>\n<\/li>\n<\/ul>\n<p data-start=\"2442\" data-end=\"2598\">Estas declaraciones reflejan un intento de distanciamiento y renovaci\u00f3n dentro del espacio pol\u00edtico que ocup\u00f3 durante m\u00e1s de una d\u00e9cada junto a Evo Morales.<\/p>\n<p data-start=\"2442\" data-end=\"2598\"><iframe loading=\"lazy\" title=\"YouTube video player\" src=\"https:\/\/www.youtube.com\/embed\/QNunT5FyTyc?si=cGJeMkCZYYcK9g3y\" width=\"560\" height=\"315\" frameborder=\"0\" allowfullscreen=\"allowfullscreen\"><\/iframe><\/p>\n","protected":false},"excerpt":{"rendered":"<p>Desde Argentina, el exvicepresidente del Estado Plurinacional de Bolivia, \u00c1lvaro Garc\u00eda Linera, brind\u00f3 declaraciones que&#8230;<\/p>\n","protected":false},"author":1,"featured_media":1018,"comment_status":"closed","ping_status":"open","sticky":false,"template":"","format":"standard","meta":{"footnotes":""},"categories":[43],"tags":[192,199,198,197,201,196,193,200,194,83,195],"class_list":["post-1017","post","type-post","status-publish","format-standard","has-post-thumbnail","hentry","category-politica","tag-alvarogarcialinera","tag-bolivia2025","tag-crisispolitica","tag-declaraciones","tag-elecciones2025","tag-entrevista","tag-evomorales","tag-exvicepresidente","tag-luisarce","tag-mas","tag-politicaboliviana"],"featured_image_urls":{"full":["https:\/\/capitalfmbolivia.com\/web\/wp-content\/uploads\/2025\/05\/EHN7MUGP4BDCBGVEC5DSCAGSNA1.jpg",1200,800,false],"thumbnail":["https:\/\/capitalfmbolivia.com\/web\/wp-content\/uploads\/2025\/05\/EHN7MUGP4BDCBGVEC5DSCAGSNA1-150x150.jpg",150,150,true],"medium":["https:\/\/capitalfmbolivia.com\/web\/wp-content\/uploads\/2025\/05\/EHN7MUGP4BDCBGVEC5DSCAGSNA1-300x200.jpg",300,200,true],"medium_large":["https:\/\/capitalfmbolivia.com\/web\/wp-content\/uploads\/2025\/05\/EHN7MUGP4BDCBGVEC5DSCAGSNA1-768x512.jpg",640,427,true],"large":["https:\/\/capitalfmbolivia.com\/web\/wp-content\/uploads\/2025\/05\/EHN7MUGP4BDCBGVEC5DSCAGSNA1-1024x683.jpg",640,427,true],"1536x1536":["https:\/\/capitalfmbolivia.com\/web\/wp-content\/uploads\/2025\/05\/EHN7MUGP4BDCBGVEC5DSCAGSNA1.jpg",1200,800,false],"2048x2048":["https:\/\/capitalfmbolivia.com\/web\/wp-content\/uploads\/2025\/05\/EHN7MUGP4BDCBGVEC5DSCAGSNA1.jpg",1200,800,false],"newsphere-slider-full":["https:\/\/capitalfmbolivia.com\/web\/wp-content\/uploads\/2025\/05\/EHN7MUGP4BDCBGVEC5DSCAGSNA1-1200x720.jpg",1200,720,true],"newsphere-featured":["https:\/\/capitalfmbolivia.com\/web\/wp-content\/uploads\/2025\/05\/EHN7MUGP4BDCBGVEC5DSCAGSNA1-1024x683.jpg",1024,683,true],"newsphere-medium":["https:\/\/capitalfmbolivia.com\/web\/wp-content\/uploads\/2025\/05\/EHN7MUGP4BDCBGVEC5DSCAGSNA1-720x380.jpg",720,380,true]},"author_info":{"display_name":"redchuqui","author_link":"https:\/\/capitalfmbolivia.com\/web\/author\/redchuqui\/"},"category_info":"<a href=\"https:\/\/capitalfmbolivia.com\/web\/category\/nacional\/politica\/\" rel=\"category tag\">Politica<\/a>","tag_info":"Politica","comment_count":"0","_links":{"self":[{"href":"https:\/\/capitalfmbolivia.com\/web\/wp-json\/wp\/v2\/posts\/1017","targetHints":{"allow":["GET"]}}],"collection":[{"href":"https:\/\/capitalfmbolivia.com\/web\/wp-json\/wp\/v2\/posts"}],"about":[{"href":"https:\/\/capitalfmbolivia.com\/web\/wp-json\/wp\/v2\/types\/post"}],"author":[{"embeddable":true,"href":"https:\/\/capitalfmbolivia.com\/web\/wp-json\/wp\/v2\/users\/1"}],"replies":[{"embeddable":true,"href":"https:\/\/capitalfmbolivia.com\/web\/wp-json\/wp\/v2\/comments?post=1017"}],"version-history":[{"count":2,"href":"https:\/\/capitalfmbolivia.com\/web\/wp-json\/wp\/v2\/posts\/1017\/revisions"}],"predecessor-version":[{"id":1020,"href":"https:\/\/capitalfmbolivia.com\/web\/wp-json\/wp\/v2\/posts\/1017\/revisions\/1020"}],"wp:featuredmedia":[{"embeddable":true,"href":"https:\/\/capitalfmbolivia.com\/web\/wp-json\/wp\/v2\/media\/1018"}],"wp:attachment":[{"href":"https:\/\/capitalfmbolivia.com\/web\/wp-json\/wp\/v2\/media?parent=1017"}],"wp:term":[{"taxonomy":"category","embeddable":true,"href":"https:\/\/capitalfmbolivia.com\/web\/wp-json\/wp\/v2\/categories?post=1017"},{"taxonomy":"post_tag","embeddable":true,"href":"https:\/\/capitalfmbolivia.com\/web\/wp-json\/wp\/v2\/tags?post=1017"}],"curies":[{"name":"wp","href":"https:\/\/api.w.org\/{rel}","templated":true}]}}