{"id":1021,"date":"2025-05-24T00:57:06","date_gmt":"2025-05-24T04:57:06","guid":{"rendered":"https:\/\/votabolivia.com\/main\/web\/?p=1021"},"modified":"2025-05-24T01:13:27","modified_gmt":"2025-05-24T05:13:27","slug":"concejal-del-beni-lanza-expresion-regionalista-en-apoyo-a-tuto-quiroga-y-genera-polemica","status":"publish","type":"post","link":"https:\/\/capitalfmbolivia.com\/web\/nacional\/electoral\/2025\/05\/24\/1021\/","title":{"rendered":"Concejal del Beni lanza expresi\u00f3n regionalista en apoyo a Tuto Quiroga y genera pol\u00e9mica"},"content":{"rendered":"<p data-start=\"1091\" data-end=\"1346\">Una nueva controversia se gener\u00f3 en el escenario pol\u00edtico nacional luego de que Arnoldo M\u00e9ndez, vicepresidente del Concejo Municipal del Beni y militante de la alianza Libre en ese departamento, pronunciara un discurso considerado ofensivo y regionalista.<\/p>\n<p data-start=\"1348\" data-end=\"1697\">Durante un acto p\u00fablico de respaldo a la candidatura presidencial de Jorge \u201cTuto\u201d Quiroga, M\u00e9ndez declar\u00f3:<br data-start=\"1454\" data-end=\"1457\" \/><strong data-start=\"1457\" data-end=\"1623\">\u201cSi Tuto Quiroga es presidente, las 53 instituciones del departamento ser\u00e1n para el pueblo y no para los collas de mierd\u2026 para qu\u00e9 vengan y nos falten el respeto\u201d<\/strong>, palabras que causaron inmediatas reacciones por su tono discriminatorio.<\/p>\n<p data-start=\"1348\" data-end=\"1697\"><iframe loading=\"lazy\" title=\"YouTube video player\" src=\"https:\/\/www.youtube.com\/embed\/nM-zMofTL38\" width=\"560\" height=\"315\" frameborder=\"0\" allowfullscreen=\"allowfullscreen\"><span data-mce-type=\"bookmark\" style=\"display: inline-block; width: 0px; overflow: hidden; line-height: 0;\" class=\"mce_SELRES_start\">\ufeff<\/span><\/iframe><\/p>\n<p data-start=\"1699\" data-end=\"1980\">La frase, dirigida a personas del occidente del pa\u00eds, fue pronunciada en un contexto de exaltaci\u00f3n regional y defensa de los intereses del Beni, pero ha sido ampliamente criticada por sectores pol\u00edticos y sociales que consideran que promueve la divisi\u00f3n y el odio entre bolivianos.<\/p>\n<p data-start=\"1982\" data-end=\"2277\">Diversas organizaciones ya han exigido una disculpa p\u00fablica y la intervenci\u00f3n del Comit\u00e9 Nacional contra el Racismo y toda forma de Discriminaci\u00f3n. No se ha emitido, hasta el momento, una respuesta oficial por parte de Jorge Tuto Quiroga ni de la alianza Libre sobre las declaraciones de M\u00e9ndez.<\/p>\n<p data-start=\"2279\" data-end=\"2435\">La situaci\u00f3n podr\u00eda escalar, dado que Bolivia atraviesa un clima pol\u00edtico polarizado en plena carrera electoral hacia los comicios del 17 de agosto de 2025.<\/p>\n","protected":false},"excerpt":{"rendered":"<p>Una nueva controversia se gener\u00f3 en el escenario pol\u00edtico nacional luego de que Arnoldo M\u00e9ndez,&#8230;<\/p>\n","protected":false},"author":1,"featured_media":1022,"comment_status":"closed","ping_status":"open","sticky":false,"template":"","format":"standard","meta":{"footnotes":""},"categories":[41],"tags":[203,202,208,210,205,201,207,209,195,206,204],"class_list":["post-1021","post","type-post","status-publish","format-standard","has-post-thumbnail","hentry","category-electoral","tag-arnoldomendez","tag-beni","tag-collas","tag-discriminacion","tag-discursopolemico","tag-elecciones2025","tag-libre","tag-orienteoccidente","tag-politicaboliviana","tag-regionalismo","tag-tutoquiroga"],"featured_image_urls":{"full":["https:\/\/capitalfmbolivia.com\/web\/wp-content\/uploads\/2025\/05\/Screenshot-2025-05-24-005230.png",1739,948,false],"thumbnail":["https:\/\/capitalfmbolivia.com\/web\/wp-content\/uploads\/2025\/05\/Screenshot-2025-05-24-005230-150x150.png",150,150,true],"medium":["https:\/\/capitalfmbolivia.com\/web\/wp-content\/uploads\/2025\/05\/Screenshot-2025-05-24-005230-300x164.png",300,164,true],"medium_large":["https:\/\/capitalfmbolivia.com\/web\/wp-content\/uploads\/2025\/05\/Screenshot-2025-05-24-005230-768x419.png",640,349,true],"large":["https:\/\/capitalfmbolivia.com\/web\/wp-content\/uploads\/2025\/05\/Screenshot-2025-05-24-005230-1024x558.png",640,349,true],"1536x1536":["https:\/\/capitalfmbolivia.com\/web\/wp-content\/uploads\/2025\/05\/Screenshot-2025-05-24-005230-1536x837.png",1536,837,true],"2048x2048":["https:\/\/capitalfmbolivia.com\/web\/wp-content\/uploads\/2025\/05\/Screenshot-2025-05-24-005230.png",1739,948,false],"newsphere-slider-full":["https:\/\/capitalfmbolivia.com\/web\/wp-content\/uploads\/2025\/05\/Screenshot-2025-05-24-005230-1280x720.png",1280,720,true],"newsphere-featured":["https:\/\/capitalfmbolivia.com\/web\/wp-content\/uploads\/2025\/05\/Screenshot-2025-05-24-005230-1024x558.png",1024,558,true],"newsphere-medium":["https:\/\/capitalfmbolivia.com\/web\/wp-content\/uploads\/2025\/05\/Screenshot-2025-05-24-005230-720x380.png",720,380,true]},"author_info":{"display_name":"redchuqui","author_link":"https:\/\/capitalfmbolivia.com\/web\/author\/redchuqui\/"},"category_info":"<a href=\"https:\/\/capitalfmbolivia.com\/web\/category\/nacional\/electoral\/\" rel=\"category tag\">Electoral<\/a>","tag_info":"Electoral","comment_count":"0","_links":{"self":[{"href":"https:\/\/capitalfmbolivia.com\/web\/wp-json\/wp\/v2\/posts\/1021","targetHints":{"allow":["GET"]}}],"collection":[{"href":"https:\/\/capitalfmbolivia.com\/web\/wp-json\/wp\/v2\/posts"}],"about":[{"href":"https:\/\/capitalfmbolivia.com\/web\/wp-json\/wp\/v2\/types\/post"}],"author":[{"embeddable":true,"href":"https:\/\/capitalfmbolivia.com\/web\/wp-json\/wp\/v2\/users\/1"}],"replies":[{"embeddable":true,"href":"https:\/\/capitalfmbolivia.com\/web\/wp-json\/wp\/v2\/comments?post=1021"}],"version-history":[{"count":1,"href":"https:\/\/capitalfmbolivia.com\/web\/wp-json\/wp\/v2\/posts\/1021\/revisions"}],"predecessor-version":[{"id":1023,"href":"https:\/\/capitalfmbolivia.com\/web\/wp-json\/wp\/v2\/posts\/1021\/revisions\/1023"}],"wp:featuredmedia":[{"embeddable":true,"href":"https:\/\/capitalfmbolivia.com\/web\/wp-json\/wp\/v2\/media\/1022"}],"wp:attachment":[{"href":"https:\/\/capitalfmbolivia.com\/web\/wp-json\/wp\/v2\/media?parent=1021"}],"wp:term":[{"taxonomy":"category","embeddable":true,"href":"https:\/\/capitalfmbolivia.com\/web\/wp-json\/wp\/v2\/categories?post=1021"},{"taxonomy":"post_tag","embeddable":true,"href":"https:\/\/capitalfmbolivia.com\/web\/wp-json\/wp\/v2\/tags?post=1021"}],"curies":[{"name":"wp","href":"https:\/\/api.w.org\/{rel}","templated":true}]}}