{"id":1025,"date":"2025-05-24T17:16:34","date_gmt":"2025-05-24T21:16:34","guid":{"rendered":"https:\/\/votabolivia.com\/main\/web\/?p=1025"},"modified":"2025-05-24T17:16:34","modified_gmt":"2025-05-24T21:16:34","slug":"dirigente-reynaldo-ezequiel-afin-a-evo-morales-es-acusado-de-quedarse-con-perro-ajeno-en-santa-cruz","status":"publish","type":"post","link":"https:\/\/capitalfmbolivia.com\/web\/nacional\/justicia\/2025\/05\/24\/1025\/","title":{"rendered":"Dirigente \u00abReynaldo Ezequiel\u00bb af\u00edn a Evo Morales es acusado de quedarse con perro ajeno en Santa Cruz"},"content":{"rendered":"<p data-start=\"322\" data-end=\"580\">Reinaldo Ezequiel, dirigente juvenil cercano a Evo Morales, es acusado de apropiarse indebidamente de un perro bulldog franc\u00e9s llamado Drako en la zona del kil\u00f3metro 6 de la doble v\u00eda a La Guardia. El caso ha generado indignaci\u00f3n vecinal y en redes sociales.<!--more--><\/p>\n<p data-start=\"1165\" data-end=\"1503\">Una inesperada pol\u00e9mica ha generado revuelo en redes sociales y en el barrio Betesda, ubicado en el kil\u00f3metro 6 de la doble v\u00eda a La Guardia en Santa Cruz, luego de que Reinaldo Ezequiel, dirigente juvenil identificado con el ala pol\u00edtica de Evo Morales, fuera acusado de quedarse con un perro de raza bulldog franc\u00e9s que no le pertenece.<\/p>\n<p data-start=\"1505\" data-end=\"1764\">El animal, llamado <strong data-start=\"1524\" data-end=\"1533\">Drako<\/strong>, se extravi\u00f3 el pasado 19 de mayo al escapar del domicilio de su propietaria por un descuido. Posteriormente, una vecina de la zona encontr\u00f3 al cachorro y comparti\u00f3 una publicaci\u00f3n en redes sociales para dar con el due\u00f1o leg\u00edtimo.<\/p>\n<p data-start=\"1505\" data-end=\"1764\"><iframe loading=\"lazy\" style=\"border: none; overflow: hidden;\" src=\"https:\/\/www.facebook.com\/plugins\/post.php?href=https%3A%2F%2Fwww.facebook.com%2Fwatch%2F%3Fv%3D1859331674846134&amp;width=500&amp;show_text=true&amp;appId=1758778655020084&amp;height=481\" width=\"500\" height=\"481\" frameborder=\"0\" scrolling=\"no\" allowfullscreen=\"allowfullscreen\"><\/iframe><\/p>\n<p data-start=\"1766\" data-end=\"2057\">Sin embargo, seg\u00fan la denuncia, fue entonces cuando <strong data-start=\"1818\" data-end=\"1883\">Reinaldo Ezequiel se present\u00f3 afirmando que el perro era suyo<\/strong>, asegurando que hab\u00eda perdido uno parecido hace dos a\u00f1os. Lo ins\u00f3lito es que <strong data-start=\"1961\" data-end=\"2000\">Drako tiene apenas dos a\u00f1os de edad<\/strong>, por lo que no podr\u00eda tratarse del mismo can extraviado.<\/p>\n<p data-start=\"2059\" data-end=\"2438\">Lo m\u00e1s grave del caso es que el dirigente habr\u00eda <strong data-start=\"2108\" data-end=\"2201\">amenazado a la joven que encontr\u00f3 al animal con llamar a la polic\u00eda si no se lo entregaba<\/strong>, sin presentar documentaci\u00f3n ni prueba alguna que avale su supuesta propiedad. Pese a los intentos de la due\u00f1a leg\u00edtima por recuperar a Drako, al presentar incluso su carnet de vacunaci\u00f3n como respaldo, el perro ya hab\u00eda sido entregado.<\/p>\n<p data-start=\"2440\" data-end=\"2615\">A la fecha, Reinaldo Ezequiel <strong data-start=\"2470\" data-end=\"2511\">no ha brindado declaraciones p\u00fablicas<\/strong>, mientras el hecho ha desatado una ola de indignaci\u00f3n vecinal y cuestionamientos por su comportamiento.<\/p>\n<p data-start=\"2617\" data-end=\"2822\">La familia afectada eval\u00faa acciones legales para recuperar a su mascota, mientras el caso sigue sumando cr\u00edticas en redes sociales. Vecinos piden una soluci\u00f3n urgente y denuncian un posible abuso de poder.<\/p>\n","protected":false},"excerpt":{"rendered":"<p>Reinaldo Ezequiel, dirigente juvenil cercano a Evo Morales, es acusado de apropiarse indebidamente de un&#8230;<\/p>\n","protected":false},"author":1,"featured_media":1026,"comment_status":"open","ping_status":"open","sticky":false,"template":"","format":"standard","meta":{"footnotes":""},"categories":[39,40],"tags":[216,217,212,193,220,215,214,219,211,213,218],"class_list":["post-1025","post","type-post","status-publish","format-standard","has-post-thumbnail","hentry","category-justicia","category-seguridad","tag-betesda","tag-bulldogfrances","tag-drako","tag-evomorales","tag-indignacionvecinal","tag-kilometro6","tag-perrorobado","tag-politica","tag-reinaldoezequiel","tag-santacruz","tag-seguridad"],"featured_image_urls":{"full":["https:\/\/capitalfmbolivia.com\/web\/wp-content\/uploads\/2025\/05\/reynaldo-ezequiel-perro.jpg",1280,720,false],"thumbnail":["https:\/\/capitalfmbolivia.com\/web\/wp-content\/uploads\/2025\/05\/reynaldo-ezequiel-perro-150x150.jpg",150,150,true],"medium":["https:\/\/capitalfmbolivia.com\/web\/wp-content\/uploads\/2025\/05\/reynaldo-ezequiel-perro-300x169.jpg",300,169,true],"medium_large":["https:\/\/capitalfmbolivia.com\/web\/wp-content\/uploads\/2025\/05\/reynaldo-ezequiel-perro-768x432.jpg",640,360,true],"large":["https:\/\/capitalfmbolivia.com\/web\/wp-content\/uploads\/2025\/05\/reynaldo-ezequiel-perro-1024x576.jpg",640,360,true],"1536x1536":["https:\/\/capitalfmbolivia.com\/web\/wp-content\/uploads\/2025\/05\/reynaldo-ezequiel-perro.jpg",1280,720,false],"2048x2048":["https:\/\/capitalfmbolivia.com\/web\/wp-content\/uploads\/2025\/05\/reynaldo-ezequiel-perro.jpg",1280,720,false],"newsphere-slider-full":["https:\/\/capitalfmbolivia.com\/web\/wp-content\/uploads\/2025\/05\/reynaldo-ezequiel-perro.jpg",1280,720,false],"newsphere-featured":["https:\/\/capitalfmbolivia.com\/web\/wp-content\/uploads\/2025\/05\/reynaldo-ezequiel-perro-1024x576.jpg",1024,576,true],"newsphere-medium":["https:\/\/capitalfmbolivia.com\/web\/wp-content\/uploads\/2025\/05\/reynaldo-ezequiel-perro-720x380.jpg",720,380,true]},"author_info":{"display_name":"redchuqui","author_link":"https:\/\/capitalfmbolivia.com\/web\/author\/redchuqui\/"},"category_info":"<a href=\"https:\/\/capitalfmbolivia.com\/web\/category\/nacional\/justicia\/\" rel=\"category tag\">Justicia<\/a> <a href=\"https:\/\/capitalfmbolivia.com\/web\/category\/nacional\/seguridad\/\" rel=\"category tag\">Seguridad<\/a>","tag_info":"Seguridad","comment_count":"0","_links":{"self":[{"href":"https:\/\/capitalfmbolivia.com\/web\/wp-json\/wp\/v2\/posts\/1025","targetHints":{"allow":["GET"]}}],"collection":[{"href":"https:\/\/capitalfmbolivia.com\/web\/wp-json\/wp\/v2\/posts"}],"about":[{"href":"https:\/\/capitalfmbolivia.com\/web\/wp-json\/wp\/v2\/types\/post"}],"author":[{"embeddable":true,"href":"https:\/\/capitalfmbolivia.com\/web\/wp-json\/wp\/v2\/users\/1"}],"replies":[{"embeddable":true,"href":"https:\/\/capitalfmbolivia.com\/web\/wp-json\/wp\/v2\/comments?post=1025"}],"version-history":[{"count":1,"href":"https:\/\/capitalfmbolivia.com\/web\/wp-json\/wp\/v2\/posts\/1025\/revisions"}],"predecessor-version":[{"id":1027,"href":"https:\/\/capitalfmbolivia.com\/web\/wp-json\/wp\/v2\/posts\/1025\/revisions\/1027"}],"wp:featuredmedia":[{"embeddable":true,"href":"https:\/\/capitalfmbolivia.com\/web\/wp-json\/wp\/v2\/media\/1026"}],"wp:attachment":[{"href":"https:\/\/capitalfmbolivia.com\/web\/wp-json\/wp\/v2\/media?parent=1025"}],"wp:term":[{"taxonomy":"category","embeddable":true,"href":"https:\/\/capitalfmbolivia.com\/web\/wp-json\/wp\/v2\/categories?post=1025"},{"taxonomy":"post_tag","embeddable":true,"href":"https:\/\/capitalfmbolivia.com\/web\/wp-json\/wp\/v2\/tags?post=1025"}],"curies":[{"name":"wp","href":"https:\/\/api.w.org\/{rel}","templated":true}]}}