{"id":1028,"date":"2025-05-24T17:29:15","date_gmt":"2025-05-24T21:29:15","guid":{"rendered":"https:\/\/votabolivia.com\/main\/web\/?p=1028"},"modified":"2025-05-24T17:29:15","modified_gmt":"2025-05-24T21:29:15","slug":"andronico-se-distancia-de-cronenbold-y-quino-por-investigaciones-en-su-contra-es-una-arremetida-monumental","status":"publish","type":"post","link":"https:\/\/capitalfmbolivia.com\/web\/nacional\/justicia\/2025\/05\/24\/1028\/","title":{"rendered":"Andr\u00f3nico se distancia de Cronenbold y Quino por investigaciones en su contra: \u201cEs una arremetida monumental\u201d"},"content":{"rendered":"<p data-start=\"1355\" data-end=\"1676\">El presidente del Senado y candidato presidencial por Alianza Popular, <strong data-start=\"1426\" data-end=\"1449\">Andr\u00f3nico Rodr\u00edguez<\/strong>, anunci\u00f3 este s\u00e1bado el <strong data-start=\"1474\" data-end=\"1533\">alejamiento temporal de dos figuras clave de su campa\u00f1a<\/strong>: <strong data-start=\"1535\" data-end=\"1555\">Mario Cronenbold<\/strong>, quien ejerc\u00eda como jefe nacional de campa\u00f1a, e <strong data-start=\"1604\" data-end=\"1620\">Israel Quino<\/strong>, su asesor jur\u00eddico y tambi\u00e9n exfuncionario del Senado.<\/p>\n<p data-start=\"1678\" data-end=\"2057\">La decisi\u00f3n fue tomada tras conocerse <strong data-start=\"1716\" data-end=\"1765\">investigaciones judiciales en contra de ambos<\/strong>. En el caso de Israel Quino, se trata de una denuncia ante la Fiscal\u00eda de La Paz por un presunto caso de <strong data-start=\"1871\" data-end=\"1913\">violaci\u00f3n contra una t\u00eda y una sobrina<\/strong>, actualmente en etapa de investigaci\u00f3n. Aunque la denuncia no es reciente, su tratamiento procesal ha sido lento, seg\u00fan reportes period\u00edsticos.<\/p>\n<p data-start=\"2059\" data-end=\"2393\">Por otro lado, <strong data-start=\"2074\" data-end=\"2094\">Mario Cronenbold<\/strong> es investigado en Santa Cruz por <strong data-start=\"2128\" data-end=\"2208\">supuestos v\u00ednculos con el narcotraficante brasile\u00f1o Marco Roberto de Almeida<\/strong>, alias \u201cTuta\u201d, miembro del <strong data-start=\"2236\" data-end=\"2268\">Primer Comando Capital (PCC)<\/strong>, capturado en oficinas del SEGIP cuando intentaba obtener una identidad falsa. Tuta fue posteriormente extraditado a Brasil.<\/p>\n<p data-start=\"2395\" data-end=\"2537\">A trav\u00e9s de su cuenta en Facebook, Rodr\u00edguez expres\u00f3 que el alejamiento busca evitar que los casos personales contaminen el \u00e1mbito pol\u00edtico:<\/p>\n<blockquote data-start=\"2538\" data-end=\"2815\">\n<p data-start=\"2540\" data-end=\"2815\">\u201cRespecto al abogado Israel Quino y al hermano Mario Cronenbold, se procedi\u00f3 a su alejamiento temporal mientras se esclarecen los casos que pesan en su contra, con el fin de no contaminar temas pol\u00edticos y garantizar la libertad de esclarecimiento, sin interferencia alguna\u201d.<\/p>\n<\/blockquote>\n<p data-start=\"2817\" data-end=\"2935\">El legislador atribuy\u00f3 estas denuncias a lo que calific\u00f3 como una <strong data-start=\"2883\" data-end=\"2910\">\u201carremetida monumental\u201d<\/strong> contra su candidatura:<\/p>\n<blockquote data-start=\"2936\" data-end=\"3055\">\n<p data-start=\"2938\" data-end=\"3055\">\u201cEstamos en una batalla jur\u00eddica contra una corporaci\u00f3n de poder que quiere afectar al sistema democr\u00e1tico del pa\u00eds\u201d.<\/p>\n<\/blockquote>\n<p data-start=\"3057\" data-end=\"3224\">Rodr\u00edguez tambi\u00e9n se\u00f1al\u00f3 que su alianza pol\u00edtica, Alianza Popular, est\u00e1 siendo objeto de una vigilancia constante por parte de medios, analistas y actores pol\u00edticos.<\/p>\n<blockquote data-start=\"3225\" data-end=\"3347\">\n<p data-start=\"3227\" data-end=\"3347\">\u201cSomos el blanco de ataques, an\u00e1lisis permanentes y evaluaciones. Todo esto debe convertirse en un motivo de fortaleza\u201d.<\/p>\n<\/blockquote>\n<p data-start=\"3349\" data-end=\"3558\">Finalmente, convoc\u00f3 a sus bases sociales a <strong data-start=\"3392\" data-end=\"3436\">mantenerse movilizadas y en pie de lucha<\/strong>, asegurando que en los pr\u00f3ximos d\u00edas se tomar\u00e1n decisiones colectivas de cara a las elecciones presidenciales de octubre.<\/p>\n<p data-start=\"3560\" data-end=\"3802\"><strong data-start=\"3560\" data-end=\"3579\">Desde el Senado<\/strong>, se confirm\u00f3 tambi\u00e9n el retiro de Israel Quino de sus funciones institucionales, se\u00f1alando en un comunicado que las denuncias en su contra son de <strong data-start=\"3726\" data-end=\"3761\">car\u00e1cter estrictamente personal<\/strong> y deber\u00e1n ser resueltas por la justicia.<\/p>\n<p data-start=\"3804\" data-end=\"4047\">En cuanto a Cronenbold, la <strong data-start=\"3831\" data-end=\"3872\">agrupaci\u00f3n MTS y su l\u00edder F\u00e9lix Patzi<\/strong> confirmaron su salida, se\u00f1alando adem\u00e1s que hubo diferencias estrat\u00e9gicas, especialmente por la <strong data-start=\"3969\" data-end=\"4021\">falta de enfoque nacional e integraci\u00f3n regional<\/strong> en los planes de campa\u00f1a.<\/p>\n<p data-start=\"4049\" data-end=\"4284\">Se espera que en los pr\u00f3ximos d\u00edas se anuncie a los nuevos responsables de las funciones dejadas por ambos. Mientras tanto, la candidatura de Rodr\u00edguez entra en una fase compleja marcada por la controversia y el reordenamiento interno.<\/p>\n","protected":false},"excerpt":{"rendered":"<p>El presidente del Senado y candidato presidencial por Alianza Popular, Andr\u00f3nico Rodr\u00edguez, anunci\u00f3 este s\u00e1bado&#8230;<\/p>\n","protected":false},"author":1,"featured_media":939,"comment_status":"closed","ping_status":"open","sticky":false,"template":"","format":"standard","meta":{"footnotes":""},"categories":[41,39],"tags":[],"class_list":["post-1028","post","type-post","status-publish","format-standard","has-post-thumbnail","hentry","category-electoral","category-justicia"],"featured_image_urls":{"full":["https:\/\/capitalfmbolivia.com\/web\/wp-content\/uploads\/2025\/05\/md1.webp",992,591,false],"thumbnail":["https:\/\/capitalfmbolivia.com\/web\/wp-content\/uploads\/2025\/05\/md1-150x150.webp",150,150,true],"medium":["https:\/\/capitalfmbolivia.com\/web\/wp-content\/uploads\/2025\/05\/md1-300x179.webp",300,179,true],"medium_large":["https:\/\/capitalfmbolivia.com\/web\/wp-content\/uploads\/2025\/05\/md1-768x458.webp",640,382,true],"large":["https:\/\/capitalfmbolivia.com\/web\/wp-content\/uploads\/2025\/05\/md1.webp",640,381,false],"1536x1536":["https:\/\/capitalfmbolivia.com\/web\/wp-content\/uploads\/2025\/05\/md1.webp",992,591,false],"2048x2048":["https:\/\/capitalfmbolivia.com\/web\/wp-content\/uploads\/2025\/05\/md1.webp",992,591,false],"newsphere-slider-full":["https:\/\/capitalfmbolivia.com\/web\/wp-content\/uploads\/2025\/05\/md1.webp",992,591,false],"newsphere-featured":["https:\/\/capitalfmbolivia.com\/web\/wp-content\/uploads\/2025\/05\/md1.webp",992,591,false],"newsphere-medium":["https:\/\/capitalfmbolivia.com\/web\/wp-content\/uploads\/2025\/05\/md1-720x380.webp",720,380,true]},"author_info":{"display_name":"redchuqui","author_link":"https:\/\/capitalfmbolivia.com\/web\/author\/redchuqui\/"},"category_info":"<a href=\"https:\/\/capitalfmbolivia.com\/web\/category\/nacional\/electoral\/\" rel=\"category tag\">Electoral<\/a> <a href=\"https:\/\/capitalfmbolivia.com\/web\/category\/nacional\/justicia\/\" rel=\"category tag\">Justicia<\/a>","tag_info":"Justicia","comment_count":"0","_links":{"self":[{"href":"https:\/\/capitalfmbolivia.com\/web\/wp-json\/wp\/v2\/posts\/1028","targetHints":{"allow":["GET"]}}],"collection":[{"href":"https:\/\/capitalfmbolivia.com\/web\/wp-json\/wp\/v2\/posts"}],"about":[{"href":"https:\/\/capitalfmbolivia.com\/web\/wp-json\/wp\/v2\/types\/post"}],"author":[{"embeddable":true,"href":"https:\/\/capitalfmbolivia.com\/web\/wp-json\/wp\/v2\/users\/1"}],"replies":[{"embeddable":true,"href":"https:\/\/capitalfmbolivia.com\/web\/wp-json\/wp\/v2\/comments?post=1028"}],"version-history":[{"count":1,"href":"https:\/\/capitalfmbolivia.com\/web\/wp-json\/wp\/v2\/posts\/1028\/revisions"}],"predecessor-version":[{"id":1029,"href":"https:\/\/capitalfmbolivia.com\/web\/wp-json\/wp\/v2\/posts\/1028\/revisions\/1029"}],"wp:featuredmedia":[{"embeddable":true,"href":"https:\/\/capitalfmbolivia.com\/web\/wp-json\/wp\/v2\/media\/939"}],"wp:attachment":[{"href":"https:\/\/capitalfmbolivia.com\/web\/wp-json\/wp\/v2\/media?parent=1028"}],"wp:term":[{"taxonomy":"category","embeddable":true,"href":"https:\/\/capitalfmbolivia.com\/web\/wp-json\/wp\/v2\/categories?post=1028"},{"taxonomy":"post_tag","embeddable":true,"href":"https:\/\/capitalfmbolivia.com\/web\/wp-json\/wp\/v2\/tags?post=1028"}],"curies":[{"name":"wp","href":"https:\/\/api.w.org\/{rel}","templated":true}]}}