{"id":1030,"date":"2025-05-24T17:46:26","date_gmt":"2025-05-24T21:46:26","guid":{"rendered":"https:\/\/votabolivia.com\/main\/web\/?p=1030"},"modified":"2025-05-24T17:46:26","modified_gmt":"2025-05-24T21:46:26","slug":"marcelo-claure-advierte-sobre-crisis-inminente-para-el-proximo-presidente-de-bolivia","status":"publish","type":"post","link":"https:\/\/capitalfmbolivia.com\/web\/nacional\/electoral\/2025\/05\/24\/1030\/","title":{"rendered":"Marcelo Claure advierte sobre crisis inminente para el pr\u00f3ximo presidente de Bolivia"},"content":{"rendered":"<p data-start=\"1339\" data-end=\"1755\">En un encuentro realizado en Estados Unidos con la participaci\u00f3n de <strong data-start=\"1407\" data-end=\"1457\">candidatos de derecha, analistas y empresarios<\/strong>, el reconocido empresario boliviano <strong data-start=\"1494\" data-end=\"1512\">Marcelo Claure<\/strong> lanz\u00f3 una fuerte advertencia sobre el futuro econ\u00f3mico de Bolivia. Seg\u00fan sus declaraciones, <strong data-start=\"1605\" data-end=\"1674\">el pr\u00f3ximo presidente deber\u00e1 enfrentar una crisis sin precedentes<\/strong>, m\u00e1s all\u00e1 del simple hecho de ganar las elecciones del <strong data-start=\"1730\" data-end=\"1754\">17 de agosto de 2025<\/strong>.<\/p>\n<blockquote data-start=\"1757\" data-end=\"1987\">\n<p data-start=\"1759\" data-end=\"1987\">\u201cA m\u00ed no me preocupa ganar las elecciones. Me preocupa lo que viene el d\u00eda despu\u00e9s. Porque gobernar Bolivia hoy no es llegar al poder, es enfrentar una bomba de tiempo\u201d, expres\u00f3 Claure a trav\u00e9s de su cuenta de X (antes Twitter).<\/p>\n<\/blockquote>\n<p data-start=\"1989\" data-end=\"2329\">Durante el evento denominado <strong data-start=\"2018\" data-end=\"2037\">Bolivia 360 Day<\/strong>, Claure subray\u00f3 que el pa\u00eds se encuentra al borde de una crisis estructural: <strong data-start=\"2115\" data-end=\"2266\">sin reservas internacionales, con una econom\u00eda estancada, una inflaci\u00f3n creciente, una deuda externa insostenible, subsidios imposibles de mantener<\/strong>, y con <strong data-start=\"2274\" data-end=\"2328\">sistemas de salud y educaci\u00f3n al borde del colapso<\/strong>.<\/p>\n<blockquote data-start=\"2331\" data-end=\"2484\">\n<p data-start=\"2333\" data-end=\"2484\">\u201cSi no hacemos los ajustes ahora, en dos a\u00f1os no habr\u00e1 ni gas para cocinar. Vamos a tener que prender fuego con las puertas de nuestras casas\u201d, alert\u00f3.<\/p>\n<\/blockquote>\n<p data-start=\"2486\" data-end=\"2665\">Tambi\u00e9n particip\u00f3 en el evento <strong data-start=\"2517\" data-end=\"2540\">Samuel Doria Medina<\/strong>, candidato presidencial por Unidad, quien sostuvo que Bolivia vive la peor crisis econ\u00f3mica en las \u00faltimas cuatro d\u00e9cadas:<\/p>\n<blockquote data-start=\"2666\" data-end=\"2819\">\n<p data-start=\"2668\" data-end=\"2819\">\u201cSe nacionaliz\u00f3 la gallina de los huevos de oro, y con ello se mat\u00f3 a la gallina\u201d, dijo en alusi\u00f3n a la pol\u00edtica energ\u00e9tica de las \u00faltimas dos d\u00e9cadas.<\/p>\n<\/blockquote>\n<p data-start=\"2821\" data-end=\"2966\">Claure enfatiz\u00f3 que <strong data-start=\"2841\" data-end=\"2894\">Bolivia no necesita simplemente un nuevo gobierno<\/strong>, sino un liderazgo que hable con la verdad, por m\u00e1s dolorosa que sea.<\/p>\n<blockquote data-start=\"2967\" data-end=\"3083\">\n<p data-start=\"2969\" data-end=\"3083\">\u201cBolivia no necesita un ganador. Necesita un l\u00edder con el coraje de decir la verdad y tomar decisiones valientes\u201d.<\/p>\n<\/blockquote>\n<p data-start=\"3085\" data-end=\"3316\">Este llamado a la acci\u00f3n resalta la urgencia de <strong data-start=\"3133\" data-end=\"3175\">tomar medidas estructurales inmediatas<\/strong> para revertir el deterioro econ\u00f3mico y social. De lo contrario, el pa\u00eds podr\u00eda enfrentar una situaci\u00f3n a\u00fan m\u00e1s cr\u00edtica en los pr\u00f3ximos a\u00f1os.<\/p>\n","protected":false},"excerpt":{"rendered":"<p>En un encuentro realizado en Estados Unidos con la participaci\u00f3n de candidatos de derecha, analistas&#8230;<\/p>\n","protected":false},"author":1,"featured_media":1031,"comment_status":"closed","ping_status":"open","sticky":false,"template":"","format":"standard","meta":{"footnotes":""},"categories":[41],"tags":[199,224,223,229,222,228,221,227,225,226],"class_list":["post-1030","post","type-post","status-publish","format-standard","has-post-thumbnail","hentry","category-electoral","tag-bolivia2025","tag-bolivia360day","tag-crisiseconomica","tag-economiaboliviana","tag-eleccionesbolivia","tag-inflacionbolivia","tag-marceloclaure","tag-reservasinternacionales","tag-samueldoriamedina","tag-unidadnacional"],"featured_image_urls":{"full":["https:\/\/capitalfmbolivia.com\/web\/wp-content\/uploads\/2025\/05\/x307307373_636547274491846_2538954221491027122_n.jpg.pagespeed.ic_.wuQDQFGuEK1.webp",750,500,false],"thumbnail":["https:\/\/capitalfmbolivia.com\/web\/wp-content\/uploads\/2025\/05\/x307307373_636547274491846_2538954221491027122_n.jpg.pagespeed.ic_.wuQDQFGuEK1-150x150.webp",150,150,true],"medium":["https:\/\/capitalfmbolivia.com\/web\/wp-content\/uploads\/2025\/05\/x307307373_636547274491846_2538954221491027122_n.jpg.pagespeed.ic_.wuQDQFGuEK1-300x200.webp",300,200,true],"medium_large":["https:\/\/capitalfmbolivia.com\/web\/wp-content\/uploads\/2025\/05\/x307307373_636547274491846_2538954221491027122_n.jpg.pagespeed.ic_.wuQDQFGuEK1.webp",640,427,false],"large":["https:\/\/capitalfmbolivia.com\/web\/wp-content\/uploads\/2025\/05\/x307307373_636547274491846_2538954221491027122_n.jpg.pagespeed.ic_.wuQDQFGuEK1.webp",640,427,false],"1536x1536":["https:\/\/capitalfmbolivia.com\/web\/wp-content\/uploads\/2025\/05\/x307307373_636547274491846_2538954221491027122_n.jpg.pagespeed.ic_.wuQDQFGuEK1.webp",750,500,false],"2048x2048":["https:\/\/capitalfmbolivia.com\/web\/wp-content\/uploads\/2025\/05\/x307307373_636547274491846_2538954221491027122_n.jpg.pagespeed.ic_.wuQDQFGuEK1.webp",750,500,false],"newsphere-slider-full":["https:\/\/capitalfmbolivia.com\/web\/wp-content\/uploads\/2025\/05\/x307307373_636547274491846_2538954221491027122_n.jpg.pagespeed.ic_.wuQDQFGuEK1.webp",750,500,false],"newsphere-featured":["https:\/\/capitalfmbolivia.com\/web\/wp-content\/uploads\/2025\/05\/x307307373_636547274491846_2538954221491027122_n.jpg.pagespeed.ic_.wuQDQFGuEK1.webp",750,500,false],"newsphere-medium":["https:\/\/capitalfmbolivia.com\/web\/wp-content\/uploads\/2025\/05\/x307307373_636547274491846_2538954221491027122_n.jpg.pagespeed.ic_.wuQDQFGuEK1-720x380.webp",720,380,true]},"author_info":{"display_name":"redchuqui","author_link":"https:\/\/capitalfmbolivia.com\/web\/author\/redchuqui\/"},"category_info":"<a href=\"https:\/\/capitalfmbolivia.com\/web\/category\/nacional\/electoral\/\" rel=\"category tag\">Electoral<\/a>","tag_info":"Electoral","comment_count":"0","_links":{"self":[{"href":"https:\/\/capitalfmbolivia.com\/web\/wp-json\/wp\/v2\/posts\/1030","targetHints":{"allow":["GET"]}}],"collection":[{"href":"https:\/\/capitalfmbolivia.com\/web\/wp-json\/wp\/v2\/posts"}],"about":[{"href":"https:\/\/capitalfmbolivia.com\/web\/wp-json\/wp\/v2\/types\/post"}],"author":[{"embeddable":true,"href":"https:\/\/capitalfmbolivia.com\/web\/wp-json\/wp\/v2\/users\/1"}],"replies":[{"embeddable":true,"href":"https:\/\/capitalfmbolivia.com\/web\/wp-json\/wp\/v2\/comments?post=1030"}],"version-history":[{"count":1,"href":"https:\/\/capitalfmbolivia.com\/web\/wp-json\/wp\/v2\/posts\/1030\/revisions"}],"predecessor-version":[{"id":1032,"href":"https:\/\/capitalfmbolivia.com\/web\/wp-json\/wp\/v2\/posts\/1030\/revisions\/1032"}],"wp:featuredmedia":[{"embeddable":true,"href":"https:\/\/capitalfmbolivia.com\/web\/wp-json\/wp\/v2\/media\/1031"}],"wp:attachment":[{"href":"https:\/\/capitalfmbolivia.com\/web\/wp-json\/wp\/v2\/media?parent=1030"}],"wp:term":[{"taxonomy":"category","embeddable":true,"href":"https:\/\/capitalfmbolivia.com\/web\/wp-json\/wp\/v2\/categories?post=1030"},{"taxonomy":"post_tag","embeddable":true,"href":"https:\/\/capitalfmbolivia.com\/web\/wp-json\/wp\/v2\/tags?post=1030"}],"curies":[{"name":"wp","href":"https:\/\/api.w.org\/{rel}","templated":true}]}}