{"id":1034,"date":"2025-05-24T18:01:18","date_gmt":"2025-05-24T22:01:18","guid":{"rendered":"https:\/\/votabolivia.com\/main\/web\/?p=1034"},"modified":"2025-05-24T18:01:18","modified_gmt":"2025-05-24T22:01:18","slug":"evo-morales-confirma-marcha-desde-el-lunes-y-anticipa-movilizacion-del-5-de-sindicatos-cocaleros","status":"publish","type":"post","link":"https:\/\/capitalfmbolivia.com\/web\/nacional\/seguridad\/2025\/05\/24\/1034\/","title":{"rendered":"Evo Morales confirma marcha desde el lunes y anticipa movilizaci\u00f3n del 5% de sindicatos cocaleros"},"content":{"rendered":"<p data-start=\"1151\" data-end=\"1410\">El expresidente <strong data-start=\"1167\" data-end=\"1182\">Evo Morales<\/strong> confirm\u00f3 este s\u00e1bado que a partir del lunes se iniciar\u00e1n movilizaciones en la ciudad de <strong data-start=\"1271\" data-end=\"1281\">La Paz<\/strong>, con el objetivo de <strong data-start=\"1302\" data-end=\"1356\">exigir su habilitaci\u00f3n como candidato presidencial<\/strong> en las elecciones generales del 17 de agosto de 2025.<\/p>\n<p data-start=\"1412\" data-end=\"1708\">Durante un encuentro con las <strong data-start=\"1441\" data-end=\"1488\">Seis Federaciones del Tr\u00f3pico de Cochabamba<\/strong>, Morales explic\u00f3 que, inicialmente, <strong data-start=\"1525\" data-end=\"1562\">el 5% de los sindicatos cocaleros<\/strong> participar\u00e1 de las protestas, aunque no descart\u00f3 que la cifra aumente tras una reuni\u00f3n con ejecutivos sindicales prevista para este mismo s\u00e1bado.<\/p>\n<blockquote data-start=\"1710\" data-end=\"1842\">\n<p data-start=\"1712\" data-end=\"1842\">\u201cEn este momento creo que ya empieza la movilizaci\u00f3n. Esta est\u00e1 creciendo y hay mucha expectativa\u201d, afirm\u00f3 Morales ante sus bases.<\/p>\n<\/blockquote>\n<p data-start=\"1844\" data-end=\"2179\">El exmandatario cuestion\u00f3 nuevamente al <strong data-start=\"1884\" data-end=\"1931\">Tribunal Constitucional Plurinacional (TCP)<\/strong>, calificando sus fallos sobre la reelecci\u00f3n como \u201cpol\u00edticos\u201d y reclam\u00f3 su derecho a participar del proceso electoral, pese a que el pasado 19 de mayo su intento de inscripci\u00f3n fue rechazado por <strong data-start=\"2126\" data-end=\"2178\">no contar con un partido con personer\u00eda jur\u00eddica<\/strong>.<\/p>\n<h3 data-start=\"2181\" data-end=\"2225\">\ud83d\udd25 Exigencias m\u00e1s all\u00e1 de la candidatura<\/h3>\n<p data-start=\"2227\" data-end=\"2476\">Sectores sociales afines al evismo anunciaron el jueves que <strong data-start=\"2287\" data-end=\"2373\">las movilizaciones se mantendr\u00e1n hasta lograr la renuncia del presidente Luis Arce<\/strong>, as\u00ed como de los magistrados \u201cautoprorrogados\u201d y los vocales del <strong data-start=\"2439\" data-end=\"2475\">Tribunal Supremo Electoral (TSE)<\/strong>.<\/p>\n<blockquote data-start=\"2478\" data-end=\"2625\">\n<p data-start=\"2480\" data-end=\"2625\">\u201cLleg\u00f3 la hora de unificarse para hacerse escuchar\u201d, dijo el dirigente <strong data-start=\"2551\" data-end=\"2569\">Enrique Mamani<\/strong>, quien advirti\u00f3 que las movilizaciones ir\u00e1n en aumento.<\/p>\n<\/blockquote>\n<p data-start=\"2627\" data-end=\"2862\">En respuesta, el <strong data-start=\"2644\" data-end=\"2682\">ministro de Gobierno, Roberto R\u00edos<\/strong>, asegur\u00f3 este viernes que <strong data-start=\"2709\" data-end=\"2780\">la Polic\u00eda Boliviana garantizar\u00e1 la seguridad del proceso electoral<\/strong> frente a lo que consider\u00f3 una <strong data-start=\"2811\" data-end=\"2861\">\u201carremetida\u201d que pretende convulsionar el pa\u00eds<\/strong>.<\/p>\n<blockquote data-start=\"2864\" data-end=\"2952\">\n<p data-start=\"2866\" data-end=\"2952\">\u201cVamos a precautelar el proceso electoral y la estabilidad democr\u00e1tica\u201d, declar\u00f3 R\u00edos.<\/p>\n<\/blockquote>\n<p data-start=\"2954\" data-end=\"3114\">La tensi\u00f3n pol\u00edtica se eleva a medida que se acercan los comicios, en medio de disputas legales, protestas sociales y desaf\u00edos a la institucionalidad electoral.<\/p>\n","protected":false},"excerpt":{"rendered":"<p>El expresidente Evo Morales confirm\u00f3 este s\u00e1bado que a partir del lunes se iniciar\u00e1n movilizaciones&#8230;<\/p>\n","protected":false},"author":1,"featured_media":1035,"comment_status":"closed","ping_status":"open","sticky":false,"template":"","format":"standard","meta":{"footnotes":""},"categories":[41,40],"tags":[198,201,231,193,232,230,235,195,233,234,68],"class_list":["post-1034","post","type-post","status-publish","format-standard","has-post-thumbnail","hentry","category-electoral","category-seguridad","tag-crisispolitica","tag-elecciones2025","tag-evismo","tag-evomorales","tag-lapaz","tag-marchacocalera","tag-movimientococalero","tag-politicaboliviana","tag-protestasbolivia","tag-reeleccion","tag-tse"],"featured_image_urls":{"full":["https:\/\/capitalfmbolivia.com\/web\/wp-content\/uploads\/2025\/05\/manifestaciones-evo-morales.jpg",1280,720,false],"thumbnail":["https:\/\/capitalfmbolivia.com\/web\/wp-content\/uploads\/2025\/05\/manifestaciones-evo-morales-150x150.jpg",150,150,true],"medium":["https:\/\/capitalfmbolivia.com\/web\/wp-content\/uploads\/2025\/05\/manifestaciones-evo-morales-300x169.jpg",300,169,true],"medium_large":["https:\/\/capitalfmbolivia.com\/web\/wp-content\/uploads\/2025\/05\/manifestaciones-evo-morales-768x432.jpg",640,360,true],"large":["https:\/\/capitalfmbolivia.com\/web\/wp-content\/uploads\/2025\/05\/manifestaciones-evo-morales-1024x576.jpg",640,360,true],"1536x1536":["https:\/\/capitalfmbolivia.com\/web\/wp-content\/uploads\/2025\/05\/manifestaciones-evo-morales.jpg",1280,720,false],"2048x2048":["https:\/\/capitalfmbolivia.com\/web\/wp-content\/uploads\/2025\/05\/manifestaciones-evo-morales.jpg",1280,720,false],"newsphere-slider-full":["https:\/\/capitalfmbolivia.com\/web\/wp-content\/uploads\/2025\/05\/manifestaciones-evo-morales.jpg",1280,720,false],"newsphere-featured":["https:\/\/capitalfmbolivia.com\/web\/wp-content\/uploads\/2025\/05\/manifestaciones-evo-morales-1024x576.jpg",1024,576,true],"newsphere-medium":["https:\/\/capitalfmbolivia.com\/web\/wp-content\/uploads\/2025\/05\/manifestaciones-evo-morales-720x380.jpg",720,380,true]},"author_info":{"display_name":"redchuqui","author_link":"https:\/\/capitalfmbolivia.com\/web\/author\/redchuqui\/"},"category_info":"<a href=\"https:\/\/capitalfmbolivia.com\/web\/category\/nacional\/electoral\/\" rel=\"category tag\">Electoral<\/a> <a href=\"https:\/\/capitalfmbolivia.com\/web\/category\/nacional\/seguridad\/\" rel=\"category tag\">Seguridad<\/a>","tag_info":"Seguridad","comment_count":"0","_links":{"self":[{"href":"https:\/\/capitalfmbolivia.com\/web\/wp-json\/wp\/v2\/posts\/1034","targetHints":{"allow":["GET"]}}],"collection":[{"href":"https:\/\/capitalfmbolivia.com\/web\/wp-json\/wp\/v2\/posts"}],"about":[{"href":"https:\/\/capitalfmbolivia.com\/web\/wp-json\/wp\/v2\/types\/post"}],"author":[{"embeddable":true,"href":"https:\/\/capitalfmbolivia.com\/web\/wp-json\/wp\/v2\/users\/1"}],"replies":[{"embeddable":true,"href":"https:\/\/capitalfmbolivia.com\/web\/wp-json\/wp\/v2\/comments?post=1034"}],"version-history":[{"count":1,"href":"https:\/\/capitalfmbolivia.com\/web\/wp-json\/wp\/v2\/posts\/1034\/revisions"}],"predecessor-version":[{"id":1036,"href":"https:\/\/capitalfmbolivia.com\/web\/wp-json\/wp\/v2\/posts\/1034\/revisions\/1036"}],"wp:featuredmedia":[{"embeddable":true,"href":"https:\/\/capitalfmbolivia.com\/web\/wp-json\/wp\/v2\/media\/1035"}],"wp:attachment":[{"href":"https:\/\/capitalfmbolivia.com\/web\/wp-json\/wp\/v2\/media?parent=1034"}],"wp:term":[{"taxonomy":"category","embeddable":true,"href":"https:\/\/capitalfmbolivia.com\/web\/wp-json\/wp\/v2\/categories?post=1034"},{"taxonomy":"post_tag","embeddable":true,"href":"https:\/\/capitalfmbolivia.com\/web\/wp-json\/wp\/v2\/tags?post=1034"}],"curies":[{"name":"wp","href":"https:\/\/api.w.org\/{rel}","templated":true}]}}