{"id":1037,"date":"2025-05-24T19:55:11","date_gmt":"2025-05-24T23:55:11","guid":{"rendered":"https:\/\/votabolivia.com\/main\/web\/?p=1037"},"modified":"2025-05-24T19:57:14","modified_gmt":"2025-05-24T23:57:14","slug":"evo-lanza-criticas-a-andronico-rodriguez-desde-el-tropico-pero-deja-entrever-que-aun-espera-su-regreso","status":"publish","type":"post","link":"https:\/\/capitalfmbolivia.com\/web\/nacional\/electoral\/2025\/05\/24\/1037\/","title":{"rendered":"Evo lanza cr\u00edticas a Andr\u00f3nico Rodr\u00edguez desde el Tr\u00f3pico, pero deja entrever que a\u00fan espera su regreso."},"content":{"rendered":"<p data-start=\"364\" data-end=\"570\">Durante un ampliado en el Tr\u00f3pico de Cochabamba, Evo Morales arremeti\u00f3 contra el senador Andr\u00f3nico Rodr\u00edguez, pero tambi\u00e9n sugiri\u00f3 que espera su retorno a las filas del evismo junto con las bases cocaleras.<!--more--><\/p>\n<p data-start=\"1117\" data-end=\"1521\">Desde su basti\u00f3n en el <strong data-start=\"1140\" data-end=\"1165\">Tr\u00f3pico de Cochabamba<\/strong>, el expresidente <strong data-start=\"1183\" data-end=\"1198\">Evo Morales<\/strong> volvi\u00f3 al escenario pol\u00edtico con un discurso cargado de mensajes hacia el senador y precandidato presidencial <strong data-start=\"1309\" data-end=\"1332\">Andr\u00f3nico Rodr\u00edguez<\/strong>, a quien critic\u00f3 por su distanciamiento del evismo. Sin embargo, <strong data-start=\"1398\" data-end=\"1478\">dej\u00f3 entrever que a\u00fan desea su retorno a las filas del movimiento que lidera<\/strong>, junto con las organizaciones del tr\u00f3pico.<\/p>\n<p data-start=\"1523\" data-end=\"1858\">Durante un ampliado con las <strong data-start=\"1551\" data-end=\"1584\">Seis Federaciones del Tr\u00f3pico<\/strong>, Morales expres\u00f3 su molestia por el rumbo que ha tomado Andr\u00f3nico, al considerarlo \u201cinfluenciado por intereses externos al movimiento cocalero\u201d. Aun as\u00ed, se\u00f1al\u00f3 que a\u00fan hay tiempo para <strong data-start=\"1770\" data-end=\"1795\">reconstruir la unidad<\/strong>, siempre y cuando exista \u201clealtad y compromiso con el pueblo\u201d.<\/p>\n<blockquote data-start=\"1860\" data-end=\"2086\">\n<p data-start=\"1862\" data-end=\"2086\">\u201cNo me gusta c\u00f3mo se ha dejado llevar por otros intereses, pero si quiere volver con el Tr\u00f3pico, siempre hay espacio para quien rectifica y vuelve con el pueblo\u201d, dijo Morales, generando aplausos y murmullos entre sus bases.<\/p>\n<p data-start=\"1862\" data-end=\"2086\"><iframe loading=\"lazy\" title=\"YouTube video player\" src=\"https:\/\/www.youtube.com\/embed\/37xSQJpugG4?si=k8nGHv8fwzu3hXUn\" width=\"560\" height=\"315\" frameborder=\"0\" allowfullscreen=\"allowfullscreen\"><\/iframe><\/p>\n<\/blockquote>\n<h3 data-start=\"2088\" data-end=\"2136\">\ud83d\uded1 Temor de aprehensi\u00f3n y presencia limitada<\/h3>\n<p data-start=\"2138\" data-end=\"2402\">Morales no ha salido del Tr\u00f3pico de Cochabamba desde hace meses, en lo que muchos interpretan como una <strong data-start=\"2241\" data-end=\"2320\">estrategia de resguardo ante los procesos judiciales que pesan en su contra<\/strong> y que podr\u00edan derivar en su aprehensi\u00f3n si se traslada a otras regiones del pa\u00eds.<\/p>\n<p data-start=\"2404\" data-end=\"2555\">A pesar de este confinamiento autoimpuesto, Morales <strong data-start=\"2456\" data-end=\"2496\">mantiene control pol\u00edtico en la zona<\/strong>, donde sus discursos siguen marcando la agenda del evismo.<\/p>\n<p data-start=\"2557\" data-end=\"2836\">El ampliado de este s\u00e1bado tambi\u00e9n sirvi\u00f3 para reafirmar las movilizaciones anunciadas a partir del lunes, con el objetivo de exigir su habilitaci\u00f3n como candidato presidencial, pese a que su postulaci\u00f3n fue rechazada por no contar con una sigla pol\u00edtica con personer\u00eda jur\u00eddica.<\/p>\n<p data-start=\"2838\" data-end=\"3047\">El tono ambivalente del discurso \u2014entre cr\u00edtica y apertura\u2014 <strong data-start=\"2898\" data-end=\"2977\">revela una jugada pol\u00edtica de Morales para recomponer su estructura interna<\/strong> y evitar mayores fracturas al interior del MAS, EVO PUEBLO y del bloque cocalero.<\/p>\n","protected":false},"excerpt":{"rendered":"<p>Durante un ampliado en el Tr\u00f3pico de Cochabamba, Evo Morales arremeti\u00f3 contra el senador Andr\u00f3nico&#8230;<\/p>\n","protected":false},"author":1,"featured_media":1038,"comment_status":"closed","ping_status":"open","sticky":false,"template":"","format":"standard","meta":{"footnotes":""},"categories":[41,43],"tags":[238,236,201,231,193,83,195,237,239],"class_list":["post-1037","post","type-post","status-publish","format-standard","has-post-thumbnail","hentry","category-electoral","category-politica","tag-ampliadococalero","tag-andronicorodriguez","tag-elecciones2025","tag-evismo","tag-evomorales","tag-mas","tag-politicaboliviana","tag-tropicodecochabamba","tag-unidadevismo"],"featured_image_urls":{"full":["https:\/\/capitalfmbolivia.com\/web\/wp-content\/uploads\/2025\/05\/andronico-masas-evo-preocupado.jpg",1280,720,false],"thumbnail":["https:\/\/capitalfmbolivia.com\/web\/wp-content\/uploads\/2025\/05\/andronico-masas-evo-preocupado-150x150.jpg",150,150,true],"medium":["https:\/\/capitalfmbolivia.com\/web\/wp-content\/uploads\/2025\/05\/andronico-masas-evo-preocupado-300x169.jpg",300,169,true],"medium_large":["https:\/\/capitalfmbolivia.com\/web\/wp-content\/uploads\/2025\/05\/andronico-masas-evo-preocupado-768x432.jpg",640,360,true],"large":["https:\/\/capitalfmbolivia.com\/web\/wp-content\/uploads\/2025\/05\/andronico-masas-evo-preocupado-1024x576.jpg",640,360,true],"1536x1536":["https:\/\/capitalfmbolivia.com\/web\/wp-content\/uploads\/2025\/05\/andronico-masas-evo-preocupado.jpg",1280,720,false],"2048x2048":["https:\/\/capitalfmbolivia.com\/web\/wp-content\/uploads\/2025\/05\/andronico-masas-evo-preocupado.jpg",1280,720,false],"newsphere-slider-full":["https:\/\/capitalfmbolivia.com\/web\/wp-content\/uploads\/2025\/05\/andronico-masas-evo-preocupado.jpg",1280,720,false],"newsphere-featured":["https:\/\/capitalfmbolivia.com\/web\/wp-content\/uploads\/2025\/05\/andronico-masas-evo-preocupado-1024x576.jpg",1024,576,true],"newsphere-medium":["https:\/\/capitalfmbolivia.com\/web\/wp-content\/uploads\/2025\/05\/andronico-masas-evo-preocupado-720x380.jpg",720,380,true]},"author_info":{"display_name":"redchuqui","author_link":"https:\/\/capitalfmbolivia.com\/web\/author\/redchuqui\/"},"category_info":"<a href=\"https:\/\/capitalfmbolivia.com\/web\/category\/nacional\/electoral\/\" rel=\"category tag\">Electoral<\/a> <a href=\"https:\/\/capitalfmbolivia.com\/web\/category\/nacional\/politica\/\" rel=\"category tag\">Politica<\/a>","tag_info":"Politica","comment_count":"0","_links":{"self":[{"href":"https:\/\/capitalfmbolivia.com\/web\/wp-json\/wp\/v2\/posts\/1037","targetHints":{"allow":["GET"]}}],"collection":[{"href":"https:\/\/capitalfmbolivia.com\/web\/wp-json\/wp\/v2\/posts"}],"about":[{"href":"https:\/\/capitalfmbolivia.com\/web\/wp-json\/wp\/v2\/types\/post"}],"author":[{"embeddable":true,"href":"https:\/\/capitalfmbolivia.com\/web\/wp-json\/wp\/v2\/users\/1"}],"replies":[{"embeddable":true,"href":"https:\/\/capitalfmbolivia.com\/web\/wp-json\/wp\/v2\/comments?post=1037"}],"version-history":[{"count":2,"href":"https:\/\/capitalfmbolivia.com\/web\/wp-json\/wp\/v2\/posts\/1037\/revisions"}],"predecessor-version":[{"id":1040,"href":"https:\/\/capitalfmbolivia.com\/web\/wp-json\/wp\/v2\/posts\/1037\/revisions\/1040"}],"wp:featuredmedia":[{"embeddable":true,"href":"https:\/\/capitalfmbolivia.com\/web\/wp-json\/wp\/v2\/media\/1038"}],"wp:attachment":[{"href":"https:\/\/capitalfmbolivia.com\/web\/wp-json\/wp\/v2\/media?parent=1037"}],"wp:term":[{"taxonomy":"category","embeddable":true,"href":"https:\/\/capitalfmbolivia.com\/web\/wp-json\/wp\/v2\/categories?post=1037"},{"taxonomy":"post_tag","embeddable":true,"href":"https:\/\/capitalfmbolivia.com\/web\/wp-json\/wp\/v2\/tags?post=1037"}],"curies":[{"name":"wp","href":"https:\/\/api.w.org\/{rel}","templated":true}]}}