{"id":1041,"date":"2025-05-24T20:46:01","date_gmt":"2025-05-25T00:46:01","guid":{"rendered":"https:\/\/votabolivia.com\/main\/web\/?p=1041"},"modified":"2025-05-24T20:46:01","modified_gmt":"2025-05-25T00:46:01","slug":"tuto-quiroga-advierte-crisis-economica-y-exige-un-cambio-urgente-de-gobierno","status":"publish","type":"post","link":"https:\/\/capitalfmbolivia.com\/web\/nacional\/electoral\/2025\/05\/24\/1041\/","title":{"rendered":"Tuto Quiroga advierte crisis econ\u00f3mica y exige un cambio urgente de Gobierno"},"content":{"rendered":"<p data-start=\"286\" data-end=\"529\">El candidato presidencial por la Alianza Libre, Tuto Quiroga, asegur\u00f3 que la actual crisis econ\u00f3mica ya hab\u00eda sido advertida por \u00e9l y propone un cambio inmediato de Gobierno y la implementaci\u00f3n de un programa internacional de balanza de pagos.<!--more--><\/p>\n<p data-start=\"1086\" data-end=\"1534\">El candidato presidencial por la <strong data-start=\"1119\" data-end=\"1136\">Alianza Libre<\/strong>, <strong data-start=\"1138\" data-end=\"1154\">Tuto Quiroga<\/strong>, advirti\u00f3 este s\u00e1bado que la actual crisis econ\u00f3mica que vive Bolivia era previsible, y que \u00e9l mismo lo hab\u00eda anticipado si no se correg\u00eda el rumbo de la gobernabilidad. En un mensaje difundido en sus redes sociales, el expresidente <strong data-start=\"1388\" data-end=\"1479\">se\u00f1al\u00f3 la escasez de combustible, la inflaci\u00f3n creciente y la devaluaci\u00f3n del boliviano<\/strong> como s\u00edntomas de una situaci\u00f3n econ\u00f3mica insostenible.<\/p>\n<blockquote data-start=\"1536\" data-end=\"1750\">\n<p data-start=\"1538\" data-end=\"1750\">\u201cYa le hab\u00eda dicho a Bolivia que, si no se cambiaba de rumbo en la gobernabilidad del pa\u00eds, era previsible la escasez de combustible, el incremento de la inflaci\u00f3n y la devaluaci\u00f3n de la moneda\u201d, expres\u00f3 Quiroga.<\/p>\n<p data-start=\"1538\" data-end=\"1750\"><iframe loading=\"lazy\" title=\"YouTube video player\" src=\"https:\/\/www.youtube.com\/embed\/07Z1dLcAJRU\" width=\"360\" height=\"315\" frameborder=\"0\" allowfullscreen=\"allowfullscreen\"><span data-mce-type=\"bookmark\" style=\"display: inline-block; width: 0px; overflow: hidden; line-height: 0;\" class=\"mce_SELRES_start\">\ufeff<\/span><\/iframe><\/p>\n<\/blockquote>\n<p data-start=\"1752\" data-end=\"1987\">Ante este escenario, el l\u00edder de la Alianza Libre pidi\u00f3 un <strong data-start=\"1811\" data-end=\"1841\">cambio de Gobierno urgente<\/strong> y la implementaci\u00f3n de un <strong data-start=\"1868\" data-end=\"1914\">programa internacional de balanza de pagos<\/strong> para estabilizar la econom\u00eda y recuperar la confianza interna y externa.<\/p>\n<blockquote data-start=\"1989\" data-end=\"2125\">\n<p data-start=\"1991\" data-end=\"2125\">\u201cSe necesita un cambio de Gobierno urgente, cuanto antes; hay que implementar un programa internacional de balanza de pagos\u201d, propuso.<\/p>\n<\/blockquote>\n<p data-start=\"2127\" data-end=\"2441\">Quiroga, uno de los principales cr\u00edticos de la gesti\u00f3n de Luis Arce, viene alertando sobre el deterioro econ\u00f3mico desde inicios de a\u00f1o, pero en esta ocasi\u00f3n <strong data-start=\"2284\" data-end=\"2361\">plante\u00f3 una salida estructural con respaldo de organismos internacionales<\/strong>, dejando entrever una posible gesti\u00f3n de emergencia en caso de llegar al poder.<\/p>\n<p data-start=\"2443\" data-end=\"2600\">Sus declaraciones se suman a una ola de advertencias similares realizadas en los \u00faltimos d\u00edas por economistas, empresarios y otros candidatos presidenciales.<\/p>\n","protected":false},"excerpt":{"rendered":"<p>El candidato presidencial por la Alianza Libre, Tuto Quiroga, asegur\u00f3 que la actual crisis econ\u00f3mica&#8230;<\/p>\n","protected":false},"author":1,"featured_media":1042,"comment_status":"closed","ping_status":"open","sticky":false,"template":"","format":"standard","meta":{"footnotes":""},"categories":[41,43],"tags":[242,244,199,243,241,223,222,240,204],"class_list":["post-1041","post","type-post","status-publish","format-standard","has-post-thumbnail","hentry","category-electoral","category-politica","tag-alianzalibre","tag-balanzadepagos","tag-bolivia2025","tag-cambiodegobierno","tag-combustibles","tag-crisiseconomica","tag-eleccionesbolivia","tag-inflacion","tag-tutoquiroga"],"featured_image_urls":{"full":["https:\/\/capitalfmbolivia.com\/web\/wp-content\/uploads\/2025\/05\/TUTO-QUIROGA-INFLACION.jpg",1920,1080,false],"thumbnail":["https:\/\/capitalfmbolivia.com\/web\/wp-content\/uploads\/2025\/05\/TUTO-QUIROGA-INFLACION-150x150.jpg",150,150,true],"medium":["https:\/\/capitalfmbolivia.com\/web\/wp-content\/uploads\/2025\/05\/TUTO-QUIROGA-INFLACION-300x169.jpg",300,169,true],"medium_large":["https:\/\/capitalfmbolivia.com\/web\/wp-content\/uploads\/2025\/05\/TUTO-QUIROGA-INFLACION-768x432.jpg",640,360,true],"large":["https:\/\/capitalfmbolivia.com\/web\/wp-content\/uploads\/2025\/05\/TUTO-QUIROGA-INFLACION-1024x576.jpg",640,360,true],"1536x1536":["https:\/\/capitalfmbolivia.com\/web\/wp-content\/uploads\/2025\/05\/TUTO-QUIROGA-INFLACION-1536x864.jpg",1536,864,true],"2048x2048":["https:\/\/capitalfmbolivia.com\/web\/wp-content\/uploads\/2025\/05\/TUTO-QUIROGA-INFLACION.jpg",1920,1080,false],"newsphere-slider-full":["https:\/\/capitalfmbolivia.com\/web\/wp-content\/uploads\/2025\/05\/TUTO-QUIROGA-INFLACION-1280x720.jpg",1280,720,true],"newsphere-featured":["https:\/\/capitalfmbolivia.com\/web\/wp-content\/uploads\/2025\/05\/TUTO-QUIROGA-INFLACION-1024x576.jpg",1024,576,true],"newsphere-medium":["https:\/\/capitalfmbolivia.com\/web\/wp-content\/uploads\/2025\/05\/TUTO-QUIROGA-INFLACION-720x380.jpg",720,380,true]},"author_info":{"display_name":"redchuqui","author_link":"https:\/\/capitalfmbolivia.com\/web\/author\/redchuqui\/"},"category_info":"<a href=\"https:\/\/capitalfmbolivia.com\/web\/category\/nacional\/electoral\/\" rel=\"category tag\">Electoral<\/a> <a href=\"https:\/\/capitalfmbolivia.com\/web\/category\/nacional\/politica\/\" rel=\"category tag\">Politica<\/a>","tag_info":"Politica","comment_count":"0","_links":{"self":[{"href":"https:\/\/capitalfmbolivia.com\/web\/wp-json\/wp\/v2\/posts\/1041","targetHints":{"allow":["GET"]}}],"collection":[{"href":"https:\/\/capitalfmbolivia.com\/web\/wp-json\/wp\/v2\/posts"}],"about":[{"href":"https:\/\/capitalfmbolivia.com\/web\/wp-json\/wp\/v2\/types\/post"}],"author":[{"embeddable":true,"href":"https:\/\/capitalfmbolivia.com\/web\/wp-json\/wp\/v2\/users\/1"}],"replies":[{"embeddable":true,"href":"https:\/\/capitalfmbolivia.com\/web\/wp-json\/wp\/v2\/comments?post=1041"}],"version-history":[{"count":1,"href":"https:\/\/capitalfmbolivia.com\/web\/wp-json\/wp\/v2\/posts\/1041\/revisions"}],"predecessor-version":[{"id":1043,"href":"https:\/\/capitalfmbolivia.com\/web\/wp-json\/wp\/v2\/posts\/1041\/revisions\/1043"}],"wp:featuredmedia":[{"embeddable":true,"href":"https:\/\/capitalfmbolivia.com\/web\/wp-json\/wp\/v2\/media\/1042"}],"wp:attachment":[{"href":"https:\/\/capitalfmbolivia.com\/web\/wp-json\/wp\/v2\/media?parent=1041"}],"wp:term":[{"taxonomy":"category","embeddable":true,"href":"https:\/\/capitalfmbolivia.com\/web\/wp-json\/wp\/v2\/categories?post=1041"},{"taxonomy":"post_tag","embeddable":true,"href":"https:\/\/capitalfmbolivia.com\/web\/wp-json\/wp\/v2\/tags?post=1041"}],"curies":[{"name":"wp","href":"https:\/\/api.w.org\/{rel}","templated":true}]}}