{"id":1044,"date":"2025-05-25T09:13:37","date_gmt":"2025-05-25T13:13:37","guid":{"rendered":"https:\/\/votabolivia.com\/main\/web\/?p=1044"},"modified":"2025-05-25T09:13:37","modified_gmt":"2025-05-25T13:13:37","slug":"andronico-desafia-a-evo-a-probar-que-es-traidor-si-lo-demuestran-renuncio-a-todo","status":"publish","type":"post","link":"https:\/\/capitalfmbolivia.com\/web\/nacional\/electoral\/2025\/05\/25\/1044\/","title":{"rendered":"Andr\u00f3nico desaf\u00eda a Evo a probar que es traidor: \u201cSi lo demuestran, renuncio a todo\u201d"},"content":{"rendered":"<p data-start=\"1174\" data-end=\"1621\">El presidente del Senado, <strong data-start=\"1200\" data-end=\"1223\">Andr\u00f3nico Rodr\u00edguez<\/strong>, respondi\u00f3 con firmeza a las acusaciones de traici\u00f3n que han circulado en su contra desde el Tr\u00f3pico de Cochabamba, epicentro pol\u00edtico del expresidente <strong data-start=\"1376\" data-end=\"1391\">Evo Morales<\/strong>. En un extenso video de casi 26 minutos publicado en su cuenta de Facebook, el l\u00edder del denominado <em data-start=\"1492\" data-end=\"1507\">Androniquismo<\/em> <strong data-start=\"1508\" data-end=\"1539\">ret\u00f3 p\u00fablicamente a Morales<\/strong> a demostrar en 24 horas que \u00e9l es un \u201ctraidor\u201d, \u201carcista\u201d o \u201caliado del imperio\u201d.<\/p>\n<blockquote data-start=\"1623\" data-end=\"1798\">\n<p data-start=\"1625\" data-end=\"1798\">\u201cCompa\u00f1eros, yo no soy vendido ni a la derecha, ni al imperio ni al arcismo. Y si lo que digo es mentira, yo quisiera que lo demuestren p\u00fablicamente\u201d, expres\u00f3 enf\u00e1ticamente.<\/p>\n<div>\n<div style=\"left: 0; width: 100%; height: 0; position: relative; padding-bottom: 56.25%;\"><iframe style=\"top: 0; left: 0; width: 100%; height: 100%; position: absolute; border: 0;\" src=\"https:\/\/cdn.iframe.ly\/api\/iframe?url=https%3A%2F%2Fyoutu.be%2FH8yPc1Lh0Xo%3Fsi%3D-rNB5MUBUCB7npCH&amp;key=925108d922be940af814f71907a7df4b\" scrolling=\"no\" allowfullscreen=\"allowfullscreen\"><\/iframe><\/div>\n<p><a style=\"position: absolute; width: 1px; height: 1px; padding: 0; margin: -1px; overflow: hidden; clip: rect(0,0,0,0); white-space: nowrap; border: 0;\" href=\"https:\/\/aitohumanizetextconverter.com\/\" target=\"_blank\" rel=\"noopener\">aitohumanizetextconverter.com<\/a><\/p>\n<\/div>\n<\/blockquote>\n<p data-start=\"1800\" data-end=\"2015\">Rodr\u00edguez asegur\u00f3 que, de comprobarse esas acusaciones, <strong data-start=\"1856\" data-end=\"1929\">renunciar\u00e1 a la dirigencia, al Senado y a su candidatura presidencial<\/strong>. De lo contrario, exigi\u00f3 que cesen los ataques y que se sumen a su proyecto pol\u00edtico.<\/p>\n<p data-start=\"2017\" data-end=\"2172\">El senador tambi\u00e9n desminti\u00f3 supuestos v\u00ednculos con Mariana Prado y \u00c1lvaro Garc\u00eda Linera, indicando que no ha hablado con este \u00faltimo en m\u00e1s de cinco a\u00f1os.<\/p>\n<blockquote data-start=\"2174\" data-end=\"2256\">\n<p data-start=\"2176\" data-end=\"2256\">\u201cDicen que Andr\u00f3nico ser\u00e1 el t\u00edtere del linerismo. Totalmente falso\u201d, sentenci\u00f3.<\/p>\n<\/blockquote>\n<p data-start=\"2258\" data-end=\"2292\"><strong data-start=\"2258\" data-end=\"2292\">Distancia del arcismo y Claure<\/strong><\/p>\n<p data-start=\"2294\" data-end=\"2460\">Rodr\u00edguez neg\u00f3 tener relaci\u00f3n alguna con el presidente Luis Arce o el empresario Marcelo Claure, deslindando cualquier tipo de alianza con corrientes externas al MAS.<\/p>\n<blockquote data-start=\"2462\" data-end=\"2617\">\n<p data-start=\"2464\" data-end=\"2617\">\u201cYo no soy el candidato de Arce ni de la derecha. Este proyecto nace de las bases\u201d, sostuvo, mencionando que recibi\u00f3 m\u00e1s de 117 resoluciones de respaldo.<\/p>\n<\/blockquote>\n<p data-start=\"2619\" data-end=\"2645\"><strong data-start=\"2619\" data-end=\"2645\">Un llamado a la unidad<\/strong><\/p>\n<p data-start=\"2647\" data-end=\"2785\">Pese a sus duras palabras, el senador <strong data-start=\"2685\" data-end=\"2752\">llam\u00f3 a Evo Morales a dejar la soberbia y apostar por la unidad<\/strong> dentro del instrumento pol\u00edtico.<\/p>\n<blockquote data-start=\"2787\" data-end=\"2950\">\n<p data-start=\"2789\" data-end=\"2950\">\u201cEvo y yo no somos enemigos. Somos compa\u00f1eros. Pero as\u00ed es dif\u00edcil avanzar\u201d, expres\u00f3, destacando que la unidad no debe quedar solo en ideas, sino materializarse.<\/p>\n<\/blockquote>\n<p data-start=\"2952\" data-end=\"2999\">En el cierre de su mensaje, reiter\u00f3 su desaf\u00edo:<\/p>\n<blockquote data-start=\"3001\" data-end=\"3119\">\n<p data-start=\"3003\" data-end=\"3119\">\u201cSi no demuestran en 24 horas que soy traidor, paren los ataques y avancemos de forma unida hacia un solo objetivo\u201d.<\/p>\n<\/blockquote>\n","protected":false},"excerpt":{"rendered":"<p>El presidente del Senado, Andr\u00f3nico Rodr\u00edguez, respondi\u00f3 con firmeza a las acusaciones de traici\u00f3n que&#8230;<\/p>\n","protected":false},"author":1,"featured_media":1038,"comment_status":"closed","ping_status":"open","sticky":false,"template":"","format":"standard","meta":{"footnotes":""},"categories":[41,43],"tags":[248,236,247,201,193,83,195,246,237,245],"class_list":["post-1044","post","type-post","status-publish","format-standard","has-post-thumbnail","hentry","category-electoral","category-politica","tag-alianzamas","tag-andronicorodriguez","tag-crisisinternamas","tag-elecciones2025","tag-evomorales","tag-mas","tag-politicaboliviana","tag-senadobolivia","tag-tropicodecochabamba","tag-unidadmas"],"featured_image_urls":{"full":["https:\/\/capitalfmbolivia.com\/web\/wp-content\/uploads\/2025\/05\/andronico-masas-evo-preocupado.jpg",1280,720,false],"thumbnail":["https:\/\/capitalfmbolivia.com\/web\/wp-content\/uploads\/2025\/05\/andronico-masas-evo-preocupado-150x150.jpg",150,150,true],"medium":["https:\/\/capitalfmbolivia.com\/web\/wp-content\/uploads\/2025\/05\/andronico-masas-evo-preocupado-300x169.jpg",300,169,true],"medium_large":["https:\/\/capitalfmbolivia.com\/web\/wp-content\/uploads\/2025\/05\/andronico-masas-evo-preocupado-768x432.jpg",640,360,true],"large":["https:\/\/capitalfmbolivia.com\/web\/wp-content\/uploads\/2025\/05\/andronico-masas-evo-preocupado-1024x576.jpg",640,360,true],"1536x1536":["https:\/\/capitalfmbolivia.com\/web\/wp-content\/uploads\/2025\/05\/andronico-masas-evo-preocupado.jpg",1280,720,false],"2048x2048":["https:\/\/capitalfmbolivia.com\/web\/wp-content\/uploads\/2025\/05\/andronico-masas-evo-preocupado.jpg",1280,720,false],"newsphere-slider-full":["https:\/\/capitalfmbolivia.com\/web\/wp-content\/uploads\/2025\/05\/andronico-masas-evo-preocupado.jpg",1280,720,false],"newsphere-featured":["https:\/\/capitalfmbolivia.com\/web\/wp-content\/uploads\/2025\/05\/andronico-masas-evo-preocupado-1024x576.jpg",1024,576,true],"newsphere-medium":["https:\/\/capitalfmbolivia.com\/web\/wp-content\/uploads\/2025\/05\/andronico-masas-evo-preocupado-720x380.jpg",720,380,true]},"author_info":{"display_name":"redchuqui","author_link":"https:\/\/capitalfmbolivia.com\/web\/author\/redchuqui\/"},"category_info":"<a href=\"https:\/\/capitalfmbolivia.com\/web\/category\/nacional\/electoral\/\" rel=\"category tag\">Electoral<\/a> <a href=\"https:\/\/capitalfmbolivia.com\/web\/category\/nacional\/politica\/\" rel=\"category tag\">Politica<\/a>","tag_info":"Politica","comment_count":"0","_links":{"self":[{"href":"https:\/\/capitalfmbolivia.com\/web\/wp-json\/wp\/v2\/posts\/1044","targetHints":{"allow":["GET"]}}],"collection":[{"href":"https:\/\/capitalfmbolivia.com\/web\/wp-json\/wp\/v2\/posts"}],"about":[{"href":"https:\/\/capitalfmbolivia.com\/web\/wp-json\/wp\/v2\/types\/post"}],"author":[{"embeddable":true,"href":"https:\/\/capitalfmbolivia.com\/web\/wp-json\/wp\/v2\/users\/1"}],"replies":[{"embeddable":true,"href":"https:\/\/capitalfmbolivia.com\/web\/wp-json\/wp\/v2\/comments?post=1044"}],"version-history":[{"count":1,"href":"https:\/\/capitalfmbolivia.com\/web\/wp-json\/wp\/v2\/posts\/1044\/revisions"}],"predecessor-version":[{"id":1045,"href":"https:\/\/capitalfmbolivia.com\/web\/wp-json\/wp\/v2\/posts\/1044\/revisions\/1045"}],"wp:featuredmedia":[{"embeddable":true,"href":"https:\/\/capitalfmbolivia.com\/web\/wp-json\/wp\/v2\/media\/1038"}],"wp:attachment":[{"href":"https:\/\/capitalfmbolivia.com\/web\/wp-json\/wp\/v2\/media?parent=1044"}],"wp:term":[{"taxonomy":"category","embeddable":true,"href":"https:\/\/capitalfmbolivia.com\/web\/wp-json\/wp\/v2\/categories?post=1044"},{"taxonomy":"post_tag","embeddable":true,"href":"https:\/\/capitalfmbolivia.com\/web\/wp-json\/wp\/v2\/tags?post=1044"}],"curies":[{"name":"wp","href":"https:\/\/api.w.org\/{rel}","templated":true}]}}