{"id":1196,"date":"2025-06-10T00:12:19","date_gmt":"2025-06-10T04:12:19","guid":{"rendered":"https:\/\/capitalfmbolivia.com\/web\/?p=1196"},"modified":"2025-06-10T00:19:27","modified_gmt":"2025-06-10T04:19:27","slug":"cristina-kirchner-mientras-sigan-libres-los-que-endeudaron-al-pais-estar-presa-es-un-certificado-de-dignidad","status":"publish","type":"post","link":"https:\/\/capitalfmbolivia.com\/web\/nacional\/politica\/2025\/06\/10\/1196\/","title":{"rendered":"Cristina Kirchner: \u201cMientras sigan libres los que endeudaron al pa\u00eds, estar presa es un certificado de dignidad\u201d"},"content":{"rendered":"<p data-start=\"254\" data-end=\"404\">La aliada de Evo Morales en un encendido discurso compar\u00f3 su situaci\u00f3n judicial con una persecuci\u00f3n pol\u00edtica y llam\u00f3 a la unidad del peronismo.<\/p>\n<div style=\"position: relative; padding-bottom: 56.25%; height: 0; overflow: hidden; max-width: 100%;\"><iframe style=\"position: absolute; top: 0; left: 0; width: 100%; height: 100%;\" src=\"https:\/\/www.youtube.com\/embed\/gfufejxlCB0\" frameborder=\"0\" allowfullscreen=\"allowfullscreen\"><span data-mce-type=\"bookmark\" style=\"display: inline-block; width: 0px; overflow: hidden; line-height: 0;\" class=\"mce_SELRES_start\">\ufeff<\/span><br \/>\n<\/iframe><\/div>\n<p data-start=\"406\" data-end=\"833\">La expresidenta argentina <strong data-start=\"432\" data-end=\"466\">Cristina Fern\u00e1ndez de Kirchner<\/strong> encabez\u00f3 este lunes un acto en la sede del Partido Justicialista (PJ), conmemorando un nuevo aniversario de los fusilamientos de Jos\u00e9 Le\u00f3n Su\u00e1rez. En ese contexto, se refiri\u00f3 al inminente fallo de la Corte Suprema en su contra por la <strong data-start=\"701\" data-end=\"719\">causa Vialidad<\/strong>, y afirm\u00f3 que, mientras quienes endeudaron al pa\u00eds sigan libres, <strong data-start=\"785\" data-end=\"832\">\u201cestar presa es un certificado de dignidad\u201d<\/strong>.<\/p>\n<p data-start=\"835\" data-end=\"1102\">Cristina traz\u00f3 un paralelismo entre los militantes peronistas fusilados en 1956 y su situaci\u00f3n actual. \u201cLa casualidad no es una categor\u00eda pol\u00edtica ni hist\u00f3rica\u201d, dijo, denunciando una estrategia de los \u201cgrupos hegem\u00f3nicos econ\u00f3micos\u201d para desarticular a la oposici\u00f3n.<\/p>\n<p data-start=\"1104\" data-end=\"1379\">\u201cBast\u00f3 que anunciara una candidatura para que se desataran los demonios\u201d, expres\u00f3, acusando a los sectores de poder de querer evitar que el peronismo se reorganice. En ese sentido, arremeti\u00f3 contra el actual gobierno argentino, al que calific\u00f3 como <strong data-start=\"1353\" data-end=\"1378\">\u201cgobierno cachivache\u201d<\/strong>.<\/p>\n<p data-start=\"1381\" data-end=\"1609\">Tambi\u00e9n carg\u00f3 contra quienes, seg\u00fan ella, contin\u00faan impunes: \u201cLos que hicieron el mega canje, endeudaron al pa\u00eds dos veces con el FMI, siguen libres. Cr\u00e9ame que estar presa es un certificado de dignidad\u201d, declar\u00f3 entre aplausos.<\/p>\n<p data-start=\"1611\" data-end=\"1809\">En caso de que prospere una condena judicial, Cristina inst\u00f3 a los dirigentes del PJ a continuar el proceso de unidad sin importar el nombre del candidato: \u201cNo importa el nombre, importa la unidad\u201d.<\/p>\n<p data-start=\"1811\" data-end=\"1956\">Finalmente, se defini\u00f3 como <strong data-start=\"1839\" data-end=\"1866\">\u201cuna fusilada que vive\u201d<\/strong>, en alusi\u00f3n a los intentos de silenciamiento pol\u00edtico que atribuye al \u201cPartido Judicial\u201d.<\/p>\n<hr \/>\n<h2 data-start=\"1811\" data-end=\"1956\">Alianza con Evo Morales<\/h2>\n<p data-start=\"333\" data-end=\"706\">En el marco de una coyuntura judicial en Argentina, Cristina Fern\u00e1ndez de Kirchner reapareci\u00f3 p\u00fablicamente este lunes reafirmando su rol como referente del peronismo. La exmandataria argentina, quien enfrenta una posible condena por corrupci\u00f3n en la causa Vialidad, utiliz\u00f3 su discurso para criticar a los sectores econ\u00f3micos hegem\u00f3nicos y llamar a la unidad de su partido.<\/p>\n<p data-start=\"708\" data-end=\"952\">Sin embargo, m\u00e1s all\u00e1 de sus palabras sobre la pol\u00edtica interna argentina, su figura sigue ligada a una red de alianzas regionales entre l\u00edderes de izquierda. Una de las m\u00e1s notorias es la que mantiene con el expresidente boliviano Evo Morales.<\/p>\n<p data-start=\"954\" data-end=\"1392\">La relaci\u00f3n entre ambos l\u00edderes no es nueva. En noviembre de 2019, cuando Evo Morales renunci\u00f3 a la presidencia de Bolivia en medio de una crisis pol\u00edtica, <strong data-start=\"1110\" data-end=\"1177\">fue recibido en Argentina bajo el gobierno de Alberto Fern\u00e1ndez<\/strong>, quien contaba con <strong data-start=\"1197\" data-end=\"1251\">Cristina Kirchner como vicepresidenta en ejercicio<\/strong>. Ella <strong data-start=\"1258\" data-end=\"1317\">le dio la bienvenida y expres\u00f3 p\u00fablicamente su respaldo<\/strong>, calificando la salida de Morales como el resultado de un golpe de Estado.<\/p>\n<p data-start=\"1394\" data-end=\"1680\">Desde entonces, Cristina y Evo han coincidido en foros como el Grupo de Puebla, reafirmando su visi\u00f3n compartida sobre la soberan\u00eda latinoamericana, la integraci\u00f3n regional y la resistencia a lo que denominan \u201cel lawfare\u201d (la judicializaci\u00f3n de la pol\u00edtica contra l\u00edderes progresistas).<\/p>\n<p data-start=\"1682\" data-end=\"1943\">En su discurso de este 9 de junio, Cristina Kirchner sostuvo que \u201cestar presa es un certificado de dignidad\u201d, mientras que Morales enfrenta tambi\u00e9n m\u00faltiples procesos judiciales en Bolivia, con nuevas denuncias del Gobierno boliviano por instigaci\u00f3n y bloqueos.<\/p>\n","protected":false},"excerpt":{"rendered":"<p>La aliada de Evo Morales en un encendido discurso compar\u00f3 su situaci\u00f3n judicial con una&#8230;<\/p>\n","protected":false},"author":1,"featured_media":1197,"comment_status":"closed","ping_status":"open","sticky":false,"template":"","format":"standard","meta":{"footnotes":""},"categories":[55,43],"tags":[383,385,386,382,387,384,219,388],"class_list":["post-1196","post","type-post","status-publish","format-standard","has-post-thumbnail","hentry","category-world","category-politica","tag-argentina","tag-causa-vialidad","tag-corte-suprema","tag-cristina-fernandez","tag-fmi","tag-partido-justicialista","tag-politica","tag-unidad-del-peronismo"],"featured_image_urls":{"full":["https:\/\/capitalfmbolivia.com\/web\/wp-content\/uploads\/2025\/06\/evoyceistina2016_infodiez1.jpg",600,340,false],"thumbnail":["https:\/\/capitalfmbolivia.com\/web\/wp-content\/uploads\/2025\/06\/evoyceistina2016_infodiez1-150x150.jpg",150,150,true],"medium":["https:\/\/capitalfmbolivia.com\/web\/wp-content\/uploads\/2025\/06\/evoyceistina2016_infodiez1-300x170.jpg",300,170,true],"medium_large":["https:\/\/capitalfmbolivia.com\/web\/wp-content\/uploads\/2025\/06\/evoyceistina2016_infodiez1.jpg",600,340,false],"large":["https:\/\/capitalfmbolivia.com\/web\/wp-content\/uploads\/2025\/06\/evoyceistina2016_infodiez1.jpg",600,340,false],"1536x1536":["https:\/\/capitalfmbolivia.com\/web\/wp-content\/uploads\/2025\/06\/evoyceistina2016_infodiez1.jpg",600,340,false],"2048x2048":["https:\/\/capitalfmbolivia.com\/web\/wp-content\/uploads\/2025\/06\/evoyceistina2016_infodiez1.jpg",600,340,false],"newsphere-slider-full":["https:\/\/capitalfmbolivia.com\/web\/wp-content\/uploads\/2025\/06\/evoyceistina2016_infodiez1.jpg",600,340,false],"newsphere-featured":["https:\/\/capitalfmbolivia.com\/web\/wp-content\/uploads\/2025\/06\/evoyceistina2016_infodiez1.jpg",600,340,false],"newsphere-medium":["https:\/\/capitalfmbolivia.com\/web\/wp-content\/uploads\/2025\/06\/evoyceistina2016_infodiez1.jpg",600,340,false]},"author_info":{"display_name":"redchuqui","author_link":"https:\/\/capitalfmbolivia.com\/web\/author\/redchuqui\/"},"category_info":"<a href=\"https:\/\/capitalfmbolivia.com\/web\/category\/world\/\" rel=\"category tag\">Internacional<\/a> <a href=\"https:\/\/capitalfmbolivia.com\/web\/category\/nacional\/politica\/\" rel=\"category tag\">Politica<\/a>","tag_info":"Politica","comment_count":"0","_links":{"self":[{"href":"https:\/\/capitalfmbolivia.com\/web\/wp-json\/wp\/v2\/posts\/1196","targetHints":{"allow":["GET"]}}],"collection":[{"href":"https:\/\/capitalfmbolivia.com\/web\/wp-json\/wp\/v2\/posts"}],"about":[{"href":"https:\/\/capitalfmbolivia.com\/web\/wp-json\/wp\/v2\/types\/post"}],"author":[{"embeddable":true,"href":"https:\/\/capitalfmbolivia.com\/web\/wp-json\/wp\/v2\/users\/1"}],"replies":[{"embeddable":true,"href":"https:\/\/capitalfmbolivia.com\/web\/wp-json\/wp\/v2\/comments?post=1196"}],"version-history":[{"count":3,"href":"https:\/\/capitalfmbolivia.com\/web\/wp-json\/wp\/v2\/posts\/1196\/revisions"}],"predecessor-version":[{"id":1200,"href":"https:\/\/capitalfmbolivia.com\/web\/wp-json\/wp\/v2\/posts\/1196\/revisions\/1200"}],"wp:featuredmedia":[{"embeddable":true,"href":"https:\/\/capitalfmbolivia.com\/web\/wp-json\/wp\/v2\/media\/1197"}],"wp:attachment":[{"href":"https:\/\/capitalfmbolivia.com\/web\/wp-json\/wp\/v2\/media?parent=1196"}],"wp:term":[{"taxonomy":"category","embeddable":true,"href":"https:\/\/capitalfmbolivia.com\/web\/wp-json\/wp\/v2\/categories?post=1196"},{"taxonomy":"post_tag","embeddable":true,"href":"https:\/\/capitalfmbolivia.com\/web\/wp-json\/wp\/v2\/tags?post=1196"}],"curies":[{"name":"wp","href":"https:\/\/api.w.org\/{rel}","templated":true}]}}