{"id":1209,"date":"2025-06-10T19:33:13","date_gmt":"2025-06-10T23:33:13","guid":{"rendered":"https:\/\/capitalfmbolivia.com\/web\/?p=1209"},"modified":"2025-06-10T19:33:13","modified_gmt":"2025-06-10T23:33:13","slug":"la-corte-suprema-de-argentina-confirma-la-condena-a-cristina-fernandez-de-kirchner-6-anos-de-carcel-e-inhabilitacion-para-cargos-publicos-de-por-vida","status":"publish","type":"post","link":"https:\/\/capitalfmbolivia.com\/web\/world\/2025\/06\/10\/1209\/","title":{"rendered":"La Corte Suprema de Argentina confirma la condena a Cristina Fernandez de Kirchner: 6 a\u00f1os de c\u00e1rcel e inhabilitaci\u00f3n para cargos p\u00fablicos de por vida"},"content":{"rendered":"<p data-start=\"255\" data-end=\"396\">La expresidenta no podr\u00e1 postularse a cargos p\u00fablicos y deber\u00e1 cumplir arresto domiciliario. Su detenci\u00f3n se concretar\u00e1 en los pr\u00f3ximos d\u00edas.<\/p>\n<p data-start=\"398\" data-end=\"789\"><strong data-start=\"398\" data-end=\"435\">Buenos Aires, 10 de junio de 2025<\/strong> \u2014 La <strong data-start=\"441\" data-end=\"483\">Corte Suprema de Justicia de Argentina<\/strong> ha ratificado este martes la condena a <strong data-start=\"523\" data-end=\"557\">Cristina Fern\u00e1ndez de Kirchner<\/strong>, quien deber\u00e1 cumplir <strong data-start=\"580\" data-end=\"604\">seis a\u00f1os de prisi\u00f3n<\/strong> y quedar\u00e1 <strong data-start=\"615\" data-end=\"643\">inhabilitada de por vida<\/strong> para ejercer cargos p\u00fablicos. Se trata de un fallo hist\u00f3rico que pone punto final a su carrera pol\u00edtica y agita el escenario electoral argentino.<\/p>\n<p data-start=\"791\" data-end=\"1173\">La sentencia, dictada en el marco de la <strong data-start=\"831\" data-end=\"849\">Causa Vialidad<\/strong>, sostiene que durante su presidencia (2007-2015), Kirchner cometi\u00f3 actos de <strong data-start=\"926\" data-end=\"940\">corrupci\u00f3n<\/strong> al beneficiar irregularmente con contratos de obras p\u00fablicas al empresario <strong data-start=\"1016\" data-end=\"1031\">L\u00e1zaro B\u00e1ez<\/strong>, en la provincia de Santa Cruz. Seg\u00fan el fallo, parte de esos fondos regresaban a manos de la familia Kirchner a trav\u00e9s de negocios privados.<\/p>\n<p data-start=\"1175\" data-end=\"1422\">La decisi\u00f3n del m\u00e1ximo tribunal fue <strong data-start=\"1211\" data-end=\"1222\">un\u00e1nime<\/strong> y rechaza todos los recursos presentados por su defensa. Esto <strong data-start=\"1285\" data-end=\"1324\">impide su candidatura como diputada<\/strong> bonaerense para las elecciones del 7 de octubre, lo que cambia radicalmente el tablero electoral.<\/p>\n<h3 data-start=\"1424\" data-end=\"1454\">Reacci\u00f3n pol\u00edtica y social<\/h3>\n<p data-start=\"1456\" data-end=\"1910\">El presidente <strong data-start=\"1470\" data-end=\"1486\">Javier Milei<\/strong> celebr\u00f3 la decisi\u00f3n con un breve mensaje en redes sociales: \u201c<strong data-start=\"1548\" data-end=\"1566\">Justicia. Fin.<\/strong>\u201d Por su parte, Cristina Kirchner, desde la sede del <strong data-start=\"1619\" data-end=\"1644\">Partido Justicialista<\/strong>, denunci\u00f3 una persecuci\u00f3n pol\u00edtica y acus\u00f3 a los jueces de actuar en complicidad con el poder econ\u00f3mico. \u201c<strong data-start=\"1751\" data-end=\"1796\">Estar presa es un certificado de dignidad<\/strong>\u201d, declar\u00f3, en un discurso lleno de referencias hist\u00f3ricas y cr\u00edticas a lo que calific\u00f3 como una \u201cCorte corrupta\u201d.<\/p>\n<p data-start=\"1912\" data-end=\"2155\">Desde temprano, <strong data-start=\"1928\" data-end=\"1958\">sindicatos y simpatizantes<\/strong> kirchneristas se movilizaron en las calles de Buenos Aires y La Plata, cortando accesos y manifest\u00e1ndose contra la decisi\u00f3n. Se espera que las movilizaciones se intensifiquen en los pr\u00f3ximos d\u00edas.<\/p>\n<p data-start=\"2157\" data-end=\"2443\">La expresidenta deber\u00e1 presentarse ante el <strong data-start=\"2200\" data-end=\"2227\">Tribunal Oral Federal 2<\/strong> en un plazo de cinco d\u00edas h\u00e1biles. Dada su edad (72 a\u00f1os), cumplir\u00e1 la pena en <strong data-start=\"2307\" data-end=\"2331\">arresto domiciliario<\/strong>, aunque formalmente se tratar\u00e1 de una <strong data-start=\"2370\" data-end=\"2392\">detenci\u00f3n efectiva<\/strong>, algo in\u00e9dito en la historia democr\u00e1tica del pa\u00eds.<\/p>\n<h3 data-start=\"2445\" data-end=\"2472\">Impacto en el peronismo<\/h3>\n<p data-start=\"2474\" data-end=\"2873\">La condena ha unido moment\u00e1neamente a sectores internos del <strong data-start=\"2534\" data-end=\"2547\">peronismo<\/strong>, incluido el gobernador <strong data-start=\"2572\" data-end=\"2589\">Axel Kicillof<\/strong>, el exministro <strong data-start=\"2605\" data-end=\"2621\">Sergio Massa<\/strong> y el expresidente <strong data-start=\"2640\" data-end=\"2661\">Alberto Fern\u00e1ndez<\/strong>, quienes denunciaron irregularidades en el proceso judicial. Sin embargo, analistas consideran que esta situaci\u00f3n podr\u00eda abrir una <strong data-start=\"2793\" data-end=\"2816\">crisis de liderazgo<\/strong> en el movimiento, debilitando la corriente kirchnerista.<\/p>\n<p data-start=\"2875\" data-end=\"3144\">Algunos analistas ya hablan del <strong data-start=\"2907\" data-end=\"2931\">fin del kirchnerismo<\/strong>, la corriente que gobern\u00f3 Argentina por m\u00e1s de dos d\u00e9cadas y que tuvo en Cristina y N\u00e9stor Kirchner a sus principales referentes. Sin esa figura central, el peronismo se ve obligado a buscar una nueva conducci\u00f3n.<\/p>\n","protected":false},"excerpt":{"rendered":"<p>La expresidenta no podr\u00e1 postularse a cargos p\u00fablicos y deber\u00e1 cumplir arresto domiciliario. Su detenci\u00f3n&#8230;<\/p>\n","protected":false},"author":1,"featured_media":1197,"comment_status":"closed","ping_status":"open","sticky":false,"template":"","format":"standard","meta":{"footnotes":""},"categories":[55],"tags":[383,403,385,93,386,399,402,401,400],"class_list":["post-1209","post","type-post","status-publish","format-standard","has-post-thumbnail","hentry","category-world","tag-argentina","tag-arresto-domiciliario","tag-causa-vialidad","tag-corrupcion","tag-corte-suprema","tag-cristina-kirchner","tag-inhabilitacion-politica","tag-javier-milei","tag-peronismo"],"featured_image_urls":{"full":["https:\/\/capitalfmbolivia.com\/web\/wp-content\/uploads\/2025\/06\/evoyceistina2016_infodiez1.jpg",600,340,false],"thumbnail":["https:\/\/capitalfmbolivia.com\/web\/wp-content\/uploads\/2025\/06\/evoyceistina2016_infodiez1-150x150.jpg",150,150,true],"medium":["https:\/\/capitalfmbolivia.com\/web\/wp-content\/uploads\/2025\/06\/evoyceistina2016_infodiez1-300x170.jpg",300,170,true],"medium_large":["https:\/\/capitalfmbolivia.com\/web\/wp-content\/uploads\/2025\/06\/evoyceistina2016_infodiez1.jpg",600,340,false],"large":["https:\/\/capitalfmbolivia.com\/web\/wp-content\/uploads\/2025\/06\/evoyceistina2016_infodiez1.jpg",600,340,false],"1536x1536":["https:\/\/capitalfmbolivia.com\/web\/wp-content\/uploads\/2025\/06\/evoyceistina2016_infodiez1.jpg",600,340,false],"2048x2048":["https:\/\/capitalfmbolivia.com\/web\/wp-content\/uploads\/2025\/06\/evoyceistina2016_infodiez1.jpg",600,340,false],"newsphere-slider-full":["https:\/\/capitalfmbolivia.com\/web\/wp-content\/uploads\/2025\/06\/evoyceistina2016_infodiez1.jpg",600,340,false],"newsphere-featured":["https:\/\/capitalfmbolivia.com\/web\/wp-content\/uploads\/2025\/06\/evoyceistina2016_infodiez1.jpg",600,340,false],"newsphere-medium":["https:\/\/capitalfmbolivia.com\/web\/wp-content\/uploads\/2025\/06\/evoyceistina2016_infodiez1.jpg",600,340,false]},"author_info":{"display_name":"redchuqui","author_link":"https:\/\/capitalfmbolivia.com\/web\/author\/redchuqui\/"},"category_info":"<a href=\"https:\/\/capitalfmbolivia.com\/web\/category\/world\/\" rel=\"category tag\">Internacional<\/a>","tag_info":"Internacional","comment_count":"0","_links":{"self":[{"href":"https:\/\/capitalfmbolivia.com\/web\/wp-json\/wp\/v2\/posts\/1209","targetHints":{"allow":["GET"]}}],"collection":[{"href":"https:\/\/capitalfmbolivia.com\/web\/wp-json\/wp\/v2\/posts"}],"about":[{"href":"https:\/\/capitalfmbolivia.com\/web\/wp-json\/wp\/v2\/types\/post"}],"author":[{"embeddable":true,"href":"https:\/\/capitalfmbolivia.com\/web\/wp-json\/wp\/v2\/users\/1"}],"replies":[{"embeddable":true,"href":"https:\/\/capitalfmbolivia.com\/web\/wp-json\/wp\/v2\/comments?post=1209"}],"version-history":[{"count":1,"href":"https:\/\/capitalfmbolivia.com\/web\/wp-json\/wp\/v2\/posts\/1209\/revisions"}],"predecessor-version":[{"id":1210,"href":"https:\/\/capitalfmbolivia.com\/web\/wp-json\/wp\/v2\/posts\/1209\/revisions\/1210"}],"wp:featuredmedia":[{"embeddable":true,"href":"https:\/\/capitalfmbolivia.com\/web\/wp-json\/wp\/v2\/media\/1197"}],"wp:attachment":[{"href":"https:\/\/capitalfmbolivia.com\/web\/wp-json\/wp\/v2\/media?parent=1209"}],"wp:term":[{"taxonomy":"category","embeddable":true,"href":"https:\/\/capitalfmbolivia.com\/web\/wp-json\/wp\/v2\/categories?post=1209"},{"taxonomy":"post_tag","embeddable":true,"href":"https:\/\/capitalfmbolivia.com\/web\/wp-json\/wp\/v2\/tags?post=1209"}],"curies":[{"name":"wp","href":"https:\/\/api.w.org\/{rel}","templated":true}]}}