{"id":1277,"date":"2025-06-17T14:44:27","date_gmt":"2025-06-17T18:44:27","guid":{"rendered":"https:\/\/capitalfmbolivia.com\/web\/?p=1277"},"modified":"2025-06-17T14:44:27","modified_gmt":"2025-06-17T18:44:27","slug":"cesar-siles-se-presenta-ante-la-fiscalia-y-niega-fuga-no-tengo-nada-que-ocultar","status":"publish","type":"post","link":"https:\/\/capitalfmbolivia.com\/web\/nacional\/politica\/2025\/06\/17\/1277\/","title":{"rendered":"C\u00e9sar Siles se presenta ante la Fiscal\u00eda y niega fuga: \u201cNo tengo nada que ocultar"},"content":{"rendered":"<p data-start=\"343\" data-end=\"685\">El exministro de Justicia, <strong data-start=\"370\" data-end=\"385\">C\u00e9sar Siles<\/strong>, se present\u00f3 voluntariamente ante el <strong data-start=\"423\" data-end=\"445\">Ministerio P\u00fablico<\/strong>, tras su reciente renuncia al cargo y en medio de una investigaci\u00f3n por presunto tr\u00e1fico de influencias y consorcio entre operadores judiciales. En sus redes sociales, afirm\u00f3 categ\u00f3ricamente: <em data-start=\"638\" data-end=\"684\">\u201cNo tengo nada que ocultar. Yo no me escapo\u201d<\/em>.<\/p>\n<hr data-start=\"687\" data-end=\"690\" \/>\n<h2 data-start=\"692\" data-end=\"754\">\ud83d\udd0d Se defiende tras renuncia y esc\u00e1ndalo por audio filtrado<\/h2>\n<p data-start=\"756\" data-end=\"1007\">Siles explic\u00f3 que acudi\u00f3 por iniciativa propia al Ministerio P\u00fablico tras conocer que hab\u00eda sido mencionado en el proceso contra el juez <strong data-start=\"893\" data-end=\"914\">Marcelo Lea Plaza<\/strong>, quien guarda detenci\u00f3n preventiva en <strong data-start=\"953\" data-end=\"966\">San Pedro<\/strong>, y cuya investigaci\u00f3n est\u00e1 bajo reserva.<\/p>\n<p data-start=\"1009\" data-end=\"1159\">En su memorial, Siles solicit\u00f3 formalmente <strong data-start=\"1052\" data-end=\"1094\">acceso al cuadernillo de investigaci\u00f3n<\/strong> y dej\u00f3 constancia de su disposici\u00f3n a colaborar con la justicia.<\/p>\n<blockquote data-start=\"1161\" data-end=\"1339\">\n<p data-start=\"1163\" data-end=\"1339\">\u201cMe presentar\u00e9 voluntariamente ante cualquier citaci\u00f3n o convocatoria de la Fiscal\u00eda General del Estado\u201d, indic\u00f3 la exautoridad, rechazando rumores de intento de fuga del pa\u00eds.<\/p>\n<\/blockquote>\n<hr data-start=\"1341\" data-end=\"1344\" \/>\n<h2 data-start=\"1346\" data-end=\"1386\">\ud83d\udde3\ufe0f Denuncia ataques del \u201cala evista\u201d<\/h2>\n<p data-start=\"1388\" data-end=\"1543\">El exministro tambi\u00e9n se refiri\u00f3 en su publicaci\u00f3n al expresidente <strong data-start=\"1455\" data-end=\"1470\">Evo Morales<\/strong>, a quien acus\u00f3 de liderar ataques y campa\u00f1as de difamaci\u00f3n en su contra.<\/p>\n<blockquote data-start=\"1545\" data-end=\"1714\">\n<p data-start=\"1547\" data-end=\"1714\">\u201cTen\u00eda la certeza de que el innombrable Evo Morales Ayma y su cada vez m\u00e1s reducido y encapsulado s\u00e9quito aprovechar\u00edan cualquier oportunidad para atacarme\u201d, escribi\u00f3.<\/p>\n<\/blockquote>\n<p data-start=\"1716\" data-end=\"1879\">Estas declaraciones llegan en un contexto tenso, luego de que Siles expresara d\u00edas atr\u00e1s que era \u00abel momento\u00bb para ejecutar la orden de aprehensi\u00f3n contra Morales.<\/p>\n<hr data-start=\"1881\" data-end=\"1884\" \/>\n<h2 data-start=\"1886\" data-end=\"1920\">\ud83c\udfa7 Caso audio y crisis judicial<\/h2>\n<p data-start=\"1922\" data-end=\"2153\">La pol\u00e9mica surgi\u00f3 tras la filtraci\u00f3n de un <strong data-start=\"1966\" data-end=\"1993\">audio atribuido a Siles<\/strong>, en el que supuestamente ordena la destituci\u00f3n de una vocal judicial para beneficiar a su suplente. Este registro motiv\u00f3 una investigaci\u00f3n por <strong data-start=\"2137\" data-end=\"2152\">prevaricato<\/strong>.<\/p>\n<p data-start=\"2155\" data-end=\"2170\">Como resultado:<\/p>\n<ul data-start=\"2172\" data-end=\"2525\">\n<li data-start=\"2172\" data-end=\"2269\">\n<p data-start=\"2174\" data-end=\"2269\">La vocal <strong data-start=\"2183\" data-end=\"2201\">Claudia Castro<\/strong> fue <strong data-start=\"2206\" data-end=\"2221\">aprehendida<\/strong> y aguarda su audiencia de medidas cautelares.<\/p>\n<\/li>\n<li data-start=\"2270\" data-end=\"2361\">\n<p data-start=\"2272\" data-end=\"2361\">El juez de Coroico, <strong data-start=\"2292\" data-end=\"2313\">Marcelo Lea Plaza<\/strong>, fue <strong data-start=\"2319\" data-end=\"2358\">enviado preventivamente a San Pedro<\/strong>.<\/p>\n<\/li>\n<li data-start=\"2362\" data-end=\"2525\">\n<p data-start=\"2364\" data-end=\"2525\">El presidente del <strong data-start=\"2382\" data-end=\"2430\">Tribunal Departamental de Justicia de La Paz<\/strong>, <strong data-start=\"2432\" data-end=\"2448\">Yv\u00e1n C\u00f3rdova<\/strong>, renunci\u00f3 y tambi\u00e9n fue incluido en la investigaci\u00f3n como \u201csujeto procesal\u201d.<\/p>\n<\/li>\n<\/ul>\n","protected":false},"excerpt":{"rendered":"<p>El exministro de Justicia, C\u00e9sar Siles, se present\u00f3 voluntariamente ante el Ministerio P\u00fablico, tras su&#8230;<\/p>\n","protected":false},"author":1,"featured_media":1278,"comment_status":"closed","ping_status":"open","sticky":false,"template":"","format":"standard","meta":{"footnotes":""},"categories":[43],"tags":[468,340,467,62,373,341,469,466],"class_list":["post-1277","post","type-post","status-publish","format-standard","has-post-thumbnail","hentry","category-politica","tag-audio-filtrado","tag-cesar-siles","tag-consorcio-judicial","tag-evo-morales","tag-fiscalia","tag-ministerio-de-justicia","tag-renuncia-ministro","tag-trafico-de-influencias"],"featured_image_urls":{"full":["https:\/\/capitalfmbolivia.com\/web\/wp-content\/uploads\/2025\/06\/Cesar20siles207_41.jpeg",1280,847,false],"thumbnail":["https:\/\/capitalfmbolivia.com\/web\/wp-content\/uploads\/2025\/06\/Cesar20siles207_41-150x150.jpeg",150,150,true],"medium":["https:\/\/capitalfmbolivia.com\/web\/wp-content\/uploads\/2025\/06\/Cesar20siles207_41-300x199.jpeg",300,199,true],"medium_large":["https:\/\/capitalfmbolivia.com\/web\/wp-content\/uploads\/2025\/06\/Cesar20siles207_41-768x508.jpeg",640,423,true],"large":["https:\/\/capitalfmbolivia.com\/web\/wp-content\/uploads\/2025\/06\/Cesar20siles207_41-1024x678.jpeg",640,424,true],"1536x1536":["https:\/\/capitalfmbolivia.com\/web\/wp-content\/uploads\/2025\/06\/Cesar20siles207_41.jpeg",1280,847,false],"2048x2048":["https:\/\/capitalfmbolivia.com\/web\/wp-content\/uploads\/2025\/06\/Cesar20siles207_41.jpeg",1280,847,false],"newsphere-slider-full":["https:\/\/capitalfmbolivia.com\/web\/wp-content\/uploads\/2025\/06\/Cesar20siles207_41-1280x720.jpeg",1280,720,true],"newsphere-featured":["https:\/\/capitalfmbolivia.com\/web\/wp-content\/uploads\/2025\/06\/Cesar20siles207_41-1024x678.jpeg",1024,678,true],"newsphere-medium":["https:\/\/capitalfmbolivia.com\/web\/wp-content\/uploads\/2025\/06\/Cesar20siles207_41-720x380.jpeg",720,380,true]},"author_info":{"display_name":"redchuqui","author_link":"https:\/\/capitalfmbolivia.com\/web\/author\/redchuqui\/"},"category_info":"<a href=\"https:\/\/capitalfmbolivia.com\/web\/category\/nacional\/politica\/\" rel=\"category tag\">Politica<\/a>","tag_info":"Politica","comment_count":"0","_links":{"self":[{"href":"https:\/\/capitalfmbolivia.com\/web\/wp-json\/wp\/v2\/posts\/1277","targetHints":{"allow":["GET"]}}],"collection":[{"href":"https:\/\/capitalfmbolivia.com\/web\/wp-json\/wp\/v2\/posts"}],"about":[{"href":"https:\/\/capitalfmbolivia.com\/web\/wp-json\/wp\/v2\/types\/post"}],"author":[{"embeddable":true,"href":"https:\/\/capitalfmbolivia.com\/web\/wp-json\/wp\/v2\/users\/1"}],"replies":[{"embeddable":true,"href":"https:\/\/capitalfmbolivia.com\/web\/wp-json\/wp\/v2\/comments?post=1277"}],"version-history":[{"count":1,"href":"https:\/\/capitalfmbolivia.com\/web\/wp-json\/wp\/v2\/posts\/1277\/revisions"}],"predecessor-version":[{"id":1279,"href":"https:\/\/capitalfmbolivia.com\/web\/wp-json\/wp\/v2\/posts\/1277\/revisions\/1279"}],"wp:featuredmedia":[{"embeddable":true,"href":"https:\/\/capitalfmbolivia.com\/web\/wp-json\/wp\/v2\/media\/1278"}],"wp:attachment":[{"href":"https:\/\/capitalfmbolivia.com\/web\/wp-json\/wp\/v2\/media?parent=1277"}],"wp:term":[{"taxonomy":"category","embeddable":true,"href":"https:\/\/capitalfmbolivia.com\/web\/wp-json\/wp\/v2\/categories?post=1277"},{"taxonomy":"post_tag","embeddable":true,"href":"https:\/\/capitalfmbolivia.com\/web\/wp-json\/wp\/v2\/tags?post=1277"}],"curies":[{"name":"wp","href":"https:\/\/api.w.org\/{rel}","templated":true}]}}