{"id":1282,"date":"2025-06-18T15:58:18","date_gmt":"2025-06-18T19:58:18","guid":{"rendered":"https:\/\/capitalfmbolivia.com\/web\/?p=1282"},"modified":"2025-06-18T15:58:18","modified_gmt":"2025-06-18T19:58:18","slug":"un-abogado-es-el-cuarto-implicado-en-el-caso-consorcio-judicial-que-intento-destituir-a-una-magistrada-del-tsj","status":"publish","type":"post","link":"https:\/\/capitalfmbolivia.com\/web\/nacional\/justicia\/2025\/06\/18\/1282\/","title":{"rendered":"Un abogado es el cuarto implicado en el caso Consorcio Judicial que intent\u00f3 destituir a una magistrada del TSJ"},"content":{"rendered":"<p data-start=\"342\" data-end=\"733\">La Fuerza Especial de Lucha Contra el Crimen (<strong data-start=\"388\" data-end=\"397\">FELCC<\/strong>) aprehendi\u00f3 este mi\u00e9rcoles al abogado <strong data-start=\"436\" data-end=\"459\">Jos\u00e9 Ramiro Uriarte<\/strong>, quien se convierte en el cuarto implicado en el denominado <em data-start=\"520\" data-end=\"545\">caso Consorcio Judicial<\/em>. Este proceso investiga un presunto intento de destituir ilegalmente a la magistrada <strong data-start=\"631\" data-end=\"649\">Fanny Coaquira<\/strong> del <strong data-start=\"654\" data-end=\"692\">Tribunal Supremo de Justicia (TSJ)<\/strong> a trav\u00e9s de un fallo judicial irregular.<\/p>\n<hr data-start=\"735\" data-end=\"738\" \/>\n<h2 data-start=\"740\" data-end=\"768\">\ud83d\udd0d Consorcio bajo la lupa<\/h2>\n<p data-start=\"770\" data-end=\"1113\">Uriarte se present\u00f3 de forma voluntaria ante el Ministerio P\u00fablico para declarar, pero tras su testimonio fue aprehendido y trasladado a celdas de la FELCC. Est\u00e1 acusado por los delitos de <strong data-start=\"959\" data-end=\"985\">tr\u00e1fico de influencias<\/strong> y <strong data-start=\"988\" data-end=\"1035\">consorcio entre jueces, fiscales y abogados<\/strong>, los mismos cargos que enfrentan otros altos funcionarios vinculados al caso.<\/p>\n<h3 data-start=\"1115\" data-end=\"1148\">\ud83d\udc65 \u00bfQui\u00e9nes est\u00e1n implicados?<\/h3>\n<p data-start=\"1150\" data-end=\"1188\">Adem\u00e1s de Uriarte, est\u00e1n involucrados:<\/p>\n<ul data-start=\"1189\" data-end=\"1499\">\n<li data-start=\"1189\" data-end=\"1234\">\n<p data-start=\"1191\" data-end=\"1234\">El exministro de Justicia <strong data-start=\"1217\" data-end=\"1232\">C\u00e9sar Siles<\/strong><\/p>\n<\/li>\n<li data-start=\"1235\" data-end=\"1320\">\n<p data-start=\"1237\" data-end=\"1320\">El expresidente del Tribunal Departamental de Justicia de La Paz <strong data-start=\"1302\" data-end=\"1318\">Iv\u00e1n C\u00f3rdova<\/strong><\/p>\n<\/li>\n<li data-start=\"1321\" data-end=\"1364\">\n<p data-start=\"1323\" data-end=\"1364\">El magistrado suplente <strong data-start=\"1346\" data-end=\"1362\">Iv\u00e1n Campero<\/strong><\/p>\n<\/li>\n<li data-start=\"1365\" data-end=\"1406\">\n<p data-start=\"1367\" data-end=\"1406\">La exvocal del TDJ <strong data-start=\"1386\" data-end=\"1404\">Claudia Castro<\/strong><\/p>\n<\/li>\n<li data-start=\"1407\" data-end=\"1499\">\n<p data-start=\"1409\" data-end=\"1499\">El juez de Coroico <strong data-start=\"1428\" data-end=\"1448\">Marcel Lea Plaza<\/strong>, quien ya guarda detenci\u00f3n preventiva en San Pedro<\/p>\n<\/li>\n<\/ul>\n<hr data-start=\"1501\" data-end=\"1504\" \/>\n<h2 data-start=\"1506\" data-end=\"1530\">\ud83e\uddfe El origen del caso<\/h2>\n<p data-start=\"1532\" data-end=\"1849\">El caso se origin\u00f3 tras una <strong data-start=\"1560\" data-end=\"1586\">acci\u00f3n de cumplimiento<\/strong> presentada el 10 de junio por el ciudadano \u00d3scar Antonio de la Fuente, que deriv\u00f3 en la <strong data-start=\"1675\" data-end=\"1710\">suspensi\u00f3n temporal de Coaquira<\/strong>. Posteriormente, el presidente del TSJ, <strong data-start=\"1751\" data-end=\"1768\">Romer Saucedo<\/strong>, inform\u00f3 que dicha medida fue anulada y que la magistrada contin\u00faa en funciones.<\/p>\n<p data-start=\"1851\" data-end=\"2061\">Mientras tanto, se espera la <strong data-start=\"1880\" data-end=\"1901\">imputaci\u00f3n formal<\/strong> contra Uriarte y contra el magistrado suplente Campero, cuya defensa ya anunci\u00f3 que exigir\u00e1 un <strong data-start=\"1997\" data-end=\"2028\">juicio de responsabilidades<\/strong> y no un proceso penal ordinario.<\/p>\n","protected":false},"excerpt":{"rendered":"<p>La Fuerza Especial de Lucha Contra el Crimen (FELCC) aprehendi\u00f3 este mi\u00e9rcoles al abogado Jos\u00e9&#8230;<\/p>\n","protected":false},"author":1,"featured_media":1283,"comment_status":"closed","ping_status":"open","sticky":false,"template":"","format":"standard","meta":{"footnotes":""},"categories":[39],"tags":[340,467,477,439,476,478,306],"class_list":["post-1282","post","type-post","status-publish","format-standard","has-post-thumbnail","hentry","category-justicia","tag-cesar-siles","tag-consorcio-judicial","tag-corrupcion-judicial","tag-fanny-coaquira","tag-jose-ramiro-uriarte","tag-organo-judicial-bolivia","tag-tribunal-supremo-de-justicia"],"featured_image_urls":{"full":["https:\/\/capitalfmbolivia.com\/web\/wp-content\/uploads\/2025\/06\/Screenshot-2025-06-18-155552.png",1217,867,false],"thumbnail":["https:\/\/capitalfmbolivia.com\/web\/wp-content\/uploads\/2025\/06\/Screenshot-2025-06-18-155552-150x150.png",150,150,true],"medium":["https:\/\/capitalfmbolivia.com\/web\/wp-content\/uploads\/2025\/06\/Screenshot-2025-06-18-155552-300x214.png",300,214,true],"medium_large":["https:\/\/capitalfmbolivia.com\/web\/wp-content\/uploads\/2025\/06\/Screenshot-2025-06-18-155552-768x547.png",640,456,true],"large":["https:\/\/capitalfmbolivia.com\/web\/wp-content\/uploads\/2025\/06\/Screenshot-2025-06-18-155552-1024x730.png",640,456,true],"1536x1536":["https:\/\/capitalfmbolivia.com\/web\/wp-content\/uploads\/2025\/06\/Screenshot-2025-06-18-155552.png",1217,867,false],"2048x2048":["https:\/\/capitalfmbolivia.com\/web\/wp-content\/uploads\/2025\/06\/Screenshot-2025-06-18-155552.png",1217,867,false],"newsphere-slider-full":["https:\/\/capitalfmbolivia.com\/web\/wp-content\/uploads\/2025\/06\/Screenshot-2025-06-18-155552-1217x720.png",1217,720,true],"newsphere-featured":["https:\/\/capitalfmbolivia.com\/web\/wp-content\/uploads\/2025\/06\/Screenshot-2025-06-18-155552-1024x730.png",1024,730,true],"newsphere-medium":["https:\/\/capitalfmbolivia.com\/web\/wp-content\/uploads\/2025\/06\/Screenshot-2025-06-18-155552-720x380.png",720,380,true]},"author_info":{"display_name":"redchuqui","author_link":"https:\/\/capitalfmbolivia.com\/web\/author\/redchuqui\/"},"category_info":"<a href=\"https:\/\/capitalfmbolivia.com\/web\/category\/nacional\/justicia\/\" rel=\"category tag\">Justicia<\/a>","tag_info":"Justicia","comment_count":"0","_links":{"self":[{"href":"https:\/\/capitalfmbolivia.com\/web\/wp-json\/wp\/v2\/posts\/1282","targetHints":{"allow":["GET"]}}],"collection":[{"href":"https:\/\/capitalfmbolivia.com\/web\/wp-json\/wp\/v2\/posts"}],"about":[{"href":"https:\/\/capitalfmbolivia.com\/web\/wp-json\/wp\/v2\/types\/post"}],"author":[{"embeddable":true,"href":"https:\/\/capitalfmbolivia.com\/web\/wp-json\/wp\/v2\/users\/1"}],"replies":[{"embeddable":true,"href":"https:\/\/capitalfmbolivia.com\/web\/wp-json\/wp\/v2\/comments?post=1282"}],"version-history":[{"count":1,"href":"https:\/\/capitalfmbolivia.com\/web\/wp-json\/wp\/v2\/posts\/1282\/revisions"}],"predecessor-version":[{"id":1284,"href":"https:\/\/capitalfmbolivia.com\/web\/wp-json\/wp\/v2\/posts\/1282\/revisions\/1284"}],"wp:featuredmedia":[{"embeddable":true,"href":"https:\/\/capitalfmbolivia.com\/web\/wp-json\/wp\/v2\/media\/1283"}],"wp:attachment":[{"href":"https:\/\/capitalfmbolivia.com\/web\/wp-json\/wp\/v2\/media?parent=1282"}],"wp:term":[{"taxonomy":"category","embeddable":true,"href":"https:\/\/capitalfmbolivia.com\/web\/wp-json\/wp\/v2\/categories?post=1282"},{"taxonomy":"post_tag","embeddable":true,"href":"https:\/\/capitalfmbolivia.com\/web\/wp-json\/wp\/v2\/tags?post=1282"}],"curies":[{"name":"wp","href":"https:\/\/api.w.org\/{rel}","templated":true}]}}