{"id":1285,"date":"2025-06-18T22:55:23","date_gmt":"2025-06-19T02:55:23","guid":{"rendered":"https:\/\/capitalfmbolivia.com\/web\/?p=1285"},"modified":"2025-06-18T23:04:01","modified_gmt":"2025-06-19T03:04:01","slug":"fiscal-general-emite-mandamiento-de-aprehension-contra-el-exministro-cesar-siles-por-el-caso-consorcio-judicial","status":"publish","type":"post","link":"https:\/\/capitalfmbolivia.com\/web\/nacional\/justicia\/2025\/06\/18\/1285\/","title":{"rendered":"Fiscalia emite mandamiento de aprehensi\u00f3n contra el exministro C\u00e9sar Siles por el caso Consorcio Judicial"},"content":{"rendered":"<p data-start=\"312\" data-end=\"666\">\ud83d\udd75\ufe0f\u200d\u2642\ufe0f El exministro de Justicia, <strong data-start=\"384\" data-end=\"399\">C\u00e9sar Siles<\/strong>, es oficialmente buscado por la justicia tras la emisi\u00f3n de una <strong data-start=\"464\" data-end=\"493\">resoluci\u00f3n de aprehensi\u00f3n<\/strong> y un <strong data-start=\"499\" data-end=\"521\">mandamiento formal<\/strong> dentro de la investigaci\u00f3n por el denominado <em data-start=\"567\" data-end=\"592\">caso Consorcio Judicial<\/em>, que involucra a altos funcionarios del sistema judicial y del Ejecutivo.<\/p>\n<hr data-start=\"668\" data-end=\"671\" \/>\n<h2 data-start=\"673\" data-end=\"717\">\ud83d\udce2 Fiscal\u00eda confirma orden de aprehensi\u00f3n<\/h2>\n<p data-start=\"719\" data-end=\"1061\">El fiscal general del Estado, <strong data-start=\"749\" data-end=\"766\">R\u00f3ger Mariaca<\/strong>, confirm\u00f3 en conferencia de prensa que la comisi\u00f3n de fiscales que lleva adelante el proceso <strong data-start=\"860\" data-end=\"892\">emiti\u00f3 la orden contra Siles<\/strong>, quien es investigado por presuntamente haber coordinado la suspensi\u00f3n irregular de la magistrada electa del <strong data-start=\"1002\" data-end=\"1040\">Tribunal Supremo de Justicia (TSJ)<\/strong>, <strong data-start=\"1042\" data-end=\"1060\">Fanny Coaquira<\/strong>.<\/p>\n<blockquote data-start=\"1063\" data-end=\"1216\">\n<p data-start=\"1065\" data-end=\"1216\">\u201cLa comisi\u00f3n de fiscales ha determinado elaborar una resoluci\u00f3n de aprehensi\u00f3n en contra de esta persona y as\u00ed tambi\u00e9n un mandamiento\u201d, se\u00f1al\u00f3 Mariaca.<\/p>\n<\/blockquote>\n<div style=\"position: relative; padding-bottom: 56.25%; height: 0; overflow: hidden; max-width: 100%;\"><iframe style=\"position: absolute; top: 0; left: 0; width: 100%; height: 100%;\" src=\"https:\/\/www.youtube.com\/embed\/v6j5kevzyDs\" frameborder=\"0\" allowfullscreen=\"allowfullscreen\"><span data-mce-type=\"bookmark\" style=\"display: inline-block; width: 0px; overflow: hidden; line-height: 0;\" class=\"mce_SELRES_start\">\ufeff<\/span><br \/>\n<\/iframe><\/div>\n<p data-start=\"1218\" data-end=\"1439\">El Fiscal General asegur\u00f3 que <strong data-start=\"1248\" data-end=\"1290\">se respetar\u00e1n los derechos y garant\u00edas<\/strong> del exministro, como su derecho a la defensa, y record\u00f3 que <strong data-start=\"1351\" data-end=\"1398\">la presunci\u00f3n de inocencia est\u00e1 garantizada<\/strong> por la Constituci\u00f3n Pol\u00edtica del Estado.<\/p>\n<hr data-start=\"1441\" data-end=\"1444\" \/>\n<h2 data-start=\"1446\" data-end=\"1493\">\ud83d\udd0a El caso que destap\u00f3 una red de influencia<\/h2>\n<p data-start=\"1495\" data-end=\"1957\">El caso se origin\u00f3 tras la <strong data-start=\"1522\" data-end=\"1548\">filtraci\u00f3n de un audio<\/strong> atribuido a C\u00e9sar Siles, en el que supuestamente se instru\u00eda la destituci\u00f3n de la magistrada Coaquira. La grabaci\u00f3n deriv\u00f3 en una serie de acciones judiciales y pol\u00edticas que incluyen la <strong data-start=\"1736\" data-end=\"1757\">renuncia de Siles<\/strong>, as\u00ed como la <strong data-start=\"1771\" data-end=\"1818\">aprehensi\u00f3n de otras autoridades judiciales<\/strong> como la vocal <strong data-start=\"1833\" data-end=\"1851\">Claudia Castro<\/strong>, el juez <strong data-start=\"1861\" data-end=\"1881\">Marcel Lea Plaza<\/strong>, y la dimisi\u00f3n del entonces presidente del TDJ de La Paz, <strong data-start=\"1940\" data-end=\"1956\">Yvan C\u00f3rdova<\/strong>.<\/p>\n<hr data-start=\"1959\" data-end=\"1962\" \/>\n<h2 data-start=\"1964\" data-end=\"2005\">\ud83d\udde3\ufe0f Siles: \u201cNo tengo nada que ocultar\u201d<\/h2>\n<p data-start=\"2007\" data-end=\"2182\">D\u00edas despu\u00e9s de su renuncia, Siles se manifest\u00f3 p\u00fablicamente mediante redes sociales afirmando que <strong data-start=\"2106\" data-end=\"2128\">no saldr\u00e1 del pa\u00eds<\/strong> y que <strong data-start=\"2135\" data-end=\"2159\">afrontar\u00e1 el proceso<\/strong> con total disposici\u00f3n.<\/p>\n<blockquote data-start=\"2184\" data-end=\"2352\">\n<p data-start=\"2186\" data-end=\"2352\">\u201cNo tengo nada que ocultar. Yo no me escapo\u201d, escribi\u00f3 el exministro, indicando adem\u00e1s que retomar\u00e1 su rol como docente mientras responde a los procesos que enfrente.<\/p>\n<\/blockquote>\n","protected":false},"excerpt":{"rendered":"<p>\ud83d\udd75\ufe0f\u200d\u2642\ufe0f El exministro de Justicia, C\u00e9sar Siles, es oficialmente buscado por la justicia tras la&#8230;<\/p>\n","protected":false},"author":1,"featured_media":1278,"comment_status":"open","ping_status":"open","sticky":false,"template":"","format":"standard","meta":{"footnotes":""},"categories":[39,40],"tags":[479,340,477,439,480,481,306],"class_list":["post-1285","post","type-post","status-publish","format-standard","has-post-thumbnail","hentry","category-justicia","category-seguridad","tag-caso-consorcio-judicial","tag-cesar-siles","tag-corrupcion-judicial","tag-fanny-coaquira","tag-ministerio-publico-bolivia","tag-orden-de-aprehension","tag-tribunal-supremo-de-justicia"],"featured_image_urls":{"full":["https:\/\/capitalfmbolivia.com\/web\/wp-content\/uploads\/2025\/06\/Cesar20siles207_41.jpeg",1280,847,false],"thumbnail":["https:\/\/capitalfmbolivia.com\/web\/wp-content\/uploads\/2025\/06\/Cesar20siles207_41-150x150.jpeg",150,150,true],"medium":["https:\/\/capitalfmbolivia.com\/web\/wp-content\/uploads\/2025\/06\/Cesar20siles207_41-300x199.jpeg",300,199,true],"medium_large":["https:\/\/capitalfmbolivia.com\/web\/wp-content\/uploads\/2025\/06\/Cesar20siles207_41-768x508.jpeg",640,423,true],"large":["https:\/\/capitalfmbolivia.com\/web\/wp-content\/uploads\/2025\/06\/Cesar20siles207_41-1024x678.jpeg",640,424,true],"1536x1536":["https:\/\/capitalfmbolivia.com\/web\/wp-content\/uploads\/2025\/06\/Cesar20siles207_41.jpeg",1280,847,false],"2048x2048":["https:\/\/capitalfmbolivia.com\/web\/wp-content\/uploads\/2025\/06\/Cesar20siles207_41.jpeg",1280,847,false],"newsphere-slider-full":["https:\/\/capitalfmbolivia.com\/web\/wp-content\/uploads\/2025\/06\/Cesar20siles207_41-1280x720.jpeg",1280,720,true],"newsphere-featured":["https:\/\/capitalfmbolivia.com\/web\/wp-content\/uploads\/2025\/06\/Cesar20siles207_41-1024x678.jpeg",1024,678,true],"newsphere-medium":["https:\/\/capitalfmbolivia.com\/web\/wp-content\/uploads\/2025\/06\/Cesar20siles207_41-720x380.jpeg",720,380,true]},"author_info":{"display_name":"redchuqui","author_link":"https:\/\/capitalfmbolivia.com\/web\/author\/redchuqui\/"},"category_info":"<a href=\"https:\/\/capitalfmbolivia.com\/web\/category\/nacional\/justicia\/\" rel=\"category tag\">Justicia<\/a> <a href=\"https:\/\/capitalfmbolivia.com\/web\/category\/nacional\/seguridad\/\" rel=\"category tag\">Seguridad<\/a>","tag_info":"Seguridad","comment_count":"0","_links":{"self":[{"href":"https:\/\/capitalfmbolivia.com\/web\/wp-json\/wp\/v2\/posts\/1285","targetHints":{"allow":["GET"]}}],"collection":[{"href":"https:\/\/capitalfmbolivia.com\/web\/wp-json\/wp\/v2\/posts"}],"about":[{"href":"https:\/\/capitalfmbolivia.com\/web\/wp-json\/wp\/v2\/types\/post"}],"author":[{"embeddable":true,"href":"https:\/\/capitalfmbolivia.com\/web\/wp-json\/wp\/v2\/users\/1"}],"replies":[{"embeddable":true,"href":"https:\/\/capitalfmbolivia.com\/web\/wp-json\/wp\/v2\/comments?post=1285"}],"version-history":[{"count":2,"href":"https:\/\/capitalfmbolivia.com\/web\/wp-json\/wp\/v2\/posts\/1285\/revisions"}],"predecessor-version":[{"id":1287,"href":"https:\/\/capitalfmbolivia.com\/web\/wp-json\/wp\/v2\/posts\/1285\/revisions\/1287"}],"wp:featuredmedia":[{"embeddable":true,"href":"https:\/\/capitalfmbolivia.com\/web\/wp-json\/wp\/v2\/media\/1278"}],"wp:attachment":[{"href":"https:\/\/capitalfmbolivia.com\/web\/wp-json\/wp\/v2\/media?parent=1285"}],"wp:term":[{"taxonomy":"category","embeddable":true,"href":"https:\/\/capitalfmbolivia.com\/web\/wp-json\/wp\/v2\/categories?post=1285"},{"taxonomy":"post_tag","embeddable":true,"href":"https:\/\/capitalfmbolivia.com\/web\/wp-json\/wp\/v2\/tags?post=1285"}],"curies":[{"name":"wp","href":"https:\/\/api.w.org\/{rel}","templated":true}]}}