{"id":1305,"date":"2025-06-22T21:15:10","date_gmt":"2025-06-23T01:15:10","guid":{"rendered":"https:\/\/capitalfmbolivia.com\/web\/?p=1305"},"modified":"2025-06-22T21:15:10","modified_gmt":"2025-06-23T01:15:10","slug":"cuatro-acusados-del-caso-consorcio-sufren-descompensaciones-tras-audiencias-cautelares","status":"publish","type":"post","link":"https:\/\/capitalfmbolivia.com\/web\/nacional\/justicia\/2025\/06\/22\/1305\/","title":{"rendered":"Cuatro acusados del caso Consorcio sufren descompensaciones tras audiencias cautelares"},"content":{"rendered":"<p data-start=\"229\" data-end=\"601\">\ud83e\ude7a Una serie de complicaciones m\u00e9dicas afectaron a cuatro de los seis implicados en el esc\u00e1ndalo judicial conocido como <em data-start=\"387\" data-end=\"403\">caso Consorcio<\/em>, luego de que enfrentaran audiencias de medidas cautelares por su presunta participaci\u00f3n en un plan para destituir ilegalmente a la magistrada Fanny Coaquira del Tribunal Supremo de Justicia (TSJ).<\/p>\n<hr data-start=\"603\" data-end=\"606\" \/>\n<h2 data-start=\"608\" data-end=\"658\">\ud83d\ude37 Descompensaciones tras decisiones judiciales<\/h2>\n<p data-start=\"660\" data-end=\"1004\">Los sindicados <strong data-start=\"675\" data-end=\"740\">Marcelo Lea Plaza, Claudia Castro, C\u00e9sar Siles e Iv\u00e1n Campero<\/strong> presentaron distintos cuadros de <strong data-start=\"774\" data-end=\"793\">descompensaci\u00f3n<\/strong> justo despu\u00e9s de conocer sus medidas cautelares. Seg\u00fan el m\u00e9dico Bethmar Poma, este tipo de reacci\u00f3n puede estar relacionado con situaciones de fuerte estr\u00e9s que alteran la presi\u00f3n arterial o el ritmo card\u00edaco.<\/p>\n<hr data-start=\"1006\" data-end=\"1009\" \/>\n<h3 data-start=\"1011\" data-end=\"1040\">\ud83d\udc68\u200d\u2696\ufe0f Casos individuales:<\/h3>\n<ul data-start=\"1042\" data-end=\"1775\">\n<li data-start=\"1042\" data-end=\"1246\">\n<p data-start=\"1044\" data-end=\"1246\"><strong data-start=\"1044\" data-end=\"1065\">Marcelo Lea Plaza<\/strong>, juez de Coroico, fue el primero en enfrentar su audiencia el lunes 16 de junio. Tras ser enviado a prisi\u00f3n, fue trasladado a una cl\u00ednica en San Jorge, La Paz, por descompensaci\u00f3n.<\/p>\n<\/li>\n<li data-start=\"1250\" data-end=\"1444\">\n<p data-start=\"1252\" data-end=\"1444\"><strong data-start=\"1252\" data-end=\"1270\">Claudia Castro<\/strong>, exvocal del Tribunal Departamental de Justicia (TDJ) de La Paz, sufri\u00f3 un desmayo tras recibir la orden de detenci\u00f3n preventiva por cuatro meses. Fue evacuada por Bomberos.<\/p>\n<\/li>\n<li data-start=\"1448\" data-end=\"1649\">\n<p data-start=\"1450\" data-end=\"1649\"><strong data-start=\"1450\" data-end=\"1465\">C\u00e9sar Siles<\/strong>, exministro de Justicia, se descompens\u00f3 despu\u00e9s de que el juez determinara su reclusi\u00f3n por cinco meses en el penal de Patacamaya. Fue trasladado a un hospital para evaluaci\u00f3n m\u00e9dica.<\/p>\n<\/li>\n<li data-start=\"1653\" data-end=\"1775\">\n<p data-start=\"1655\" data-end=\"1775\"><strong data-start=\"1655\" data-end=\"1671\">Iv\u00e1n Campero<\/strong>, magistrado suplente, tambi\u00e9n present\u00f3 malestares de salud, aunque su situaci\u00f3n legal sigue en proceso.<\/p>\n<\/li>\n<\/ul>\n<hr data-start=\"1777\" data-end=\"1780\" \/>\n<h2 data-start=\"1782\" data-end=\"1804\">\ud83c\udfe5 Otros implicados<\/h2>\n<p data-start=\"1806\" data-end=\"2173\">Por su parte, el abogado <strong data-start=\"1831\" data-end=\"1854\">Jos\u00e9 Ramiro Uriarte<\/strong> y el expresidente del TDJ <strong data-start=\"1881\" data-end=\"1897\">Iv\u00e1n C\u00f3rdova<\/strong> tambi\u00e9n est\u00e1n implicados en el caso. Uriarte recibi\u00f3 detenci\u00f3n domiciliaria sin complicaciones m\u00e9dicas. C\u00f3rdova, en cambio, fue hospitalizado con diagn\u00f3stico de <strong data-start=\"2059\" data-end=\"2095\">Accidente Cerebro Vascular (ACV)<\/strong> poco despu\u00e9s de ser hallado ebrio en su oficina. Su audiencia est\u00e1 pendiente.<\/p>\n<hr data-start=\"2175\" data-end=\"2178\" \/>\n<h2 data-start=\"2180\" data-end=\"2224\">\u2696\ufe0f Un caso que sacude al sistema judicial<\/h2>\n<p data-start=\"2226\" data-end=\"2630\">El <em data-start=\"2229\" data-end=\"2254\">caso Consorcio Judicial<\/em> implica una presunta red de influencia entre jueces, vocales y operadores del Ejecutivo para <strong data-start=\"2348\" data-end=\"2393\">destituir a una magistrada electa del TSJ<\/strong>, lo que ha generado un fuerte impacto en la credibilidad de la justicia boliviana. La situaci\u00f3n ha escalado hasta involucrar al <strong data-start=\"2522\" data-end=\"2548\">exministro C\u00e9sar Siles<\/strong>, se\u00f1alado como el principal articulador de las acciones, seg\u00fan un audio filtrado.<\/p>\n<p data-start=\"2632\" data-end=\"2721\">Hasta ahora, el presidente <strong data-start=\"2659\" data-end=\"2672\">Luis Arce<\/strong> no se ha pronunciado p\u00fablicamente sobre el caso.<\/p>\n","protected":false},"excerpt":{"rendered":"<p>\ud83e\ude7a Una serie de complicaciones m\u00e9dicas afectaron a cuatro de los seis implicados en el&#8230;<\/p>\n","protected":false},"author":1,"featured_media":1306,"comment_status":"closed","ping_status":"open","sticky":false,"template":"","format":"standard","meta":{"footnotes":""},"categories":[39],"tags":[479,340,482,484,439,483,286,92,441],"class_list":["post-1305","post","type-post","status-publish","format-standard","has-post-thumbnail","hentry","category-justicia","tag-caso-consorcio-judicial","tag-cesar-siles","tag-claudia-castro","tag-escandalo-judicial","tag-fanny-coaquira","tag-ivan-campero","tag-justicia-bolivia","tag-luis-arce","tag-marcelo-lea-plaza"],"featured_image_urls":{"full":["https:\/\/capitalfmbolivia.com\/web\/wp-content\/uploads\/2025\/06\/512770316_1291836382310709_1656622044943966280_n.jpg",1599,1066,false],"thumbnail":["https:\/\/capitalfmbolivia.com\/web\/wp-content\/uploads\/2025\/06\/512770316_1291836382310709_1656622044943966280_n-150x150.jpg",150,150,true],"medium":["https:\/\/capitalfmbolivia.com\/web\/wp-content\/uploads\/2025\/06\/512770316_1291836382310709_1656622044943966280_n-300x200.jpg",300,200,true],"medium_large":["https:\/\/capitalfmbolivia.com\/web\/wp-content\/uploads\/2025\/06\/512770316_1291836382310709_1656622044943966280_n-768x512.jpg",640,427,true],"large":["https:\/\/capitalfmbolivia.com\/web\/wp-content\/uploads\/2025\/06\/512770316_1291836382310709_1656622044943966280_n-1024x683.jpg",640,427,true],"1536x1536":["https:\/\/capitalfmbolivia.com\/web\/wp-content\/uploads\/2025\/06\/512770316_1291836382310709_1656622044943966280_n-1536x1024.jpg",1536,1024,true],"2048x2048":["https:\/\/capitalfmbolivia.com\/web\/wp-content\/uploads\/2025\/06\/512770316_1291836382310709_1656622044943966280_n.jpg",1599,1066,false],"newsphere-slider-full":["https:\/\/capitalfmbolivia.com\/web\/wp-content\/uploads\/2025\/06\/512770316_1291836382310709_1656622044943966280_n-1280x720.jpg",1280,720,true],"newsphere-featured":["https:\/\/capitalfmbolivia.com\/web\/wp-content\/uploads\/2025\/06\/512770316_1291836382310709_1656622044943966280_n-1024x683.jpg",1024,683,true],"newsphere-medium":["https:\/\/capitalfmbolivia.com\/web\/wp-content\/uploads\/2025\/06\/512770316_1291836382310709_1656622044943966280_n-720x380.jpg",720,380,true]},"author_info":{"display_name":"redchuqui","author_link":"https:\/\/capitalfmbolivia.com\/web\/author\/redchuqui\/"},"category_info":"<a href=\"https:\/\/capitalfmbolivia.com\/web\/category\/nacional\/justicia\/\" rel=\"category tag\">Justicia<\/a>","tag_info":"Justicia","comment_count":"0","_links":{"self":[{"href":"https:\/\/capitalfmbolivia.com\/web\/wp-json\/wp\/v2\/posts\/1305","targetHints":{"allow":["GET"]}}],"collection":[{"href":"https:\/\/capitalfmbolivia.com\/web\/wp-json\/wp\/v2\/posts"}],"about":[{"href":"https:\/\/capitalfmbolivia.com\/web\/wp-json\/wp\/v2\/types\/post"}],"author":[{"embeddable":true,"href":"https:\/\/capitalfmbolivia.com\/web\/wp-json\/wp\/v2\/users\/1"}],"replies":[{"embeddable":true,"href":"https:\/\/capitalfmbolivia.com\/web\/wp-json\/wp\/v2\/comments?post=1305"}],"version-history":[{"count":1,"href":"https:\/\/capitalfmbolivia.com\/web\/wp-json\/wp\/v2\/posts\/1305\/revisions"}],"predecessor-version":[{"id":1307,"href":"https:\/\/capitalfmbolivia.com\/web\/wp-json\/wp\/v2\/posts\/1305\/revisions\/1307"}],"wp:featuredmedia":[{"embeddable":true,"href":"https:\/\/capitalfmbolivia.com\/web\/wp-json\/wp\/v2\/media\/1306"}],"wp:attachment":[{"href":"https:\/\/capitalfmbolivia.com\/web\/wp-json\/wp\/v2\/media?parent=1305"}],"wp:term":[{"taxonomy":"category","embeddable":true,"href":"https:\/\/capitalfmbolivia.com\/web\/wp-json\/wp\/v2\/categories?post=1305"},{"taxonomy":"post_tag","embeddable":true,"href":"https:\/\/capitalfmbolivia.com\/web\/wp-json\/wp\/v2\/tags?post=1305"}],"curies":[{"name":"wp","href":"https:\/\/api.w.org\/{rel}","templated":true}]}}