{"id":1308,"date":"2025-06-23T15:26:10","date_gmt":"2025-06-23T19:26:10","guid":{"rendered":"https:\/\/capitalfmbolivia.com\/web\/?p=1308"},"modified":"2025-06-23T15:26:10","modified_gmt":"2025-06-23T19:26:10","slug":"fiscalia-descarta-delito-ministro-de-trabajo-murio-por-broncoaspiracion","status":"publish","type":"post","link":"https:\/\/capitalfmbolivia.com\/web\/nacional\/seguridad\/2025\/06\/23\/1308\/","title":{"rendered":"Fiscal\u00eda descarta delito: Ministro de Trabajo muri\u00f3 por broncoaspiraci\u00f3n"},"content":{"rendered":"<p data-start=\"264\" data-end=\"539\">\ud83d\udccc El fiscal Carlos Cortez inform\u00f3 que la causa del fallecimiento del ministro de Trabajo, Erland Rodr\u00edguez, fue una <strong data-start=\"424\" data-end=\"465\">asfixia mec\u00e1nica por broncoaspiraci\u00f3n<\/strong>, descart\u00e1ndose la existencia de mano criminal tras la autopsia realizada.<\/p>\n<hr data-start=\"541\" data-end=\"544\" \/>\n<h2 data-start=\"546\" data-end=\"586\">\u2696\ufe0f Informe oficial descarta asesinato<\/h2>\n<p data-start=\"588\" data-end=\"816\">El ministro Erland Rodr\u00edguez falleci\u00f3 el pasado s\u00e1bado tras participar en los actos conmemorativos del <strong data-start=\"691\" data-end=\"721\">A\u00f1o Nuevo Andino Amaz\u00f3nico<\/strong>. El cuerpo fue encontrado en su domicilio y trasladado para la autopsia legal correspondiente.<\/p>\n<p data-start=\"818\" data-end=\"1045\">El fiscal a cargo, <strong data-start=\"837\" data-end=\"854\">Carlos Cortez<\/strong>, explic\u00f3 que se encontr\u00f3 <strong data-start=\"880\" data-end=\"928\">contenido g\u00e1strico en las v\u00edas respiratorias<\/strong>, lo que confirma que el ministro <strong data-start=\"962\" data-end=\"997\">regurgit\u00f3 y aspir\u00f3 el contenido<\/strong>, provocando su muerte por <strong data-start=\"1024\" data-end=\"1044\">broncoaspiraci\u00f3n<\/strong>.<\/p>\n<blockquote data-start=\"1047\" data-end=\"1264\">\n<p data-start=\"1049\" data-end=\"1264\">\u201cSe ha establecido que esta persona falleci\u00f3 por una asfixia mec\u00e1nica por broncoaspiraci\u00f3n. Esto significa que \u00e9l ha regurgitado y aspirado este contenido hasta los pulmones, lo que caus\u00f3 su muerte\u201d, declar\u00f3 Cortez.<\/p>\n<\/blockquote>\n<hr data-start=\"1266\" data-end=\"1269\" \/>\n<h2 data-start=\"1271\" data-end=\"1325\">\ud83d\udc65 Funeral con presencia de organizaciones sociales<\/h2>\n<p data-start=\"1327\" data-end=\"1543\">El velorio del ministro se realiza este lunes en la sede de la <strong data-start=\"1390\" data-end=\"1434\">Central Obrera Regional (COR) de El Alto<\/strong>, donde dirigentes y representantes de organizaciones sociales acudieron a despedir a la autoridad fallecida.<\/p>\n<hr data-start=\"1545\" data-end=\"1548\" \/>\n<h2 data-start=\"1550\" data-end=\"1584\">\ud83d\udd0e Investigaci\u00f3n complementaria<\/h2>\n<p data-start=\"1586\" data-end=\"1750\">Aunque el dictamen forense ha confirmado la causa de muerte, el Ministerio P\u00fablico a\u00fan aguarda los resultados de otras pericias complementarias para cerrar el caso.<\/p>\n<p data-start=\"1752\" data-end=\"1984\">El fiscal Cortez reiter\u00f3 que, m\u00e1s all\u00e1 de las especulaciones sobre la condici\u00f3n del ministro en el momento del fallecimiento, <strong data-start=\"1878\" data-end=\"1944\">el punto central ha sido determinar la causa real de su muerte<\/strong>, la cual no fue provocada por terceros.<\/p>\n","protected":false},"excerpt":{"rendered":"<p>\ud83d\udccc El fiscal Carlos Cortez inform\u00f3 que la causa del fallecimiento del ministro de Trabajo,&#8230;<\/p>\n","protected":false},"author":1,"featured_media":1309,"comment_status":"closed","ping_status":"open","sticky":false,"template":"","format":"standard","meta":{"footnotes":""},"categories":[40],"tags":[490,488,487,485,491,489,486],"class_list":["post-1308","post","type-post","status-publish","format-standard","has-post-thumbnail","hentry","category-seguridad","tag-ano-nuevo-andino","tag-autopsia","tag-broncoaspiracion","tag-erland-rodriguez","tag-fallecimiento-ministro","tag-fiscalia-la-paz","tag-ministro-de-trabajo"],"featured_image_urls":{"full":["https:\/\/capitalfmbolivia.com\/web\/wp-content\/uploads\/2025\/06\/foto-ministro-web1.png",2523,1755,false],"thumbnail":["https:\/\/capitalfmbolivia.com\/web\/wp-content\/uploads\/2025\/06\/foto-ministro-web1-150x150.png",150,150,true],"medium":["https:\/\/capitalfmbolivia.com\/web\/wp-content\/uploads\/2025\/06\/foto-ministro-web1-300x209.png",300,209,true],"medium_large":["https:\/\/capitalfmbolivia.com\/web\/wp-content\/uploads\/2025\/06\/foto-ministro-web1-768x534.png",640,445,true],"large":["https:\/\/capitalfmbolivia.com\/web\/wp-content\/uploads\/2025\/06\/foto-ministro-web1-1024x712.png",640,445,true],"1536x1536":["https:\/\/capitalfmbolivia.com\/web\/wp-content\/uploads\/2025\/06\/foto-ministro-web1-1536x1068.png",1536,1068,true],"2048x2048":["https:\/\/capitalfmbolivia.com\/web\/wp-content\/uploads\/2025\/06\/foto-ministro-web1-2048x1425.png",2048,1425,true],"newsphere-slider-full":["https:\/\/capitalfmbolivia.com\/web\/wp-content\/uploads\/2025\/06\/foto-ministro-web1-1280x720.png",1280,720,true],"newsphere-featured":["https:\/\/capitalfmbolivia.com\/web\/wp-content\/uploads\/2025\/06\/foto-ministro-web1-1024x712.png",1024,712,true],"newsphere-medium":["https:\/\/capitalfmbolivia.com\/web\/wp-content\/uploads\/2025\/06\/foto-ministro-web1-720x380.png",720,380,true]},"author_info":{"display_name":"redchuqui","author_link":"https:\/\/capitalfmbolivia.com\/web\/author\/redchuqui\/"},"category_info":"<a href=\"https:\/\/capitalfmbolivia.com\/web\/category\/nacional\/seguridad\/\" rel=\"category tag\">Seguridad<\/a>","tag_info":"Seguridad","comment_count":"0","_links":{"self":[{"href":"https:\/\/capitalfmbolivia.com\/web\/wp-json\/wp\/v2\/posts\/1308","targetHints":{"allow":["GET"]}}],"collection":[{"href":"https:\/\/capitalfmbolivia.com\/web\/wp-json\/wp\/v2\/posts"}],"about":[{"href":"https:\/\/capitalfmbolivia.com\/web\/wp-json\/wp\/v2\/types\/post"}],"author":[{"embeddable":true,"href":"https:\/\/capitalfmbolivia.com\/web\/wp-json\/wp\/v2\/users\/1"}],"replies":[{"embeddable":true,"href":"https:\/\/capitalfmbolivia.com\/web\/wp-json\/wp\/v2\/comments?post=1308"}],"version-history":[{"count":1,"href":"https:\/\/capitalfmbolivia.com\/web\/wp-json\/wp\/v2\/posts\/1308\/revisions"}],"predecessor-version":[{"id":1310,"href":"https:\/\/capitalfmbolivia.com\/web\/wp-json\/wp\/v2\/posts\/1308\/revisions\/1310"}],"wp:featuredmedia":[{"embeddable":true,"href":"https:\/\/capitalfmbolivia.com\/web\/wp-json\/wp\/v2\/media\/1309"}],"wp:attachment":[{"href":"https:\/\/capitalfmbolivia.com\/web\/wp-json\/wp\/v2\/media?parent=1308"}],"wp:term":[{"taxonomy":"category","embeddable":true,"href":"https:\/\/capitalfmbolivia.com\/web\/wp-json\/wp\/v2\/categories?post=1308"},{"taxonomy":"post_tag","embeddable":true,"href":"https:\/\/capitalfmbolivia.com\/web\/wp-json\/wp\/v2\/tags?post=1308"}],"curies":[{"name":"wp","href":"https:\/\/api.w.org\/{rel}","templated":true}]}}