{"id":1316,"date":"2025-09-01T21:18:42","date_gmt":"2025-09-02T01:18:42","guid":{"rendered":"https:\/\/capitalfmbolivia.com\/web\/?p=1316"},"modified":"2025-09-01T21:18:42","modified_gmt":"2025-09-02T01:18:42","slug":"universitarios-piden-que-arce-no-vuelva-a-dictar-clases","status":"publish","type":"post","link":"https:\/\/capitalfmbolivia.com\/web\/nacional\/educacion\/2025\/09\/01\/1316\/","title":{"rendered":"Universitarios piden que Arce no vuelva a dictar clases"},"content":{"rendered":"<p data-start=\"271\" data-end=\"529\">La Confederaci\u00f3n Universitaria Boliviana (CUB) pidi\u00f3 que el presidente del Estado, Luis Arce Catacora, no vuelva a dictar clases en la carrera de Econom\u00eda de la Universidad Mayor de San Andr\u00e9s (UMSA) debido a la crisis econ\u00f3mica registrada bajo su mandato.<\/p>\n<p data-start=\"531\" data-end=\"805\">\u201cNo puede ser posible que despu\u00e9s de una mala administraci\u00f3n del Estado, con crisis econ\u00f3mica, falta de combustible y un alza de la canasta familiar, el (presidente Arce) quiera dejar el Gobierno y dedicarse a la docencia universitaria\u201d, se\u00f1al\u00f3 un representante de la CUB.<\/p>\n<p data-start=\"807\" data-end=\"1112\">El documento enviado por la organizaci\u00f3n universitaria, firmado por Henry Blanco y Hugo Quispe, solicita suspender la carga horaria del docente \u201cpara limpiar la imagen de la universidad como beneficio para la comunidad universitaria\u201d. De no cumplirse, advirtieron con medidas como la toma de la carrera.<\/p>\n<p data-start=\"1114\" data-end=\"1341\">El 21 de agosto, Arce anunci\u00f3 que tras dejar el Gobierno en noviembre volver\u00e1 a la docencia universitaria, y record\u00f3 que en octubre debe viajar a Brasil para su control m\u00e9dico rutinario por el c\u00e1ncer que logr\u00f3 vencer en 2017.<\/p>\n","protected":false},"excerpt":{"rendered":"<p>La Confederaci\u00f3n Universitaria Boliviana (CUB) pidi\u00f3 que el presidente del Estado, Luis Arce Catacora, no&#8230;<\/p>\n","protected":false},"author":1,"featured_media":1317,"comment_status":"closed","ping_status":"closed","sticky":false,"template":"","format":"standard","meta":{"footnotes":""},"categories":[42,43],"tags":[241,94,497,499,92,103,496,498],"class_list":["post-1316","post","type-post","status-publish","format-standard","has-post-thumbnail","hentry","category-educacion","category-politica","tag-combustibles","tag-crisis-economica","tag-cub","tag-educacion-superior","tag-luis-arce","tag-politica-boliviana","tag-umsa","tag-universitarios"],"featured_image_urls":{"full":["https:\/\/capitalfmbolivia.com\/web\/wp-content\/uploads\/2025\/09\/md.webp",992,648,false],"thumbnail":["https:\/\/capitalfmbolivia.com\/web\/wp-content\/uploads\/2025\/09\/md-150x150.webp",150,150,true],"medium":["https:\/\/capitalfmbolivia.com\/web\/wp-content\/uploads\/2025\/09\/md-300x196.webp",300,196,true],"medium_large":["https:\/\/capitalfmbolivia.com\/web\/wp-content\/uploads\/2025\/09\/md-768x502.webp",640,418,true],"large":["https:\/\/capitalfmbolivia.com\/web\/wp-content\/uploads\/2025\/09\/md.webp",640,418,false],"1536x1536":["https:\/\/capitalfmbolivia.com\/web\/wp-content\/uploads\/2025\/09\/md.webp",992,648,false],"2048x2048":["https:\/\/capitalfmbolivia.com\/web\/wp-content\/uploads\/2025\/09\/md.webp",992,648,false],"newsphere-slider-full":["https:\/\/capitalfmbolivia.com\/web\/wp-content\/uploads\/2025\/09\/md.webp",992,648,false],"newsphere-featured":["https:\/\/capitalfmbolivia.com\/web\/wp-content\/uploads\/2025\/09\/md.webp",992,648,false],"newsphere-medium":["https:\/\/capitalfmbolivia.com\/web\/wp-content\/uploads\/2025\/09\/md-720x380.webp",720,380,true]},"author_info":{"display_name":"redchuqui","author_link":"https:\/\/capitalfmbolivia.com\/web\/author\/redchuqui\/"},"category_info":"<a href=\"https:\/\/capitalfmbolivia.com\/web\/category\/nacional\/educacion\/\" rel=\"category tag\">Educaci\u00f3n<\/a> <a href=\"https:\/\/capitalfmbolivia.com\/web\/category\/nacional\/politica\/\" rel=\"category tag\">Politica<\/a>","tag_info":"Politica","comment_count":"0","_links":{"self":[{"href":"https:\/\/capitalfmbolivia.com\/web\/wp-json\/wp\/v2\/posts\/1316","targetHints":{"allow":["GET"]}}],"collection":[{"href":"https:\/\/capitalfmbolivia.com\/web\/wp-json\/wp\/v2\/posts"}],"about":[{"href":"https:\/\/capitalfmbolivia.com\/web\/wp-json\/wp\/v2\/types\/post"}],"author":[{"embeddable":true,"href":"https:\/\/capitalfmbolivia.com\/web\/wp-json\/wp\/v2\/users\/1"}],"replies":[{"embeddable":true,"href":"https:\/\/capitalfmbolivia.com\/web\/wp-json\/wp\/v2\/comments?post=1316"}],"version-history":[{"count":1,"href":"https:\/\/capitalfmbolivia.com\/web\/wp-json\/wp\/v2\/posts\/1316\/revisions"}],"predecessor-version":[{"id":1318,"href":"https:\/\/capitalfmbolivia.com\/web\/wp-json\/wp\/v2\/posts\/1316\/revisions\/1318"}],"wp:featuredmedia":[{"embeddable":true,"href":"https:\/\/capitalfmbolivia.com\/web\/wp-json\/wp\/v2\/media\/1317"}],"wp:attachment":[{"href":"https:\/\/capitalfmbolivia.com\/web\/wp-json\/wp\/v2\/media?parent=1316"}],"wp:term":[{"taxonomy":"category","embeddable":true,"href":"https:\/\/capitalfmbolivia.com\/web\/wp-json\/wp\/v2\/categories?post=1316"},{"taxonomy":"post_tag","embeddable":true,"href":"https:\/\/capitalfmbolivia.com\/web\/wp-json\/wp\/v2\/tags?post=1316"}],"curies":[{"name":"wp","href":"https:\/\/api.w.org\/{rel}","templated":true}]}}