{"id":1323,"date":"2025-09-02T00:35:40","date_gmt":"2025-09-02T04:35:40","guid":{"rendered":"https:\/\/capitalfmbolivia.com\/web\/?p=1323"},"modified":"2025-09-02T00:43:46","modified_gmt":"2025-09-02T04:43:46","slug":"fallece-el-exalcalde-cruceno-percy-fernandez-a-los-86-anos","status":"publish","type":"post","link":"https:\/\/capitalfmbolivia.com\/web\/nacional\/politica\/2025\/09\/02\/1323\/","title":{"rendered":"Fallece el exalcalde cruce\u00f1o Percy Fern\u00e1ndez a los 86 a\u00f1os"},"content":{"rendered":"<p data-start=\"219\" data-end=\"574\">La poblaci\u00f3n de <strong data-start=\"235\" data-end=\"262\">Santa Cruz de la Sierra<\/strong> recibi\u00f3 con pesar la noticia del fallecimiento del exalcalde <strong data-start=\"324\" data-end=\"343\">Percy Fern\u00e1ndez<\/strong>, quien parti\u00f3 de este mundo a los <strong data-start=\"378\" data-end=\"389\">86 a\u00f1os<\/strong>. La exautoridad municipal, recordada por su estilo singular de hacer pol\u00edtica y por encabezar varias gestiones al frente de la comuna, llevaba varios a\u00f1os alejado de la vida p\u00fablica.<\/p>\n<p data-start=\"576\" data-end=\"872\">Su retiro se debi\u00f3 al <strong data-start=\"598\" data-end=\"626\">delicado estado de salud<\/strong> que atravesaba. De acuerdo con informes m\u00e9dicos difundidos en 2022, Fern\u00e1ndez hab\u00eda sufrido <strong data-start=\"719\" data-end=\"748\">siete infartos cerebrales<\/strong> y enfrentaba enfermedades como <strong data-start=\"780\" data-end=\"815\">Alzheimer, diabetes y Parkinson<\/strong>, lo que marc\u00f3 su paulatino distanciamiento desde 2020.<\/p>\n<p data-start=\"576\" data-end=\"872\"><iframe loading=\"lazy\" style=\"border: none; overflow: hidden;\" src=\"https:\/\/www.facebook.com\/plugins\/post.php?href=https%3A%2F%2Fwww.facebook.com%2Freel%2F657651194032039&amp;width=500&amp;show_text=true&amp;appId=1758778655020084&amp;height=281\" width=\"500\" height=\"281\" frameborder=\"0\" scrolling=\"no\" allowfullscreen=\"allowfullscreen\"><span data-mce-type=\"bookmark\" style=\"display: inline-block; width: 0px; overflow: hidden; line-height: 0;\" class=\"mce_SELRES_start\">\ufeff<\/span><\/iframe><\/p>\n<p data-start=\"874\" data-end=\"1089\">La primera expresi\u00f3n oficial de condolencia lleg\u00f3 desde el <strong data-start=\"933\" data-end=\"982\">Gobierno Aut\u00f3nomo Departamental de Santa Cruz<\/strong>, a trav\u00e9s de un mensaje del gobernador <strong data-start=\"1022\" data-end=\"1047\">Luis Fernando Camacho<\/strong>, quien destac\u00f3 el legado del exalcalde:<\/p>\n<blockquote data-start=\"1090\" data-end=\"1422\">\n<p data-start=\"1092\" data-end=\"1422\">\u201cCon profundo pesar despedimos al Ing. Percy Fern\u00e1ndez, exalcalde de Santa Cruz de la Sierra, quien dedic\u00f3 su vida al servicio de la ciudad y ser\u00e1 recordado por su legado como ingeniero visionario y l\u00edder municipal. Su huella en el desarrollo de nuestra capital cruce\u00f1a permanecer\u00e1 viva en cada obra\u201d, se\u00f1ala el pronunciamiento.<\/p>\n<\/blockquote>\n","protected":false},"excerpt":{"rendered":"<p>La poblaci\u00f3n de Santa Cruz de la Sierra recibi\u00f3 con pesar la noticia del fallecimiento&#8230;<\/p>\n","protected":false},"author":1,"featured_media":1324,"comment_status":"closed","ping_status":"open","sticky":false,"template":"","format":"standard","meta":{"footnotes":""},"categories":[43],"tags":[506,507,509,508,505,103,101],"class_list":["post-1323","post","type-post","status-publish","format-standard","has-post-thumbnail","hentry","category-politica","tag-exalcalde","tag-fallecimiento","tag-gobierno-departamental","tag-luis-fernando-camacho","tag-percy-fernandez","tag-politica-boliviana","tag-santa-cruz"],"featured_image_urls":{"full":["https:\/\/capitalfmbolivia.com\/web\/wp-content\/uploads\/2025\/09\/percy-fernandez-scz_01.jpg",1000,692,false],"thumbnail":["https:\/\/capitalfmbolivia.com\/web\/wp-content\/uploads\/2025\/09\/percy-fernandez-scz_01-150x150.jpg",150,150,true],"medium":["https:\/\/capitalfmbolivia.com\/web\/wp-content\/uploads\/2025\/09\/percy-fernandez-scz_01-300x208.jpg",300,208,true],"medium_large":["https:\/\/capitalfmbolivia.com\/web\/wp-content\/uploads\/2025\/09\/percy-fernandez-scz_01-768x531.jpg",640,443,true],"large":["https:\/\/capitalfmbolivia.com\/web\/wp-content\/uploads\/2025\/09\/percy-fernandez-scz_01.jpg",640,443,false],"1536x1536":["https:\/\/capitalfmbolivia.com\/web\/wp-content\/uploads\/2025\/09\/percy-fernandez-scz_01.jpg",1000,692,false],"2048x2048":["https:\/\/capitalfmbolivia.com\/web\/wp-content\/uploads\/2025\/09\/percy-fernandez-scz_01.jpg",1000,692,false],"newsphere-slider-full":["https:\/\/capitalfmbolivia.com\/web\/wp-content\/uploads\/2025\/09\/percy-fernandez-scz_01.jpg",1000,692,false],"newsphere-featured":["https:\/\/capitalfmbolivia.com\/web\/wp-content\/uploads\/2025\/09\/percy-fernandez-scz_01.jpg",1000,692,false],"newsphere-medium":["https:\/\/capitalfmbolivia.com\/web\/wp-content\/uploads\/2025\/09\/percy-fernandez-scz_01-720x380.jpg",720,380,true]},"author_info":{"display_name":"redchuqui","author_link":"https:\/\/capitalfmbolivia.com\/web\/author\/redchuqui\/"},"category_info":"<a href=\"https:\/\/capitalfmbolivia.com\/web\/category\/nacional\/politica\/\" rel=\"category tag\">Politica<\/a>","tag_info":"Politica","comment_count":"0","_links":{"self":[{"href":"https:\/\/capitalfmbolivia.com\/web\/wp-json\/wp\/v2\/posts\/1323","targetHints":{"allow":["GET"]}}],"collection":[{"href":"https:\/\/capitalfmbolivia.com\/web\/wp-json\/wp\/v2\/posts"}],"about":[{"href":"https:\/\/capitalfmbolivia.com\/web\/wp-json\/wp\/v2\/types\/post"}],"author":[{"embeddable":true,"href":"https:\/\/capitalfmbolivia.com\/web\/wp-json\/wp\/v2\/users\/1"}],"replies":[{"embeddable":true,"href":"https:\/\/capitalfmbolivia.com\/web\/wp-json\/wp\/v2\/comments?post=1323"}],"version-history":[{"count":3,"href":"https:\/\/capitalfmbolivia.com\/web\/wp-json\/wp\/v2\/posts\/1323\/revisions"}],"predecessor-version":[{"id":1327,"href":"https:\/\/capitalfmbolivia.com\/web\/wp-json\/wp\/v2\/posts\/1323\/revisions\/1327"}],"wp:featuredmedia":[{"embeddable":true,"href":"https:\/\/capitalfmbolivia.com\/web\/wp-json\/wp\/v2\/media\/1324"}],"wp:attachment":[{"href":"https:\/\/capitalfmbolivia.com\/web\/wp-json\/wp\/v2\/media?parent=1323"}],"wp:term":[{"taxonomy":"category","embeddable":true,"href":"https:\/\/capitalfmbolivia.com\/web\/wp-json\/wp\/v2\/categories?post=1323"},{"taxonomy":"post_tag","embeddable":true,"href":"https:\/\/capitalfmbolivia.com\/web\/wp-json\/wp\/v2\/tags?post=1323"}],"curies":[{"name":"wp","href":"https:\/\/api.w.org\/{rel}","templated":true}]}}