{"id":1328,"date":"2025-09-03T01:47:02","date_gmt":"2025-09-03T05:47:02","guid":{"rendered":"https:\/\/capitalfmbolivia.com\/web\/?p=1328"},"modified":"2025-09-03T01:55:32","modified_gmt":"2025-09-03T05:55:32","slug":"caso-pederastia-dos-sacerdotes-jesuitas-condenados-por-encubrimiento-en-cochabamba","status":"publish","type":"post","link":"https:\/\/capitalfmbolivia.com\/web\/nacional\/justicia\/2025\/09\/03\/1328\/","title":{"rendered":"Caso pederastia: dos sacerdotes jesuitas condenados por encubrimiento en Cochabamba"},"content":{"rendered":"<p data-start=\"247\" data-end=\"637\">El <strong data-start=\"250\" data-end=\"286\">Ministerio P\u00fablico en Cochabamba<\/strong> inform\u00f3 este martes que los sacerdotes jesuitas y exprovinciales <strong data-start=\"352\" data-end=\"371\">Marcos R. D. A.<\/strong> (81) y <strong data-start=\"379\" data-end=\"394\">Ram\u00f3n A. B.<\/strong> (83) fueron sentenciados a <strong data-start=\"422\" data-end=\"443\">un a\u00f1o de prisi\u00f3n<\/strong> por el delito de <strong data-start=\"461\" data-end=\"478\">encubrimiento<\/strong> en favor del fallecido sacerdote <strong data-start=\"512\" data-end=\"532\">Alfonso Pedrajas<\/strong>, acusado de haber cometido abusos sexuales contra menores de un internado donde ejerc\u00eda como educador.<\/p>\n<p data-start=\"639\" data-end=\"945\">El fiscal departamental <strong data-start=\"663\" data-end=\"688\">Osvaldo Tejerina R\u00edos<\/strong> explic\u00f3 que, durante la audiencia, se presentaron pruebas documentales y testimoniales que demostraron que los exprovinciales conoc\u00edan los hechos pero no los denunciaron, permitiendo que Pedrajas continuara vinculado a los estudiantes sin sanci\u00f3n alguna.<\/p>\n<p data-start=\"639\" data-end=\"945\"><iframe loading=\"lazy\" style=\"border: none; overflow: hidden;\" src=\"https:\/\/www.facebook.com\/plugins\/post.php?href=https%3A%2F%2Fwww.facebook.com%2Freel%2F1126301085533461&amp;width=500&amp;show_text=true&amp;appId=1758778655020084&amp;height=693\" width=\"500\" height=\"693\" frameborder=\"0\" scrolling=\"no\" allowfullscreen=\"allowfullscreen\"><\/iframe><\/p>\n<blockquote data-start=\"946\" data-end=\"1127\">\n<p data-start=\"948\" data-end=\"1127\">\u201cSe trata de un precedente importante en la justicia boliviana, que deja en claro que quienes encubran delitos contra la ni\u00f1ez no quedar\u00e1n en la impunidad\u201d, se\u00f1al\u00f3 la autoridad.<\/p>\n<\/blockquote>\n<p data-start=\"1129\" data-end=\"1498\">La <strong data-start=\"1132\" data-end=\"1156\">Comisi\u00f3n de Fiscales<\/strong>, integrada por <strong data-start=\"1172\" data-end=\"1189\">Ximena Mota\u00f1o<\/strong> y <strong data-start=\"1192\" data-end=\"1210\">Paola Mart\u00ednez<\/strong>, precis\u00f3 que el proceso judicial enfrent\u00f3 varios retrasos por problemas de salud de los acusados y por recursos legales interpuestos por la defensa, entre ellos solicitudes de prescripci\u00f3n y de extinci\u00f3n de la acci\u00f3n penal, todas rechazadas por el juez de Sentencia N\u00b0 4 de la capital.<\/p>\n<p data-start=\"1500\" data-end=\"1752\">El juicio se extendi\u00f3 por cerca de <strong data-start=\"1535\" data-end=\"1548\">dos meses<\/strong>, y finalmente concluy\u00f3 con una sentencia condenatoria que, seg\u00fan la Fiscal\u00eda, aunque sea de <strong data-start=\"1641\" data-end=\"1662\">un a\u00f1o de prisi\u00f3n<\/strong>, constituye un fallo simb\u00f3lico que fortalece la b\u00fasqueda de justicia para las v\u00edctimas.<\/p>\n","protected":false},"excerpt":{"rendered":"<p>El Ministerio P\u00fablico en Cochabamba inform\u00f3 este martes que los sacerdotes jesuitas y exprovinciales Marcos&#8230;<\/p>\n","protected":false},"author":1,"featured_media":1329,"comment_status":"closed","ping_status":"open","sticky":false,"template":"","format":"standard","meta":{"footnotes":""},"categories":[39],"tags":[514,511,102,513,373,510,82,512],"class_list":["post-1328","post","type-post","status-publish","format-standard","has-post-thumbnail","hentry","category-justicia","tag-alfonso-pedrajas","tag-caso-pederastia","tag-cochabamba","tag-encubrimiento","tag-fiscalia","tag-jesuitas","tag-justicia-boliviana","tag-sacerdotes"],"featured_image_urls":{"full":["https:\/\/capitalfmbolivia.com\/web\/wp-content\/uploads\/2025\/09\/WhatsApp-Image-2025-09-02-at-18.23.13_59c5892f.jpg",1248,825,false],"thumbnail":["https:\/\/capitalfmbolivia.com\/web\/wp-content\/uploads\/2025\/09\/WhatsApp-Image-2025-09-02-at-18.23.13_59c5892f-150x150.jpg",150,150,true],"medium":["https:\/\/capitalfmbolivia.com\/web\/wp-content\/uploads\/2025\/09\/WhatsApp-Image-2025-09-02-at-18.23.13_59c5892f-300x198.jpg",300,198,true],"medium_large":["https:\/\/capitalfmbolivia.com\/web\/wp-content\/uploads\/2025\/09\/WhatsApp-Image-2025-09-02-at-18.23.13_59c5892f-768x508.jpg",640,423,true],"large":["https:\/\/capitalfmbolivia.com\/web\/wp-content\/uploads\/2025\/09\/WhatsApp-Image-2025-09-02-at-18.23.13_59c5892f-1024x677.jpg",640,423,true],"1536x1536":["https:\/\/capitalfmbolivia.com\/web\/wp-content\/uploads\/2025\/09\/WhatsApp-Image-2025-09-02-at-18.23.13_59c5892f.jpg",1248,825,false],"2048x2048":["https:\/\/capitalfmbolivia.com\/web\/wp-content\/uploads\/2025\/09\/WhatsApp-Image-2025-09-02-at-18.23.13_59c5892f.jpg",1248,825,false],"newsphere-slider-full":["https:\/\/capitalfmbolivia.com\/web\/wp-content\/uploads\/2025\/09\/WhatsApp-Image-2025-09-02-at-18.23.13_59c5892f-1248x720.jpg",1248,720,true],"newsphere-featured":["https:\/\/capitalfmbolivia.com\/web\/wp-content\/uploads\/2025\/09\/WhatsApp-Image-2025-09-02-at-18.23.13_59c5892f-1024x677.jpg",1024,677,true],"newsphere-medium":["https:\/\/capitalfmbolivia.com\/web\/wp-content\/uploads\/2025\/09\/WhatsApp-Image-2025-09-02-at-18.23.13_59c5892f-720x380.jpg",720,380,true]},"author_info":{"display_name":"redchuqui","author_link":"https:\/\/capitalfmbolivia.com\/web\/author\/redchuqui\/"},"category_info":"<a href=\"https:\/\/capitalfmbolivia.com\/web\/category\/nacional\/justicia\/\" rel=\"category tag\">Justicia<\/a>","tag_info":"Justicia","comment_count":"0","_links":{"self":[{"href":"https:\/\/capitalfmbolivia.com\/web\/wp-json\/wp\/v2\/posts\/1328","targetHints":{"allow":["GET"]}}],"collection":[{"href":"https:\/\/capitalfmbolivia.com\/web\/wp-json\/wp\/v2\/posts"}],"about":[{"href":"https:\/\/capitalfmbolivia.com\/web\/wp-json\/wp\/v2\/types\/post"}],"author":[{"embeddable":true,"href":"https:\/\/capitalfmbolivia.com\/web\/wp-json\/wp\/v2\/users\/1"}],"replies":[{"embeddable":true,"href":"https:\/\/capitalfmbolivia.com\/web\/wp-json\/wp\/v2\/comments?post=1328"}],"version-history":[{"count":2,"href":"https:\/\/capitalfmbolivia.com\/web\/wp-json\/wp\/v2\/posts\/1328\/revisions"}],"predecessor-version":[{"id":1331,"href":"https:\/\/capitalfmbolivia.com\/web\/wp-json\/wp\/v2\/posts\/1328\/revisions\/1331"}],"wp:featuredmedia":[{"embeddable":true,"href":"https:\/\/capitalfmbolivia.com\/web\/wp-json\/wp\/v2\/media\/1329"}],"wp:attachment":[{"href":"https:\/\/capitalfmbolivia.com\/web\/wp-json\/wp\/v2\/media?parent=1328"}],"wp:term":[{"taxonomy":"category","embeddable":true,"href":"https:\/\/capitalfmbolivia.com\/web\/wp-json\/wp\/v2\/categories?post=1328"},{"taxonomy":"post_tag","embeddable":true,"href":"https:\/\/capitalfmbolivia.com\/web\/wp-json\/wp\/v2\/tags?post=1328"}],"curies":[{"name":"wp","href":"https:\/\/api.w.org\/{rel}","templated":true}]}}