{"id":1336,"date":"2025-09-30T22:00:00","date_gmt":"2025-10-01T02:00:00","guid":{"rendered":"https:\/\/capitalfmbolivia.com\/web\/?p=1336"},"modified":"2025-09-30T22:00:00","modified_gmt":"2025-10-01T02:00:00","slug":"victima-retira-denuncia-por-violencia-familiar-contra-marcelo-arce-mosqueira","status":"publish","type":"post","link":"https:\/\/capitalfmbolivia.com\/web\/nacional\/justicia\/2025\/09\/30\/1336\/","title":{"rendered":"V\u00edctima retira denuncia por violencia familiar contra Marcelo Arce Mosqueira"},"content":{"rendered":"<p data-start=\"249\" data-end=\"501\">La ciudadana <strong data-start=\"262\" data-end=\"277\">Mary C.C.B.<\/strong> present\u00f3 un memorial en el que desiste del proceso por violencia familiar interpuesto contra <strong data-start=\"371\" data-end=\"402\">Luis Marcelo Arce Mosqueira<\/strong>, hijo del presidente <strong data-start=\"424\" data-end=\"437\">Luis Arce<\/strong>, se\u00f1alando que opt\u00f3 por aceptar las disculpas de su expareja.<\/p>\n<p data-start=\"503\" data-end=\"737\">En el documento, remitido a la fiscal del caso, <strong data-start=\"551\" data-end=\"573\">J\u00e9ssica Echevarr\u00eda<\/strong>, la denunciante asegura que su decisi\u00f3n fue tomada de manera \u201c<strong data-start=\"636\" data-end=\"658\">libre y voluntaria<\/strong>\u201d, descartando que exista \u201cpresi\u00f3n, coacci\u00f3n, intimidaci\u00f3n o amenaza alguna\u201d.<\/p>\n<blockquote data-start=\"739\" data-end=\"1077\">\n<p data-start=\"741\" data-end=\"1077\">\u201cExpreso de forma clara mi voluntad de no continuar con el proceso penal iniciado y de esta manera evitar que se desarrolle un juicio, considerando que he preferido aceptar las disculpas de mi expareja. Adem\u00e1s, la denuncia se torn\u00f3 excesivamente medi\u00e1tica, exponiendo mi imagen y mi sensibilidad como mujer\u201d, se\u00f1ala parte del escrito.<\/p>\n<\/blockquote>\n<p data-start=\"1079\" data-end=\"1269\">Cabe recordar que la <strong data-start=\"1100\" data-end=\"1111\">Polic\u00eda<\/strong> hab\u00eda activado un operativo de b\u00fasqueda contra Arce Mosqueira, luego de que no se presentara ante la Fiscal\u00eda para presentar sus descargos por la denuncia.<\/p>\n<p data-start=\"1271\" data-end=\"1584\">D\u00edas atr\u00e1s, la fiscal <strong data-start=\"1293\" data-end=\"1307\">Echeverr\u00eda<\/strong> hab\u00eda anticipado que, incluso si la v\u00edctima retiraba la denuncia, la investigaci\u00f3n pod\u00eda proseguir. En esa misma l\u00ednea, el <strong data-start=\"1431\" data-end=\"1474\">fiscal general del Estado, Roger Maria<\/strong><\/p>\n<p data-start=\"1608\" data-end=\"1698\">Marcelo Arce Mosqueira, violencia familiar, Luis Arce, Fiscal\u00eda, Interpol, desistimiento<\/p>\n<p data-start=\"1271\" data-end=\"1584\"><strong data-start=\"1431\" data-end=\"1474\">ca<\/strong>, inform\u00f3 que se hab\u00edan iniciado tr\u00e1mites para solicitar el apoyo de <strong data-start=\"1543\" data-end=\"1555\">Interpol<\/strong> en la captura del acusado.<\/p>\n","protected":false},"excerpt":{"rendered":"<p>La ciudadana Mary C.C.B. present\u00f3 un memorial en el que desiste del proceso por violencia&#8230;<\/p>\n","protected":false},"author":1,"featured_media":1337,"comment_status":"closed","ping_status":"open","sticky":false,"template":"","format":"standard","meta":{"footnotes":""},"categories":[39],"tags":[518,373,517,92,515,516],"class_list":["post-1336","post","type-post","status-publish","format-standard","has-post-thumbnail","hentry","category-justicia","tag-desistimiento","tag-fiscalia","tag-interpol","tag-luis-arce","tag-marcelo-arce-mosqueira","tag-violencia-familiar"],"featured_image_urls":{"full":["https:\/\/capitalfmbolivia.com\/web\/wp-content\/uploads\/2025\/09\/Arce1.jpg",1024,575,false],"thumbnail":["https:\/\/capitalfmbolivia.com\/web\/wp-content\/uploads\/2025\/09\/Arce1-150x150.jpg",150,150,true],"medium":["https:\/\/capitalfmbolivia.com\/web\/wp-content\/uploads\/2025\/09\/Arce1-300x168.jpg",300,168,true],"medium_large":["https:\/\/capitalfmbolivia.com\/web\/wp-content\/uploads\/2025\/09\/Arce1-768x431.jpg",640,359,true],"large":["https:\/\/capitalfmbolivia.com\/web\/wp-content\/uploads\/2025\/09\/Arce1.jpg",640,359,false],"1536x1536":["https:\/\/capitalfmbolivia.com\/web\/wp-content\/uploads\/2025\/09\/Arce1.jpg",1024,575,false],"2048x2048":["https:\/\/capitalfmbolivia.com\/web\/wp-content\/uploads\/2025\/09\/Arce1.jpg",1024,575,false],"newsphere-slider-full":["https:\/\/capitalfmbolivia.com\/web\/wp-content\/uploads\/2025\/09\/Arce1.jpg",1024,575,false],"newsphere-featured":["https:\/\/capitalfmbolivia.com\/web\/wp-content\/uploads\/2025\/09\/Arce1.jpg",1024,575,false],"newsphere-medium":["https:\/\/capitalfmbolivia.com\/web\/wp-content\/uploads\/2025\/09\/Arce1-720x380.jpg",720,380,true]},"author_info":{"display_name":"redchuqui","author_link":"https:\/\/capitalfmbolivia.com\/web\/author\/redchuqui\/"},"category_info":"<a href=\"https:\/\/capitalfmbolivia.com\/web\/category\/nacional\/justicia\/\" rel=\"category tag\">Justicia<\/a>","tag_info":"Justicia","comment_count":"0","_links":{"self":[{"href":"https:\/\/capitalfmbolivia.com\/web\/wp-json\/wp\/v2\/posts\/1336","targetHints":{"allow":["GET"]}}],"collection":[{"href":"https:\/\/capitalfmbolivia.com\/web\/wp-json\/wp\/v2\/posts"}],"about":[{"href":"https:\/\/capitalfmbolivia.com\/web\/wp-json\/wp\/v2\/types\/post"}],"author":[{"embeddable":true,"href":"https:\/\/capitalfmbolivia.com\/web\/wp-json\/wp\/v2\/users\/1"}],"replies":[{"embeddable":true,"href":"https:\/\/capitalfmbolivia.com\/web\/wp-json\/wp\/v2\/comments?post=1336"}],"version-history":[{"count":1,"href":"https:\/\/capitalfmbolivia.com\/web\/wp-json\/wp\/v2\/posts\/1336\/revisions"}],"predecessor-version":[{"id":1338,"href":"https:\/\/capitalfmbolivia.com\/web\/wp-json\/wp\/v2\/posts\/1336\/revisions\/1338"}],"wp:featuredmedia":[{"embeddable":true,"href":"https:\/\/capitalfmbolivia.com\/web\/wp-json\/wp\/v2\/media\/1337"}],"wp:attachment":[{"href":"https:\/\/capitalfmbolivia.com\/web\/wp-json\/wp\/v2\/media?parent=1336"}],"wp:term":[{"taxonomy":"category","embeddable":true,"href":"https:\/\/capitalfmbolivia.com\/web\/wp-json\/wp\/v2\/categories?post=1336"},{"taxonomy":"post_tag","embeddable":true,"href":"https:\/\/capitalfmbolivia.com\/web\/wp-json\/wp\/v2\/tags?post=1336"}],"curies":[{"name":"wp","href":"https:\/\/api.w.org\/{rel}","templated":true}]}}