{"id":1339,"date":"2025-09-30T22:04:35","date_gmt":"2025-10-01T02:04:35","guid":{"rendered":"https:\/\/capitalfmbolivia.com\/web\/?p=1339"},"modified":"2025-09-30T22:04:35","modified_gmt":"2025-10-01T02:04:35","slug":"lara-y-velasco-confirman-asistencia-al-debate-del-5-de-octubre","status":"publish","type":"post","link":"https:\/\/capitalfmbolivia.com\/web\/nacional\/electoral\/2025\/09\/30\/1339\/","title":{"rendered":"Lara y Velasco confirman asistencia al debate del 5 de octubre"},"content":{"rendered":"<p data-start=\"254\" data-end=\"585\">Los candidatos a la Vicepresidencia, <strong data-start=\"291\" data-end=\"306\">Edmand Lara<\/strong>, del <strong data-start=\"312\" data-end=\"349\">Partido Dem\u00f3crata Cristiano (PDC)<\/strong>, y <strong data-start=\"353\" data-end=\"375\">Juan Pablo Velasco<\/strong>, de la alianza <strong data-start=\"391\" data-end=\"424\">Libertad y Democracia (Libre)<\/strong>, confirmaron su participaci\u00f3n en el <strong data-start=\"461\" data-end=\"488\">debate vicepresidencial<\/strong> que se llevar\u00e1 a cabo el domingo <strong data-start=\"522\" data-end=\"538\">5 de octubre<\/strong>, en el marco de la segunda vuelta electoral.<\/p>\n<p data-start=\"587\" data-end=\"810\">La confirmaci\u00f3n se dio tras una reuni\u00f3n de coordinaci\u00f3n con los equipos t\u00e9cnicos de ambos frentes, en la que se ratific\u00f3 que el encuentro se realizar\u00e1 en uno de los salones de la <strong data-start=\"766\" data-end=\"779\">Fexpocruz<\/strong>, en Santa Cruz de la Sierra.<\/p>\n<blockquote data-start=\"812\" data-end=\"1051\">\n<p data-start=\"814\" data-end=\"1051\">\u201cYa tenemos certeza de que ambos candidatos estar\u00e1n presentes el domingo en este debate hist\u00f3rico, que comenzar\u00e1 a las 21:00 horas\u201d, inform\u00f3 en conferencia de prensa el vocal del <strong data-start=\"993\" data-end=\"1029\">Tribunal Supremo Electoral (TSE)<\/strong>, <strong data-start=\"1031\" data-end=\"1048\">Gustavo \u00c1vila<\/strong>.<\/p>\n<\/blockquote>\n<p data-start=\"1053\" data-end=\"1246\">De acuerdo con el cronograma, los delegados de cada partido deber\u00e1n presentar hasta este mi\u00e9rcoles una lista con un m\u00e1ximo de ocho personas que acompa\u00f1ar\u00e1n a sus candidatos durante el evento.<\/p>\n<p data-start=\"1248\" data-end=\"1499\">Asimismo, una hora antes del inicio se realizar\u00e1 un sorteo para definir el orden de intervenci\u00f3n. Seg\u00fan \u00c1vila, la duraci\u00f3n estimada del debate ser\u00e1 de <strong data-start=\"1399\" data-end=\"1419\">una hora y media<\/strong> y podr\u00e1 ser retransmitido por cualquier canal de televisi\u00f3n en se\u00f1al abierta.<\/p>\n","protected":false},"excerpt":{"rendered":"<p>Los candidatos a la Vicepresidencia, Edmand Lara, del Partido Dem\u00f3crata Cristiano (PDC), y Juan Pablo&#8230;<\/p>\n","protected":false},"author":1,"featured_media":1340,"comment_status":"closed","ping_status":"open","sticky":false,"template":"","format":"standard","meta":{"footnotes":""},"categories":[41],"tags":[519,521,69,523,522,520,68],"class_list":["post-1339","post","type-post","status-publish","format-standard","has-post-thumbnail","hentry","category-electoral","tag-debate-vicepresidencial","tag-edmand-lara","tag-elecciones-2025","tag-fexpocruz","tag-juan-pablo-velasco","tag-segunda-vuelta","tag-tse"],"featured_image_urls":{"full":["https:\/\/capitalfmbolivia.com\/web\/wp-content\/uploads\/2025\/09\/juan-pablo-velasco-y-edman-lara-podrian-debatir-en-tiktok-live-12960581.jpg",1200,650,false],"thumbnail":["https:\/\/capitalfmbolivia.com\/web\/wp-content\/uploads\/2025\/09\/juan-pablo-velasco-y-edman-lara-podrian-debatir-en-tiktok-live-12960581-150x150.jpg",150,150,true],"medium":["https:\/\/capitalfmbolivia.com\/web\/wp-content\/uploads\/2025\/09\/juan-pablo-velasco-y-edman-lara-podrian-debatir-en-tiktok-live-12960581-300x163.jpg",300,163,true],"medium_large":["https:\/\/capitalfmbolivia.com\/web\/wp-content\/uploads\/2025\/09\/juan-pablo-velasco-y-edman-lara-podrian-debatir-en-tiktok-live-12960581-768x416.jpg",640,347,true],"large":["https:\/\/capitalfmbolivia.com\/web\/wp-content\/uploads\/2025\/09\/juan-pablo-velasco-y-edman-lara-podrian-debatir-en-tiktok-live-12960581-1024x555.jpg",640,347,true],"1536x1536":["https:\/\/capitalfmbolivia.com\/web\/wp-content\/uploads\/2025\/09\/juan-pablo-velasco-y-edman-lara-podrian-debatir-en-tiktok-live-12960581.jpg",1200,650,false],"2048x2048":["https:\/\/capitalfmbolivia.com\/web\/wp-content\/uploads\/2025\/09\/juan-pablo-velasco-y-edman-lara-podrian-debatir-en-tiktok-live-12960581.jpg",1200,650,false],"newsphere-slider-full":["https:\/\/capitalfmbolivia.com\/web\/wp-content\/uploads\/2025\/09\/juan-pablo-velasco-y-edman-lara-podrian-debatir-en-tiktok-live-12960581.jpg",1200,650,false],"newsphere-featured":["https:\/\/capitalfmbolivia.com\/web\/wp-content\/uploads\/2025\/09\/juan-pablo-velasco-y-edman-lara-podrian-debatir-en-tiktok-live-12960581-1024x555.jpg",1024,555,true],"newsphere-medium":["https:\/\/capitalfmbolivia.com\/web\/wp-content\/uploads\/2025\/09\/juan-pablo-velasco-y-edman-lara-podrian-debatir-en-tiktok-live-12960581-720x380.jpg",720,380,true]},"author_info":{"display_name":"redchuqui","author_link":"https:\/\/capitalfmbolivia.com\/web\/author\/redchuqui\/"},"category_info":"<a href=\"https:\/\/capitalfmbolivia.com\/web\/category\/nacional\/electoral\/\" rel=\"category tag\">Electoral<\/a>","tag_info":"Electoral","comment_count":"0","_links":{"self":[{"href":"https:\/\/capitalfmbolivia.com\/web\/wp-json\/wp\/v2\/posts\/1339","targetHints":{"allow":["GET"]}}],"collection":[{"href":"https:\/\/capitalfmbolivia.com\/web\/wp-json\/wp\/v2\/posts"}],"about":[{"href":"https:\/\/capitalfmbolivia.com\/web\/wp-json\/wp\/v2\/types\/post"}],"author":[{"embeddable":true,"href":"https:\/\/capitalfmbolivia.com\/web\/wp-json\/wp\/v2\/users\/1"}],"replies":[{"embeddable":true,"href":"https:\/\/capitalfmbolivia.com\/web\/wp-json\/wp\/v2\/comments?post=1339"}],"version-history":[{"count":1,"href":"https:\/\/capitalfmbolivia.com\/web\/wp-json\/wp\/v2\/posts\/1339\/revisions"}],"predecessor-version":[{"id":1341,"href":"https:\/\/capitalfmbolivia.com\/web\/wp-json\/wp\/v2\/posts\/1339\/revisions\/1341"}],"wp:featuredmedia":[{"embeddable":true,"href":"https:\/\/capitalfmbolivia.com\/web\/wp-json\/wp\/v2\/media\/1340"}],"wp:attachment":[{"href":"https:\/\/capitalfmbolivia.com\/web\/wp-json\/wp\/v2\/media?parent=1339"}],"wp:term":[{"taxonomy":"category","embeddable":true,"href":"https:\/\/capitalfmbolivia.com\/web\/wp-json\/wp\/v2\/categories?post=1339"},{"taxonomy":"post_tag","embeddable":true,"href":"https:\/\/capitalfmbolivia.com\/web\/wp-json\/wp\/v2\/tags?post=1339"}],"curies":[{"name":"wp","href":"https:\/\/api.w.org\/{rel}","templated":true}]}}