{"id":1342,"date":"2025-10-03T16:30:15","date_gmt":"2025-10-03T20:30:15","guid":{"rendered":"https:\/\/capitalfmbolivia.com\/web\/?p=1342"},"modified":"2025-10-03T16:31:34","modified_gmt":"2025-10-03T20:31:34","slug":"activista-que-buscaba-quitar-personeria-a-creemos-de-luis-fernando-camacho-denuncia-fraude-a-favor-del-pdc-y-alianza-unidad","status":"publish","type":"post","link":"https:\/\/capitalfmbolivia.com\/web\/nacional\/electoral\/2025\/10\/03\/1342\/","title":{"rendered":"Activista que buscaba quitar personer\u00eda a Creemos de Luis Fernando Camacho denuncia fraude a favor del PDC y Alianza Unidad"},"content":{"rendered":"<p data-start=\"322\" data-end=\"749\">El activista <strong data-start=\"335\" data-end=\"363\">Peter Erlwein Beckhauser<\/strong>, conocido por sus acciones para cancelar la personer\u00eda jur\u00eddica de <strong data-start=\"431\" data-end=\"442\">Creemos<\/strong>, volvi\u00f3 a la escena pol\u00edtica al denunciar ante la <strong data-start=\"493\" data-end=\"505\">Fiscal\u00eda<\/strong> un presunto fraude en la primera vuelta de las elecciones del pasado <strong data-start=\"575\" data-end=\"591\">17 de agosto<\/strong>. Seg\u00fan su acusaci\u00f3n, habr\u00edan sido manipuladas <strong data-start=\"638\" data-end=\"665\">3.600 actas electorales<\/strong>, favoreciendo a la <strong data-start=\"685\" data-end=\"703\">Alianza Unidad<\/strong> y al <strong data-start=\"709\" data-end=\"746\">Partido Dem\u00f3crata Cristiano (PDC)<\/strong>.<\/p>\n<p data-start=\"751\" data-end=\"1025\">\u201cSe present\u00f3 esta denuncia en base a esas 36.900 actas que fueron manipuladas y tenemos dos testigos, un t\u00e9cnico de la <strong data-start=\"870\" data-end=\"880\">AGETIC<\/strong> y otro del <strong data-start=\"892\" data-end=\"899\">TSE<\/strong>. Ambos temen declarar, pero sus testimonios ser\u00e1n claves para revelar c\u00f3mo se habr\u00eda dado este fraude\u201d, explic\u00f3 Beckhauser.<\/p>\n<p data-start=\"1027\" data-end=\"1240\">El activista indic\u00f3 que contrat\u00f3 a un <strong data-start=\"1065\" data-end=\"1097\">perito inform\u00e1tico argentino<\/strong>, quien habr\u00eda identificado la supuesta manipulaci\u00f3n. Tambi\u00e9n pidi\u00f3 allanamientos y pericias complementarias para sustentar la investigaci\u00f3n.<\/p>\n<p data-start=\"1242\" data-end=\"1558\">La denuncia gener\u00f3 repercusiones inmediatas en la arena pol\u00edtica. La diputada de <strong data-start=\"1323\" data-end=\"1351\">Comunidad Ciudadana (CC)<\/strong>, <strong data-start=\"1353\" data-end=\"1373\">Samantha Nogales<\/strong>, denunci\u00f3 que en la <strong data-start=\"1394\" data-end=\"1417\">C\u00e1mara de Diputados<\/strong>, legisladores afines a Evo Morales y Luis Arce se unieron para proponer la creaci\u00f3n de una <strong data-start=\"1509\" data-end=\"1530\">comisi\u00f3n especial<\/strong> que investigue este caso.<\/p>\n<p data-start=\"1560\" data-end=\"1698\">El <strong data-start=\"1563\" data-end=\"1575\">Gobierno<\/strong>, a trav\u00e9s de la <strong data-start=\"1592\" data-end=\"1640\">viceministra de Comunicaci\u00f3n, Gabriela Alc\u00f3n<\/strong>, se\u00f1al\u00f3 que se intenta entorpecer el proceso electoral:<\/p>\n<blockquote data-start=\"1699\" data-end=\"1930\">\n<p data-start=\"1701\" data-end=\"1930\">\u201cEl presidente respeta la voluntad del pueblo boliviano y respeta la democracia. Desde el inicio se intent\u00f3 torpedear el proceso electoral en el pa\u00eds (\u2026) no es extra\u00f1o que surjan personas tratando de obstaculizar este proceso\u201d.<\/p>\n<\/blockquote>\n<p data-start=\"1932\" data-end=\"2160\">Mientras tanto, el vocal del <strong data-start=\"1961\" data-end=\"1997\">Tribunal Supremo Electoral (TSE)<\/strong>, <strong data-start=\"1999\" data-end=\"2019\">Francisco Vargas<\/strong>, advirti\u00f3 que estas denuncias buscan desconocer los resultados de la primera vuelta y pidi\u00f3 que la <strong data-start=\"2119\" data-end=\"2157\">justicia act\u00fae con responsabilidad<\/strong>.<\/p>\n<hr data-start=\"2162\" data-end=\"2165\" \/>\n<h3 data-start=\"2167\" data-end=\"2214\">\ud83d\udccc Beckhauser, un activista controversial<\/h3>\n<p data-start=\"2215\" data-end=\"2503\">En julio pasado, Beckhauser hab\u00eda presentado un recurso contra <strong data-start=\"2278\" data-end=\"2289\">Creemos<\/strong>, liderado por <strong data-start=\"2304\" data-end=\"2329\">Luis Fernando Camacho<\/strong>, buscando su anulaci\u00f3n jur\u00eddica. Adem\u00e1s, tuvo duros enfrentamientos con <strong data-start=\"2402\" data-end=\"2425\">Samuel Doria Medina<\/strong>, a quien calific\u00f3 de \u201ccaradura\u201d tras ser marginado de la alianza opositora.<\/p>\n<p data-start=\"2505\" data-end=\"2641\">Ahora, sostiene que impulsar\u00e1 un <strong data-start=\"2538\" data-end=\"2563\">amparo constitucional<\/strong> para exigir al <strong data-start=\"2579\" data-end=\"2586\">TSE<\/strong> que resuelva el caso antes de los pr\u00f3ximos comicios.<\/p>\n","protected":false},"excerpt":{"rendered":"<p>El activista Peter Erlwein Beckhauser, conocido por sus acciones para cancelar la personer\u00eda jur\u00eddica de&#8230;<\/p>\n","protected":false},"author":1,"featured_media":1343,"comment_status":"closed","ping_status":"open","sticky":false,"template":"","format":"standard","meta":{"footnotes":""},"categories":[41,43],"tags":[147,427,69,524,508,525,148,145,68],"class_list":["post-1342","post","type-post","status-publish","format-standard","has-post-thumbnail","hentry","category-electoral","category-politica","tag-alianza-unidad","tag-creemos","tag-elecciones-2025","tag-fraude-electoral","tag-luis-fernando-camacho","tag-pdc","tag-peter-erlwein-beckhauser","tag-samuel-doria-medina","tag-tse"],"featured_image_urls":{"full":["https:\/\/capitalfmbolivia.com\/web\/wp-content\/uploads\/2025\/10\/20250730230144709001.webp",992,558,false],"thumbnail":["https:\/\/capitalfmbolivia.com\/web\/wp-content\/uploads\/2025\/10\/20250730230144709001-150x150.webp",150,150,true],"medium":["https:\/\/capitalfmbolivia.com\/web\/wp-content\/uploads\/2025\/10\/20250730230144709001-300x169.webp",300,169,true],"medium_large":["https:\/\/capitalfmbolivia.com\/web\/wp-content\/uploads\/2025\/10\/20250730230144709001-768x432.webp",640,360,true],"large":["https:\/\/capitalfmbolivia.com\/web\/wp-content\/uploads\/2025\/10\/20250730230144709001.webp",640,360,false],"1536x1536":["https:\/\/capitalfmbolivia.com\/web\/wp-content\/uploads\/2025\/10\/20250730230144709001.webp",992,558,false],"2048x2048":["https:\/\/capitalfmbolivia.com\/web\/wp-content\/uploads\/2025\/10\/20250730230144709001.webp",992,558,false],"newsphere-slider-full":["https:\/\/capitalfmbolivia.com\/web\/wp-content\/uploads\/2025\/10\/20250730230144709001.webp",992,558,false],"newsphere-featured":["https:\/\/capitalfmbolivia.com\/web\/wp-content\/uploads\/2025\/10\/20250730230144709001.webp",992,558,false],"newsphere-medium":["https:\/\/capitalfmbolivia.com\/web\/wp-content\/uploads\/2025\/10\/20250730230144709001-720x380.webp",720,380,true]},"author_info":{"display_name":"redchuqui","author_link":"https:\/\/capitalfmbolivia.com\/web\/author\/redchuqui\/"},"category_info":"<a href=\"https:\/\/capitalfmbolivia.com\/web\/category\/nacional\/electoral\/\" rel=\"category tag\">Electoral<\/a> <a href=\"https:\/\/capitalfmbolivia.com\/web\/category\/nacional\/politica\/\" rel=\"category tag\">Politica<\/a>","tag_info":"Politica","comment_count":"0","_links":{"self":[{"href":"https:\/\/capitalfmbolivia.com\/web\/wp-json\/wp\/v2\/posts\/1342","targetHints":{"allow":["GET"]}}],"collection":[{"href":"https:\/\/capitalfmbolivia.com\/web\/wp-json\/wp\/v2\/posts"}],"about":[{"href":"https:\/\/capitalfmbolivia.com\/web\/wp-json\/wp\/v2\/types\/post"}],"author":[{"embeddable":true,"href":"https:\/\/capitalfmbolivia.com\/web\/wp-json\/wp\/v2\/users\/1"}],"replies":[{"embeddable":true,"href":"https:\/\/capitalfmbolivia.com\/web\/wp-json\/wp\/v2\/comments?post=1342"}],"version-history":[{"count":1,"href":"https:\/\/capitalfmbolivia.com\/web\/wp-json\/wp\/v2\/posts\/1342\/revisions"}],"predecessor-version":[{"id":1344,"href":"https:\/\/capitalfmbolivia.com\/web\/wp-json\/wp\/v2\/posts\/1342\/revisions\/1344"}],"wp:featuredmedia":[{"embeddable":true,"href":"https:\/\/capitalfmbolivia.com\/web\/wp-json\/wp\/v2\/media\/1343"}],"wp:attachment":[{"href":"https:\/\/capitalfmbolivia.com\/web\/wp-json\/wp\/v2\/media?parent=1342"}],"wp:term":[{"taxonomy":"category","embeddable":true,"href":"https:\/\/capitalfmbolivia.com\/web\/wp-json\/wp\/v2\/categories?post=1342"},{"taxonomy":"post_tag","embeddable":true,"href":"https:\/\/capitalfmbolivia.com\/web\/wp-json\/wp\/v2\/tags?post=1342"}],"curies":[{"name":"wp","href":"https:\/\/api.w.org\/{rel}","templated":true}]}}