{"id":1345,"date":"2025-10-03T21:40:14","date_gmt":"2025-10-04T01:40:14","guid":{"rendered":"https:\/\/capitalfmbolivia.com\/web\/?p=1345"},"modified":"2025-10-03T21:40:14","modified_gmt":"2025-10-04T01:40:14","slug":"tse-amplia-numero-de-periodistas-en-el-debate-vicepresidencial-tras-demanda-del-pdc","status":"publish","type":"post","link":"https:\/\/capitalfmbolivia.com\/web\/nacional\/electoral\/2025\/10\/03\/1345\/","title":{"rendered":"TSE ampl\u00eda n\u00famero de periodistas en el debate vicepresidencial tras demanda del PDC"},"content":{"rendered":"<p data-start=\"314\" data-end=\"545\">El Tribunal Supremo Electoral (TSE) acept\u00f3 este viernes la demanda presentada por el Partido Dem\u00f3crata Cristiano (PDC) para ampliar el n\u00famero de periodistas que conducir\u00e1n el debate vicepresidencial de este domingo en Santa Cruz.<\/p>\n<p data-start=\"547\" data-end=\"823\">Inicialmente, las cadenas Red UNO y Unitel hab\u00edan designado a Cecilia Bellido y Gabriela Oviedo como moderadoras. Sin embargo, tras la solicitud del PDC, se sumaron los reconocidos periodistas Tuff\u00ed Ar\u00e9 y Maggy Talavera. Todos los comunicadores designados son de Santa Cruz.<\/p>\n<p data-start=\"825\" data-end=\"1136\">La decisi\u00f3n busca garantizar condiciones de mayor imparcialidad y abrir la posibilidad de que Edmand Lara, candidato a la vicepresidencia junto a Rodrigo Paz (PDC), confirme su participaci\u00f3n. Lara hab\u00eda advertido que con solo dos periodistas de las redes organizadoras no se aseguraba igualdad de condiciones.<\/p>\n<p data-start=\"1138\" data-end=\"1442\">Por su parte, Juan Pablo Velasco, aspirante a la vicepresidencia por la alianza Libre junto a Tuto Quiroga, ya confirm\u00f3 su asistencia. En redes sociales, se gener\u00f3 debate respecto a que solo dos canales fueran responsables de la producci\u00f3n del evento, como ocurri\u00f3 en agosto con el debate presidencial.<\/p>\n<p data-start=\"1444\" data-end=\"1629\">En respuesta, la red RTP anunci\u00f3 que organizar\u00e1 un segundo debate la pr\u00f3xima semana, con la participaci\u00f3n de la periodista Jimena Antelo y la activista Mar\u00eda Galindo como moderadoras.<\/p>\n<p data-start=\"1631\" data-end=\"1906\">El vocal del TSE, Gustavo \u00c1vila, destac\u00f3 la importancia de este encuentro, considerado hist\u00f3rico por ser el primero de segunda vuelta en la historia del pa\u00eds. \u201cLos debates son espacios democr\u00e1ticos que permiten a la ciudadan\u00eda conocer los planes de los candidatos\u201d, se\u00f1al\u00f3.<\/p>\n<p data-start=\"1908\" data-end=\"2027\">El \u00f3rgano electoral aclar\u00f3 que el debate se llevar\u00e1 a cabo incluso si alguno de los candidatos decide no presentarse.<\/p>\n","protected":false},"excerpt":{"rendered":"<p>El Tribunal Supremo Electoral (TSE) acept\u00f3 este viernes la demanda presentada por el Partido Dem\u00f3crata&#8230;<\/p>\n","protected":false},"author":1,"featured_media":1340,"comment_status":"closed","ping_status":"open","sticky":false,"template":"","format":"standard","meta":{"footnotes":""},"categories":[41],"tags":[146,519,521,69,525,527,526,101,68,322],"class_list":["post-1345","post","type-post","status-publish","format-standard","has-post-thumbnail","hentry","category-electoral","tag-alianza-libre","tag-debate-vicepresidencial","tag-edmand-lara","tag-elecciones-2025","tag-pdc","tag-periodistas","tag-rodrigo-paz","tag-santa-cruz","tag-tse","tag-tuto-quiroga"],"featured_image_urls":{"full":["https:\/\/capitalfmbolivia.com\/web\/wp-content\/uploads\/2025\/09\/juan-pablo-velasco-y-edman-lara-podrian-debatir-en-tiktok-live-12960581.jpg",1200,650,false],"thumbnail":["https:\/\/capitalfmbolivia.com\/web\/wp-content\/uploads\/2025\/09\/juan-pablo-velasco-y-edman-lara-podrian-debatir-en-tiktok-live-12960581-150x150.jpg",150,150,true],"medium":["https:\/\/capitalfmbolivia.com\/web\/wp-content\/uploads\/2025\/09\/juan-pablo-velasco-y-edman-lara-podrian-debatir-en-tiktok-live-12960581-300x163.jpg",300,163,true],"medium_large":["https:\/\/capitalfmbolivia.com\/web\/wp-content\/uploads\/2025\/09\/juan-pablo-velasco-y-edman-lara-podrian-debatir-en-tiktok-live-12960581-768x416.jpg",640,347,true],"large":["https:\/\/capitalfmbolivia.com\/web\/wp-content\/uploads\/2025\/09\/juan-pablo-velasco-y-edman-lara-podrian-debatir-en-tiktok-live-12960581-1024x555.jpg",640,347,true],"1536x1536":["https:\/\/capitalfmbolivia.com\/web\/wp-content\/uploads\/2025\/09\/juan-pablo-velasco-y-edman-lara-podrian-debatir-en-tiktok-live-12960581.jpg",1200,650,false],"2048x2048":["https:\/\/capitalfmbolivia.com\/web\/wp-content\/uploads\/2025\/09\/juan-pablo-velasco-y-edman-lara-podrian-debatir-en-tiktok-live-12960581.jpg",1200,650,false],"newsphere-slider-full":["https:\/\/capitalfmbolivia.com\/web\/wp-content\/uploads\/2025\/09\/juan-pablo-velasco-y-edman-lara-podrian-debatir-en-tiktok-live-12960581.jpg",1200,650,false],"newsphere-featured":["https:\/\/capitalfmbolivia.com\/web\/wp-content\/uploads\/2025\/09\/juan-pablo-velasco-y-edman-lara-podrian-debatir-en-tiktok-live-12960581-1024x555.jpg",1024,555,true],"newsphere-medium":["https:\/\/capitalfmbolivia.com\/web\/wp-content\/uploads\/2025\/09\/juan-pablo-velasco-y-edman-lara-podrian-debatir-en-tiktok-live-12960581-720x380.jpg",720,380,true]},"author_info":{"display_name":"redchuqui","author_link":"https:\/\/capitalfmbolivia.com\/web\/author\/redchuqui\/"},"category_info":"<a href=\"https:\/\/capitalfmbolivia.com\/web\/category\/nacional\/electoral\/\" rel=\"category tag\">Electoral<\/a>","tag_info":"Electoral","comment_count":"0","_links":{"self":[{"href":"https:\/\/capitalfmbolivia.com\/web\/wp-json\/wp\/v2\/posts\/1345","targetHints":{"allow":["GET"]}}],"collection":[{"href":"https:\/\/capitalfmbolivia.com\/web\/wp-json\/wp\/v2\/posts"}],"about":[{"href":"https:\/\/capitalfmbolivia.com\/web\/wp-json\/wp\/v2\/types\/post"}],"author":[{"embeddable":true,"href":"https:\/\/capitalfmbolivia.com\/web\/wp-json\/wp\/v2\/users\/1"}],"replies":[{"embeddable":true,"href":"https:\/\/capitalfmbolivia.com\/web\/wp-json\/wp\/v2\/comments?post=1345"}],"version-history":[{"count":1,"href":"https:\/\/capitalfmbolivia.com\/web\/wp-json\/wp\/v2\/posts\/1345\/revisions"}],"predecessor-version":[{"id":1346,"href":"https:\/\/capitalfmbolivia.com\/web\/wp-json\/wp\/v2\/posts\/1345\/revisions\/1346"}],"wp:featuredmedia":[{"embeddable":true,"href":"https:\/\/capitalfmbolivia.com\/web\/wp-json\/wp\/v2\/media\/1340"}],"wp:attachment":[{"href":"https:\/\/capitalfmbolivia.com\/web\/wp-json\/wp\/v2\/media?parent=1345"}],"wp:term":[{"taxonomy":"category","embeddable":true,"href":"https:\/\/capitalfmbolivia.com\/web\/wp-json\/wp\/v2\/categories?post=1345"},{"taxonomy":"post_tag","embeddable":true,"href":"https:\/\/capitalfmbolivia.com\/web\/wp-json\/wp\/v2\/tags?post=1345"}],"curies":[{"name":"wp","href":"https:\/\/api.w.org\/{rel}","templated":true}]}}