{"id":1347,"date":"2025-10-03T22:31:09","date_gmt":"2025-10-04T02:31:09","guid":{"rendered":"https:\/\/capitalfmbolivia.com\/web\/?p=1347"},"modified":"2025-10-03T22:31:09","modified_gmt":"2025-10-04T02:31:09","slug":"caso-golpe-ii-tsj-admite-recurso-de-revision-extraordinaria-de-la-sentencia-contra-jeanine-anez","status":"publish","type":"post","link":"https:\/\/capitalfmbolivia.com\/web\/nacional\/justicia\/2025\/10\/03\/1347\/","title":{"rendered":"Caso Golpe II: TSJ admite recurso de revisi\u00f3n extraordinaria de la sentencia contra Jeanine \u00c1\u00f1ez"},"content":{"rendered":"<p data-start=\"288\" data-end=\"570\">El Tribunal Supremo de Justicia (TSJ) admiti\u00f3 este viernes el recurso de revisi\u00f3n extraordinaria presentado en el caso Golpe II, con el que la defensa de la expresidenta transitoria Jeanine \u00c1\u00f1ez busca dejar sin efecto la condena de 10 a\u00f1os de prisi\u00f3n dictada en su contra en 2022.<\/p>\n<p data-start=\"572\" data-end=\"791\">\u201cLa sala plena del Tribunal Supremo de Justicia (\u2026) falla declarando admisible el recurso de revisi\u00f3n de sentencia condenatoria ejecutoriada interpuesto por Jeanine \u00c1\u00f1ez Ch\u00e1vez\u201d, se\u00f1ala parte de la resoluci\u00f3n emitida.<\/p>\n<p data-start=\"793\" data-end=\"941\">El fallo dispone que el Tribunal de Sentencia Anticorrupci\u00f3n Primero de La Paz remita los antecedentes originales en un plazo m\u00e1ximo de tres d\u00edas.<\/p>\n<p data-start=\"943\" data-end=\"1348\">El pasado 19 de septiembre, la defensa de \u00c1\u00f1ez present\u00f3 un nuevo recurso de revisi\u00f3n despu\u00e9s de que el TSJ declarara inadmisible el primero. En esa ocasi\u00f3n, la exmandataria record\u00f3 que se cumpl\u00edan 1.450 d\u00edas de su detenci\u00f3n, desde el 13 de marzo de 2021, y denunci\u00f3 que permanece en \u201cindefensi\u00f3n\u201d. Reiter\u00f3 su inocencia y asegur\u00f3 que su encarcelamiento le arrebata la posibilidad de estar con su familia.<\/p>\n<p data-start=\"1350\" data-end=\"1634\">\u00c1\u00f1ez fue sentenciada en 2022 por los delitos de incumplimiento de deberes y resoluciones contrarias a la Constituci\u00f3n y las leyes, debido a su autoproclamaci\u00f3n como presidenta del Estado el 12 de noviembre de 2019, tras la renuncia de Evo Morales en medio de la crisis poselectoral.<\/p>\n<p data-start=\"1636\" data-end=\"1905\">La exsenadora asumi\u00f3 primero la titularidad de la C\u00e1mara de Senadores y, posteriormente, la Presidencia del Estado en actos realizados en la Asamblea Legislativa sin el quorum reglamentario ni la presencia de la bancada mayoritaria del Movimiento Al Socialismo (MAS).<\/p>\n","protected":false},"excerpt":{"rendered":"<p>El Tribunal Supremo de Justicia (TSJ) admiti\u00f3 este viernes el recurso de revisi\u00f3n extraordinaria presentado&#8230;<\/p>\n","protected":false},"author":1,"featured_media":1348,"comment_status":"closed","ping_status":"open","sticky":false,"template":"","format":"standard","meta":{"footnotes":""},"categories":[39,43],"tags":[529,532,62,528,83,531,530,306,440],"class_list":["post-1347","post","type-post","status-publish","format-standard","has-post-thumbnail","hentry","category-justicia","category-politica","tag-caso-golpe-ii","tag-elecciones-2019","tag-evo-morales","tag-jeanine-anez","tag-mas","tag-revision-extraordinaria","tag-sentencia","tag-tribunal-supremo-de-justicia","tag-tsj"],"featured_image_urls":{"full":["https:\/\/capitalfmbolivia.com\/web\/wp-content\/uploads\/2025\/10\/images1.jpg",275,183,false],"thumbnail":["https:\/\/capitalfmbolivia.com\/web\/wp-content\/uploads\/2025\/10\/images1-150x150.jpg",150,150,true],"medium":["https:\/\/capitalfmbolivia.com\/web\/wp-content\/uploads\/2025\/10\/images1.jpg",275,183,false],"medium_large":["https:\/\/capitalfmbolivia.com\/web\/wp-content\/uploads\/2025\/10\/images1.jpg",275,183,false],"large":["https:\/\/capitalfmbolivia.com\/web\/wp-content\/uploads\/2025\/10\/images1.jpg",275,183,false],"1536x1536":["https:\/\/capitalfmbolivia.com\/web\/wp-content\/uploads\/2025\/10\/images1.jpg",275,183,false],"2048x2048":["https:\/\/capitalfmbolivia.com\/web\/wp-content\/uploads\/2025\/10\/images1.jpg",275,183,false],"newsphere-slider-full":["https:\/\/capitalfmbolivia.com\/web\/wp-content\/uploads\/2025\/10\/images1.jpg",275,183,false],"newsphere-featured":["https:\/\/capitalfmbolivia.com\/web\/wp-content\/uploads\/2025\/10\/images1.jpg",275,183,false],"newsphere-medium":["https:\/\/capitalfmbolivia.com\/web\/wp-content\/uploads\/2025\/10\/images1.jpg",275,183,false]},"author_info":{"display_name":"redchuqui","author_link":"https:\/\/capitalfmbolivia.com\/web\/author\/redchuqui\/"},"category_info":"<a href=\"https:\/\/capitalfmbolivia.com\/web\/category\/nacional\/justicia\/\" rel=\"category tag\">Justicia<\/a> <a href=\"https:\/\/capitalfmbolivia.com\/web\/category\/nacional\/politica\/\" rel=\"category tag\">Politica<\/a>","tag_info":"Politica","comment_count":"0","_links":{"self":[{"href":"https:\/\/capitalfmbolivia.com\/web\/wp-json\/wp\/v2\/posts\/1347","targetHints":{"allow":["GET"]}}],"collection":[{"href":"https:\/\/capitalfmbolivia.com\/web\/wp-json\/wp\/v2\/posts"}],"about":[{"href":"https:\/\/capitalfmbolivia.com\/web\/wp-json\/wp\/v2\/types\/post"}],"author":[{"embeddable":true,"href":"https:\/\/capitalfmbolivia.com\/web\/wp-json\/wp\/v2\/users\/1"}],"replies":[{"embeddable":true,"href":"https:\/\/capitalfmbolivia.com\/web\/wp-json\/wp\/v2\/comments?post=1347"}],"version-history":[{"count":1,"href":"https:\/\/capitalfmbolivia.com\/web\/wp-json\/wp\/v2\/posts\/1347\/revisions"}],"predecessor-version":[{"id":1349,"href":"https:\/\/capitalfmbolivia.com\/web\/wp-json\/wp\/v2\/posts\/1347\/revisions\/1349"}],"wp:featuredmedia":[{"embeddable":true,"href":"https:\/\/capitalfmbolivia.com\/web\/wp-json\/wp\/v2\/media\/1348"}],"wp:attachment":[{"href":"https:\/\/capitalfmbolivia.com\/web\/wp-json\/wp\/v2\/media?parent=1347"}],"wp:term":[{"taxonomy":"category","embeddable":true,"href":"https:\/\/capitalfmbolivia.com\/web\/wp-json\/wp\/v2\/categories?post=1347"},{"taxonomy":"post_tag","embeddable":true,"href":"https:\/\/capitalfmbolivia.com\/web\/wp-json\/wp\/v2\/tags?post=1347"}],"curies":[{"name":"wp","href":"https:\/\/api.w.org\/{rel}","templated":true}]}}