{"id":1353,"date":"2025-10-07T22:20:36","date_gmt":"2025-10-08T02:20:36","guid":{"rendered":"https:\/\/capitalfmbolivia.com\/web\/?p=1353"},"modified":"2025-10-07T22:20:36","modified_gmt":"2025-10-08T02:20:36","slug":"alianza-libre-advierte-que-pedido-de-renuncia-a-magistrados-autoprorrogados-podria-poner-en-riesgo-la-segunda-vuelta-electoral","status":"publish","type":"post","link":"https:\/\/capitalfmbolivia.com\/web\/nacional\/justicia\/2025\/10\/07\/1353\/","title":{"rendered":"Alianza Libre advierte que pedido de renuncia a magistrados \u201cautoprorrogados\u201d podr\u00eda poner en riesgo la segunda vuelta electoral"},"content":{"rendered":"<p data-start=\"434\" data-end=\"790\">La alianza Libre, que postula a Jorge \u201cTuto\u201d Quiroga a la Presidencia de Bolivia, emiti\u00f3 un pronunciamiento en el que cuestiona el accionar del presidente del Tribunal Supremo de Justicia (TSJ), R\u00f3mer Saucedo, y de otras autoridades judiciales que pidieron la renuncia de los magistrados \u201cautoprorrogados\u201d del Tribunal Constitucional Plurinacional (TCP).<\/p>\n<p data-start=\"792\" data-end=\"1008\">El bloque opositor advierte que dichas acciones \u201ctienen la finalidad de provocar la anulaci\u00f3n de las elecciones generales y evitar que se lleve adelante la segunda vuelta electoral\u201d, prevista para el 19 de octubre.<\/p>\n<p data-start=\"1010\" data-end=\"1332\">El pronunciamiento de Libre se conoci\u00f3 pocas horas despu\u00e9s de que Saucedo presentara una denuncia penal contra los magistrados del TCP y lanzara un ultim\u00e1tum p\u00fablico para que renuncien a sus cargos. La postura del titular del TSJ fue respaldada tanto por el Consejo de la Magistratura como por el Tribunal Agroambiental.<\/p>\n<h3 data-start=\"1334\" data-end=\"1366\">\ud83c\udfdb\ufe0f Respaldo institucional<\/h3>\n<p data-start=\"1367\" data-end=\"1658\">El presidente del Consejo de la Magistratura, Manuel Baptista, manifest\u00f3 su apoyo total a la posici\u00f3n de Saucedo, asegurando que \u201cla mayor\u00eda de los bolivianos exigen un cambio en la justicia\u201d y que el pedido de cese de funciones de los magistrados prorrogados responde al clamor ciudadano.<\/p>\n<p data-start=\"1660\" data-end=\"1956\">Por su parte, el presidente del Tribunal Agroambiental, Richard M\u00e9ndez, tambi\u00e9n se adhiri\u00f3 al pronunciamiento, se\u00f1alando que la C\u00e1mara de Diputados debe aprobar con urgencia la ley que ya fue sancionada por el Senado para garantizar la independencia judicial y la seguridad jur\u00eddica en el pa\u00eds.<\/p>\n<h3 data-start=\"1958\" data-end=\"2014\">\u26a0\ufe0f Libre denuncia riesgo para el proceso electoral<\/h3>\n<p data-start=\"2015\" data-end=\"2241\">En su comunicado, la alianza Libre lament\u00f3 que las m\u00e1ximas autoridades judiciales est\u00e9n \u201cpromoviendo actos que ponen en riesgo el proceso electoral y que pueden derivar ineludiblemente en la suspensi\u00f3n de la segunda vuelta\u201d.<\/p>\n<p data-start=\"2243\" data-end=\"2431\">Asimismo, el frente pol\u00edtico subray\u00f3 que la renovaci\u00f3n de las autoridades judiciales debe ser responsabilidad del nuevo gobierno que resulte electo en los comicios de este 19 de octubre.<\/p>\n<p data-start=\"2433\" data-end=\"2721\">\u201cEl pueblo boliviano ya se ha pronunciado en la primera vuelta exigiendo soluciones reales a la crisis econ\u00f3mica, al desabastecimiento de combustibles, a la suba de precios y a la inestabilidad pol\u00edtica. La Alianza Libre exige que se respete esa voluntad popular\u201d, se\u00f1ala el comunicado.<\/p>\n<p data-start=\"2723\" data-end=\"3004\">La organizaci\u00f3n pol\u00edtica tambi\u00e9n record\u00f3 a las autoridades de los distintos \u00f3rganos del Estado el compromiso asumido en la Cumbre por la Democracia, que establece la obligaci\u00f3n de garantizar el desarrollo de las elecciones generales en un ambiente de paz y respeto institucional.<\/p>\n","protected":false},"excerpt":{"rendered":"<p>La alianza Libre, que postula a Jorge \u201cTuto\u201d Quiroga a la Presidencia de Bolivia, emiti\u00f3&#8230;<\/p>\n","protected":false},"author":1,"featured_media":1354,"comment_status":"closed","ping_status":"open","sticky":false,"template":"","format":"standard","meta":{"footnotes":""},"categories":[41,39],"tags":[146,460,334,69,144,534,533,520,181,537,440],"class_list":["post-1353","post","type-post","status-publish","format-standard","has-post-thumbnail","hentry","category-electoral","category-justicia","tag-alianza-libre","tag-consejo-de-la-magistratura","tag-democracia","tag-elecciones-2025","tag-jorge-tuto-quiroga","tag-magistrados-autoprorrogados","tag-romer-saucedo","tag-segunda-vuelta","tag-tcp","tag-tribunal-agroambiental","tag-tsj"],"featured_image_urls":{"full":["https:\/\/capitalfmbolivia.com\/web\/wp-content\/uploads\/2025\/10\/saucedo-baptista-ormachea-tuto.jpg",1280,800,false],"thumbnail":["https:\/\/capitalfmbolivia.com\/web\/wp-content\/uploads\/2025\/10\/saucedo-baptista-ormachea-tuto-150x150.jpg",150,150,true],"medium":["https:\/\/capitalfmbolivia.com\/web\/wp-content\/uploads\/2025\/10\/saucedo-baptista-ormachea-tuto-300x188.jpg",300,188,true],"medium_large":["https:\/\/capitalfmbolivia.com\/web\/wp-content\/uploads\/2025\/10\/saucedo-baptista-ormachea-tuto-768x480.jpg",640,400,true],"large":["https:\/\/capitalfmbolivia.com\/web\/wp-content\/uploads\/2025\/10\/saucedo-baptista-ormachea-tuto-1024x640.jpg",640,400,true],"1536x1536":["https:\/\/capitalfmbolivia.com\/web\/wp-content\/uploads\/2025\/10\/saucedo-baptista-ormachea-tuto.jpg",1280,800,false],"2048x2048":["https:\/\/capitalfmbolivia.com\/web\/wp-content\/uploads\/2025\/10\/saucedo-baptista-ormachea-tuto.jpg",1280,800,false],"newsphere-slider-full":["https:\/\/capitalfmbolivia.com\/web\/wp-content\/uploads\/2025\/10\/saucedo-baptista-ormachea-tuto-1280x720.jpg",1280,720,true],"newsphere-featured":["https:\/\/capitalfmbolivia.com\/web\/wp-content\/uploads\/2025\/10\/saucedo-baptista-ormachea-tuto-1024x640.jpg",1024,640,true],"newsphere-medium":["https:\/\/capitalfmbolivia.com\/web\/wp-content\/uploads\/2025\/10\/saucedo-baptista-ormachea-tuto-720x380.jpg",720,380,true]},"author_info":{"display_name":"redchuqui","author_link":"https:\/\/capitalfmbolivia.com\/web\/author\/redchuqui\/"},"category_info":"<a href=\"https:\/\/capitalfmbolivia.com\/web\/category\/nacional\/electoral\/\" rel=\"category tag\">Electoral<\/a> <a href=\"https:\/\/capitalfmbolivia.com\/web\/category\/nacional\/justicia\/\" rel=\"category tag\">Justicia<\/a>","tag_info":"Justicia","comment_count":"0","_links":{"self":[{"href":"https:\/\/capitalfmbolivia.com\/web\/wp-json\/wp\/v2\/posts\/1353","targetHints":{"allow":["GET"]}}],"collection":[{"href":"https:\/\/capitalfmbolivia.com\/web\/wp-json\/wp\/v2\/posts"}],"about":[{"href":"https:\/\/capitalfmbolivia.com\/web\/wp-json\/wp\/v2\/types\/post"}],"author":[{"embeddable":true,"href":"https:\/\/capitalfmbolivia.com\/web\/wp-json\/wp\/v2\/users\/1"}],"replies":[{"embeddable":true,"href":"https:\/\/capitalfmbolivia.com\/web\/wp-json\/wp\/v2\/comments?post=1353"}],"version-history":[{"count":1,"href":"https:\/\/capitalfmbolivia.com\/web\/wp-json\/wp\/v2\/posts\/1353\/revisions"}],"predecessor-version":[{"id":1355,"href":"https:\/\/capitalfmbolivia.com\/web\/wp-json\/wp\/v2\/posts\/1353\/revisions\/1355"}],"wp:featuredmedia":[{"embeddable":true,"href":"https:\/\/capitalfmbolivia.com\/web\/wp-json\/wp\/v2\/media\/1354"}],"wp:attachment":[{"href":"https:\/\/capitalfmbolivia.com\/web\/wp-json\/wp\/v2\/media?parent=1353"}],"wp:term":[{"taxonomy":"category","embeddable":true,"href":"https:\/\/capitalfmbolivia.com\/web\/wp-json\/wp\/v2\/categories?post=1353"},{"taxonomy":"post_tag","embeddable":true,"href":"https:\/\/capitalfmbolivia.com\/web\/wp-json\/wp\/v2\/tags?post=1353"}],"curies":[{"name":"wp","href":"https:\/\/api.w.org\/{rel}","templated":true}]}}