{"id":1362,"date":"2025-10-09T17:17:23","date_gmt":"2025-10-09T21:17:23","guid":{"rendered":"https:\/\/capitalfmbolivia.com\/web\/?p=1362"},"modified":"2025-10-09T17:17:23","modified_gmt":"2025-10-09T21:17:23","slug":"libre-confirma-oficialmente-la-participacion-de-jorge-tuto-quiroga-en-el-debate-presidencial-de-este-domingo","status":"publish","type":"post","link":"https:\/\/capitalfmbolivia.com\/web\/nacional\/electoral\/2025\/10\/09\/1362\/","title":{"rendered":"Libre confirma oficialmente la participaci\u00f3n de Jorge \u201cTuto\u201d Quiroga en el debate presidencial de este domingo"},"content":{"rendered":"<p data-start=\"333\" data-end=\"576\">La Alianza Libre confirm\u00f3 oficialmente ante el Tribunal Supremo Electoral (TSE) la participaci\u00f3n de su candidato presidencial, Jorge \u201cTuto\u201d Quiroga, en el debate presidencial programado para este domingo 12 de octubre en la ciudad de La Paz.<\/p>\n<p data-start=\"578\" data-end=\"839\">A trav\u00e9s de una nota formal enviada al TSE, la organizaci\u00f3n pol\u00edtica ratific\u00f3 la presencia de su postulante en el evento organizado por el \u00d3rgano Electoral Plurinacional, que se llevar\u00e1 a cabo en el Hotel Real Plaza (ex Sheraton), ubicado en la Plaza Bolivia.<\/p>\n<h3 data-start=\"841\" data-end=\"872\">\ud83d\udd58 Detalles del encuentro<\/h3>\n<p data-start=\"873\" data-end=\"1098\">El debate est\u00e1 previsto para las 21:00 y se extender\u00e1 hasta las 22:30. Se trata del segundo encuentro oficial rumbo a la segunda vuelta electoral, luego del debate vicepresidencial realizado el pasado domingo en Santa Cruz.<\/p>\n<p data-start=\"1100\" data-end=\"1306\">Aunque el candidato del Partido Dem\u00f3crata Cristiano (PDC), Rodrigo Paz, expres\u00f3 p\u00fablicamente su voluntad de participar, su partido a\u00fan no ha formalizado la confirmaci\u00f3n ante el Tribunal Supremo Electoral.<\/p>\n<p data-start=\"1308\" data-end=\"1582\">El evento ser\u00e1 transmitido por se\u00f1al abierta y plataformas digitales, y contar\u00e1 con la participaci\u00f3n de periodistas designados por diversos medios nacionales, con el objetivo de promover un espacio plural y transparente para el intercambio de propuestas de los candidatos.<\/p>\n","protected":false},"excerpt":{"rendered":"<p>La Alianza Libre confirm\u00f3 oficialmente ante el Tribunal Supremo Electoral (TSE) la participaci\u00f3n de su&#8230;<\/p>\n","protected":false},"author":1,"featured_media":1363,"comment_status":"closed","ping_status":"open","sticky":false,"template":"","format":"standard","meta":{"footnotes":""},"categories":[41],"tags":[146,543,69,144,525,526,520,177,68],"class_list":["post-1362","post","type-post","status-publish","format-standard","has-post-thumbnail","hentry","category-electoral","tag-alianza-libre","tag-debate-presidencial","tag-elecciones-2025","tag-jorge-tuto-quiroga","tag-pdc","tag-rodrigo-paz","tag-segunda-vuelta","tag-tribunal-supremo-electoral","tag-tse"],"featured_image_urls":{"full":["https:\/\/capitalfmbolivia.com\/web\/wp-content\/uploads\/2025\/10\/diseno-sin-titulo-71.png",1600,900,false],"thumbnail":["https:\/\/capitalfmbolivia.com\/web\/wp-content\/uploads\/2025\/10\/diseno-sin-titulo-71-150x150.png",150,150,true],"medium":["https:\/\/capitalfmbolivia.com\/web\/wp-content\/uploads\/2025\/10\/diseno-sin-titulo-71-300x169.png",300,169,true],"medium_large":["https:\/\/capitalfmbolivia.com\/web\/wp-content\/uploads\/2025\/10\/diseno-sin-titulo-71-768x432.png",640,360,true],"large":["https:\/\/capitalfmbolivia.com\/web\/wp-content\/uploads\/2025\/10\/diseno-sin-titulo-71-1024x576.png",640,360,true],"1536x1536":["https:\/\/capitalfmbolivia.com\/web\/wp-content\/uploads\/2025\/10\/diseno-sin-titulo-71-1536x864.png",1536,864,true],"2048x2048":["https:\/\/capitalfmbolivia.com\/web\/wp-content\/uploads\/2025\/10\/diseno-sin-titulo-71.png",1600,900,false],"newsphere-slider-full":["https:\/\/capitalfmbolivia.com\/web\/wp-content\/uploads\/2025\/10\/diseno-sin-titulo-71-1280x720.png",1280,720,true],"newsphere-featured":["https:\/\/capitalfmbolivia.com\/web\/wp-content\/uploads\/2025\/10\/diseno-sin-titulo-71-1024x576.png",1024,576,true],"newsphere-medium":["https:\/\/capitalfmbolivia.com\/web\/wp-content\/uploads\/2025\/10\/diseno-sin-titulo-71-720x380.png",720,380,true]},"author_info":{"display_name":"redchuqui","author_link":"https:\/\/capitalfmbolivia.com\/web\/author\/redchuqui\/"},"category_info":"<a href=\"https:\/\/capitalfmbolivia.com\/web\/category\/nacional\/electoral\/\" rel=\"category tag\">Electoral<\/a>","tag_info":"Electoral","comment_count":"0","_links":{"self":[{"href":"https:\/\/capitalfmbolivia.com\/web\/wp-json\/wp\/v2\/posts\/1362","targetHints":{"allow":["GET"]}}],"collection":[{"href":"https:\/\/capitalfmbolivia.com\/web\/wp-json\/wp\/v2\/posts"}],"about":[{"href":"https:\/\/capitalfmbolivia.com\/web\/wp-json\/wp\/v2\/types\/post"}],"author":[{"embeddable":true,"href":"https:\/\/capitalfmbolivia.com\/web\/wp-json\/wp\/v2\/users\/1"}],"replies":[{"embeddable":true,"href":"https:\/\/capitalfmbolivia.com\/web\/wp-json\/wp\/v2\/comments?post=1362"}],"version-history":[{"count":1,"href":"https:\/\/capitalfmbolivia.com\/web\/wp-json\/wp\/v2\/posts\/1362\/revisions"}],"predecessor-version":[{"id":1364,"href":"https:\/\/capitalfmbolivia.com\/web\/wp-json\/wp\/v2\/posts\/1362\/revisions\/1364"}],"wp:featuredmedia":[{"embeddable":true,"href":"https:\/\/capitalfmbolivia.com\/web\/wp-json\/wp\/v2\/media\/1363"}],"wp:attachment":[{"href":"https:\/\/capitalfmbolivia.com\/web\/wp-json\/wp\/v2\/media?parent=1362"}],"wp:term":[{"taxonomy":"category","embeddable":true,"href":"https:\/\/capitalfmbolivia.com\/web\/wp-json\/wp\/v2\/categories?post=1362"},{"taxonomy":"post_tag","embeddable":true,"href":"https:\/\/capitalfmbolivia.com\/web\/wp-json\/wp\/v2\/tags?post=1362"}],"curies":[{"name":"wp","href":"https:\/\/api.w.org\/{rel}","templated":true}]}}