{"id":1372,"date":"2025-10-10T16:26:02","date_gmt":"2025-10-10T20:26:02","guid":{"rendered":"https:\/\/capitalfmbolivia.com\/web\/?p=1372"},"modified":"2025-10-10T16:29:39","modified_gmt":"2025-10-10T20:29:39","slug":"red-uno-y-unitel-presentan-las-ultimas-encuestas-antes-del-debate-presidencial-y-la-segunda-vuelta","status":"publish","type":"post","link":"https:\/\/capitalfmbolivia.com\/web\/nacional\/electoral\/2025\/10\/10\/1372\/","title":{"rendered":"Red Uno y Unitel presentan las \u00faltimas encuestas antes del debate presidencial y la segunda vuelta"},"content":{"rendered":"<p data-start=\"341\" data-end=\"707\">La campa\u00f1a rumbo al balotaje presidencial entra en su recta final. Esta noche, <strong data-start=\"420\" data-end=\"431\">Red Uno<\/strong> difundir\u00e1 los resultados de la <strong data-start=\"463\" data-end=\"489\">Gran Encuesta Nacional<\/strong>, mientras que <strong data-start=\"504\" data-end=\"514\">Unitel<\/strong> presentar\u00e1 su propio estudio el domingo 12 de octubre, horas antes del <strong data-start=\"586\" data-end=\"609\">debate presidencial<\/strong> entre <strong data-start=\"659\" data-end=\"674\">Rodrigo Paz<\/strong> (Partido Dem\u00f3crata Cristiano) y <strong data-start=\"616\" data-end=\"640\">Jorge \u201cTuto\u201d Quiroga<\/strong> (Alianza Libre).<\/p>\n<h3 data-start=\"709\" data-end=\"752\">\ud83d\udcca Gran Encuesta Nacional por Red Uno<\/h3>\n<p data-start=\"753\" data-end=\"1164\">A partir de las <strong data-start=\"769\" data-end=\"794\">22:00 de este viernes<\/strong>, Red Uno presentar\u00e1 los datos m\u00e1s recientes sobre la <strong data-start=\"848\" data-end=\"869\">intenci\u00f3n de voto<\/strong> de los bolivianos de cara a la segunda vuelta electoral del <strong data-start=\"930\" data-end=\"947\">19 de octubre<\/strong>.<br data-start=\"948\" data-end=\"951\" \/>El estudio reflejar\u00e1 c\u00f3mo se encuentran las preferencias entre los dos candidatos que disputan la Presidencia de Bolivia y permitir\u00e1 conocer las tendencias nacionales y departamentales a pocos d\u00edas de las urnas.<\/p>\n<h3 data-start=\"1166\" data-end=\"1212\">\ud83d\udcfa \u00daltima encuesta y an\u00e1lisis por Unitel<\/h3>\n<p data-start=\"1213\" data-end=\"1540\">Este <strong data-start=\"1218\" data-end=\"1243\">domingo 12 de octubre<\/strong>, desde las <strong data-start=\"1255\" data-end=\"1264\">19:00<\/strong>, la red Unitel difundir\u00e1 la <strong data-start=\"1293\" data-end=\"1321\">\u00faltima encuesta nacional<\/strong> de intenci\u00f3n de voto previa al balotaje.<br data-start=\"1362\" data-end=\"1365\" \/>El programa especial contar\u00e1 con el an\u00e1lisis de <strong data-start=\"1413\" data-end=\"1439\">expertos y polit\u00f3logos<\/strong>, quienes ofrecer\u00e1n su visi\u00f3n sobre los datos y las posibles proyecciones del electorado boliviano.<\/p>\n<p data-start=\"1542\" data-end=\"1820\">La multiplataforma de Unitel mostrar\u00e1 adem\u00e1s un <strong data-start=\"1590\" data-end=\"1616\">mapa nacional del voto<\/strong> con el comportamiento de las distintas regiones del pa\u00eds.<br data-start=\"1674\" data-end=\"1677\" \/>Las encuestas se difunden <strong data-start=\"1703\" data-end=\"1747\">a una semana de las elecciones generales<\/strong>, que definir\u00e1n al presidente de Bolivia para el periodo <strong data-start=\"1804\" data-end=\"1817\">2025\u20132030<\/strong>.<\/p>\n<h3 data-start=\"1822\" data-end=\"1881\">\ud83c\udfa4 Debate presidencial: Quiroga y Paz frente a frente<\/h3>\n<p data-start=\"1882\" data-end=\"2224\">Tras la publicaci\u00f3n de los estudios, el pa\u00eds vivir\u00e1 uno de los momentos m\u00e1s esperados del proceso electoral.<br data-start=\"1990\" data-end=\"1993\" \/>El <strong data-start=\"1996\" data-end=\"2027\">debate presidencial oficial<\/strong> se llevar\u00e1 a cabo el <strong data-start=\"2049\" data-end=\"2072\">domingo a las 21:00<\/strong>, desde el <strong data-start=\"2083\" data-end=\"2117\">Hotel Real Plaza (ex Sheraton)<\/strong> en La Paz, y ser\u00e1 transmitido en cadena por varios medios nacionales, entre ellos <strong data-start=\"2200\" data-end=\"2221\">Red Chuquisaque\u00f1a<\/strong>.<\/p>\n<p data-start=\"2226\" data-end=\"2415\">Durante el encuentro, los candidatos expondr\u00e1n sus <strong data-start=\"2277\" data-end=\"2324\">propuestas econ\u00f3micas, pol\u00edticas y sociales<\/strong> frente a millones de bolivianos que siguen atentos la definici\u00f3n de esta segunda vuelta.<\/p>\n","protected":false},"excerpt":{"rendered":"<p>La campa\u00f1a rumbo al balotaje presidencial entra en su recta final. Esta noche, Red Uno&#8230;<\/p>\n","protected":false},"author":1,"featured_media":1375,"comment_status":"closed","ping_status":"open","sticky":false,"template":"","format":"standard","meta":{"footnotes":""},"categories":[41],"tags":[146,543,318,552,325,144,525,553,526,520,324],"class_list":["post-1372","post","type-post","status-publish","format-standard","has-post-thumbnail","hentry","category-electoral","tag-alianza-libre","tag-debate-presidencial","tag-elecciones-bolivia-2025","tag-encuestas-electorales","tag-intencion-de-voto","tag-jorge-tuto-quiroga","tag-pdc","tag-red-uno","tag-rodrigo-paz","tag-segunda-vuelta","tag-unitel"],"featured_image_urls":{"full":["https:\/\/capitalfmbolivia.com\/web\/wp-content\/uploads\/2025\/10\/556449158_1178275720995074_2527777427470098033_n-e1760128166600.jpg",1833,942,false],"thumbnail":["https:\/\/capitalfmbolivia.com\/web\/wp-content\/uploads\/2025\/10\/556449158_1178275720995074_2527777427470098033_n-e1760128166600-150x150.jpg",150,150,true],"medium":["https:\/\/capitalfmbolivia.com\/web\/wp-content\/uploads\/2025\/10\/556449158_1178275720995074_2527777427470098033_n-e1760128166600-300x154.jpg",300,154,true],"medium_large":["https:\/\/capitalfmbolivia.com\/web\/wp-content\/uploads\/2025\/10\/556449158_1178275720995074_2527777427470098033_n-e1760128166600-768x395.jpg",640,329,true],"large":["https:\/\/capitalfmbolivia.com\/web\/wp-content\/uploads\/2025\/10\/556449158_1178275720995074_2527777427470098033_n-e1760128166600-1024x526.jpg",640,329,true],"1536x1536":["https:\/\/capitalfmbolivia.com\/web\/wp-content\/uploads\/2025\/10\/556449158_1178275720995074_2527777427470098033_n-e1760128166600-1536x789.jpg",1536,789,true],"2048x2048":["https:\/\/capitalfmbolivia.com\/web\/wp-content\/uploads\/2025\/10\/556449158_1178275720995074_2527777427470098033_n-e1760128166600.jpg",1833,942,false],"newsphere-slider-full":["https:\/\/capitalfmbolivia.com\/web\/wp-content\/uploads\/2025\/10\/556449158_1178275720995074_2527777427470098033_n-e1760128166600-1280x720.jpg",1280,720,true],"newsphere-featured":["https:\/\/capitalfmbolivia.com\/web\/wp-content\/uploads\/2025\/10\/556449158_1178275720995074_2527777427470098033_n-e1760128166600-1024x526.jpg",1024,526,true],"newsphere-medium":["https:\/\/capitalfmbolivia.com\/web\/wp-content\/uploads\/2025\/10\/556449158_1178275720995074_2527777427470098033_n-e1760128166600-720x380.jpg",720,380,true]},"author_info":{"display_name":"redchuqui","author_link":"https:\/\/capitalfmbolivia.com\/web\/author\/redchuqui\/"},"category_info":"<a href=\"https:\/\/capitalfmbolivia.com\/web\/category\/nacional\/electoral\/\" rel=\"category tag\">Electoral<\/a>","tag_info":"Electoral","comment_count":"0","_links":{"self":[{"href":"https:\/\/capitalfmbolivia.com\/web\/wp-json\/wp\/v2\/posts\/1372","targetHints":{"allow":["GET"]}}],"collection":[{"href":"https:\/\/capitalfmbolivia.com\/web\/wp-json\/wp\/v2\/posts"}],"about":[{"href":"https:\/\/capitalfmbolivia.com\/web\/wp-json\/wp\/v2\/types\/post"}],"author":[{"embeddable":true,"href":"https:\/\/capitalfmbolivia.com\/web\/wp-json\/wp\/v2\/users\/1"}],"replies":[{"embeddable":true,"href":"https:\/\/capitalfmbolivia.com\/web\/wp-json\/wp\/v2\/comments?post=1372"}],"version-history":[{"count":1,"href":"https:\/\/capitalfmbolivia.com\/web\/wp-json\/wp\/v2\/posts\/1372\/revisions"}],"predecessor-version":[{"id":1374,"href":"https:\/\/capitalfmbolivia.com\/web\/wp-json\/wp\/v2\/posts\/1372\/revisions\/1374"}],"wp:featuredmedia":[{"embeddable":true,"href":"https:\/\/capitalfmbolivia.com\/web\/wp-json\/wp\/v2\/media\/1375"}],"wp:attachment":[{"href":"https:\/\/capitalfmbolivia.com\/web\/wp-json\/wp\/v2\/media?parent=1372"}],"wp:term":[{"taxonomy":"category","embeddable":true,"href":"https:\/\/capitalfmbolivia.com\/web\/wp-json\/wp\/v2\/categories?post=1372"},{"taxonomy":"post_tag","embeddable":true,"href":"https:\/\/capitalfmbolivia.com\/web\/wp-json\/wp\/v2\/tags?post=1372"}],"curies":[{"name":"wp","href":"https:\/\/api.w.org\/{rel}","templated":true}]}}