{"id":1377,"date":"2025-10-21T19:54:11","date_gmt":"2025-10-21T23:54:11","guid":{"rendered":"https:\/\/capitalfmbolivia.com\/web\/?p=1377"},"modified":"2025-10-21T19:54:11","modified_gmt":"2025-10-21T23:54:11","slug":"la-transmision-de-mando-presidencial-se-realizara-en-la-paz-y-no-en-sucre","status":"publish","type":"post","link":"https:\/\/capitalfmbolivia.com\/web\/nacional\/politica\/2025\/10\/21\/1377\/","title":{"rendered":"La transmisi\u00f3n de mando presidencial se realizar\u00e1 en La Paz y no en Sucre"},"content":{"rendered":"<p data-start=\"325\" data-end=\"577\">El presidente electo <strong data-start=\"346\" data-end=\"369\">Rodrigo Paz Pereira<\/strong> asumir\u00e1 oficialmente el mando del pa\u00eds el <strong data-start=\"412\" data-end=\"430\">8 de noviembre<\/strong> en la <strong data-start=\"437\" data-end=\"457\">ciudad de La Paz<\/strong>, y no en <strong data-start=\"467\" data-end=\"476\">Sucre<\/strong>, como se hab\u00eda planteado inicialmente en el marco de los actos por el <strong data-start=\"547\" data-end=\"574\">Bicentenario de Bolivia<\/strong>.<\/p>\n<p data-start=\"579\" data-end=\"824\">La decisi\u00f3n fue confirmada por el senador electo por Chuquisaca, <strong data-start=\"644\" data-end=\"660\">Daniel Ortiz<\/strong> (PDC), quien explic\u00f3 que el cambio de sede responde <strong data-start=\"713\" data-end=\"737\">\u201ca temas log\u00edsticos\u201d<\/strong> y no implica una modificaci\u00f3n del car\u00e1cter institucional de la transmisi\u00f3n de mando.<\/p>\n<hr data-start=\"826\" data-end=\"829\" \/>\n<h3 data-start=\"831\" data-end=\"905\">\ud83c\udfdb\ufe0f Actos oficiales y comunicado de la Oficina del Presidente Electo<\/h3>\n<p data-start=\"907\" data-end=\"1095\">Seg\u00fan un <strong data-start=\"916\" data-end=\"938\">comunicado oficial<\/strong> difundido por la <strong data-start=\"956\" data-end=\"989\">Oficina del Presidente Electo<\/strong>, los actos de <strong data-start=\"1004\" data-end=\"1052\">posesi\u00f3n presidencial y transmisi\u00f3n de mando<\/strong> se desarrollar\u00e1n en la sede de Gobierno.<\/p>\n<blockquote data-start=\"1097\" data-end=\"1423\">\n<p data-start=\"1099\" data-end=\"1423\">\u201cEn atenci\u00f3n a las consultas recibidas por los medios de comunicaci\u00f3n, se confirma que los actos de Posesi\u00f3n Presidencial y Transmisi\u00f3n de Mando se realizar\u00e1n en la ciudad de La Paz, Sede de Gobierno. La agenda oficial, junto con los detalles log\u00edsticos y protocolares, ser\u00e1 comunicada oportunamente\u201d, indica el documento.<\/p>\n<\/blockquote>\n<p data-start=\"1425\" data-end=\"1651\">El evento marcar\u00e1 el inicio de la gesti\u00f3n de <strong data-start=\"1470\" data-end=\"1485\">Rodrigo Paz<\/strong> como Presidente y de <strong data-start=\"1507\" data-end=\"1561\">(nombre del vicepresidente electo, si corresponde)<\/strong> como Vicepresidente, tras su victoria en la segunda vuelta electoral del 19 de octubre.<\/p>\n<hr data-start=\"1653\" data-end=\"1656\" \/>\n<h3 data-start=\"1658\" data-end=\"1687\">\ud83d\udd04 Transici\u00f3n en marcha<\/h3>\n<p data-start=\"1689\" data-end=\"1921\">El <strong data-start=\"1692\" data-end=\"1733\">viceministro de Relaciones Exteriores<\/strong>, <strong data-start=\"1735\" data-end=\"1753\">Elmer Catarina<\/strong>, inform\u00f3 que el gobierno saliente de <strong data-start=\"1791\" data-end=\"1804\">Luis Arce<\/strong> ya trabaja en la <strong data-start=\"1822\" data-end=\"1918\">normativa que formaliza las comisiones de transici\u00f3n y de transmisi\u00f3n del mando presidencial<\/strong>.<\/p>\n<blockquote data-start=\"1923\" data-end=\"2238\">\n<p data-start=\"1925\" data-end=\"2238\">\u201cNosotros como gobierno estamos actuando con transparencia. Los ministros ya est\u00e1n haciendo la evaluaci\u00f3n correspondiente y, si va a ser un decreto, ser\u00e1 obviamente un decreto. El objetivo es actuar con mucha transparencia en la entrega de informaci\u00f3n a trav\u00e9s de las comisiones transitorias\u201d, explic\u00f3 Catarina.<\/p>\n<\/blockquote>\n<p data-start=\"2240\" data-end=\"2445\">El <strong data-start=\"2243\" data-end=\"2268\">proceso de transici\u00f3n<\/strong> comenz\u00f3 el <strong data-start=\"2280\" data-end=\"2303\">lunes 20 de octubre<\/strong>, con reuniones entre el equipo de Paz Pereira, el del vicepresidente electo y los ministerios de la Presidencia y de Relaciones Exteriores.<\/p>\n<blockquote data-start=\"2447\" data-end=\"2743\">\n<p data-start=\"2449\" data-end=\"2743\">\u201cQueremos garantizar una transici\u00f3n ordenada y transparente. Estas tres semanas deben servir para cerrar de la mejor manera la gesti\u00f3n saliente, sin decisiones de \u00faltimo momento que afecten al nuevo gobierno\u201d, declar\u00f3 Rodrigo Paz en su primera conferencia tras la confirmaci\u00f3n de su victoria.<\/p>\n<\/blockquote>\n","protected":false},"excerpt":{"rendered":"<p>El presidente electo Rodrigo Paz Pereira asumir\u00e1 oficialmente el mando del pa\u00eds el 8 de&#8230;<\/p>\n","protected":false},"author":1,"featured_media":1378,"comment_status":"closed","ping_status":"open","sticky":false,"template":"","format":"standard","meta":{"footnotes":""},"categories":[43],"tags":[556,69,557,156,92,525,555,526,327,554],"class_list":["post-1377","post","type-post","status-publish","format-standard","has-post-thumbnail","hentry","category-politica","tag-daniel-ortiz","tag-elecciones-2025","tag-gobierno-de-transicion","tag-la-paz","tag-luis-arce","tag-pdc","tag-posesion-presidencial","tag-rodrigo-paz","tag-sucre","tag-transmision-de-mando"],"featured_image_urls":{"full":["https:\/\/capitalfmbolivia.com\/web\/wp-content\/uploads\/2025\/10\/85552815-304e-4608-bf67-d62f87a76623_16-9-discover-aspect-ratio_default_01.jpg",1200,675,false],"thumbnail":["https:\/\/capitalfmbolivia.com\/web\/wp-content\/uploads\/2025\/10\/85552815-304e-4608-bf67-d62f87a76623_16-9-discover-aspect-ratio_default_01-150x150.jpg",150,150,true],"medium":["https:\/\/capitalfmbolivia.com\/web\/wp-content\/uploads\/2025\/10\/85552815-304e-4608-bf67-d62f87a76623_16-9-discover-aspect-ratio_default_01-300x169.jpg",300,169,true],"medium_large":["https:\/\/capitalfmbolivia.com\/web\/wp-content\/uploads\/2025\/10\/85552815-304e-4608-bf67-d62f87a76623_16-9-discover-aspect-ratio_default_01-768x432.jpg",640,360,true],"large":["https:\/\/capitalfmbolivia.com\/web\/wp-content\/uploads\/2025\/10\/85552815-304e-4608-bf67-d62f87a76623_16-9-discover-aspect-ratio_default_01-1024x576.jpg",640,360,true],"1536x1536":["https:\/\/capitalfmbolivia.com\/web\/wp-content\/uploads\/2025\/10\/85552815-304e-4608-bf67-d62f87a76623_16-9-discover-aspect-ratio_default_01.jpg",1200,675,false],"2048x2048":["https:\/\/capitalfmbolivia.com\/web\/wp-content\/uploads\/2025\/10\/85552815-304e-4608-bf67-d62f87a76623_16-9-discover-aspect-ratio_default_01.jpg",1200,675,false],"newsphere-slider-full":["https:\/\/capitalfmbolivia.com\/web\/wp-content\/uploads\/2025\/10\/85552815-304e-4608-bf67-d62f87a76623_16-9-discover-aspect-ratio_default_01.jpg",1200,675,false],"newsphere-featured":["https:\/\/capitalfmbolivia.com\/web\/wp-content\/uploads\/2025\/10\/85552815-304e-4608-bf67-d62f87a76623_16-9-discover-aspect-ratio_default_01-1024x576.jpg",1024,576,true],"newsphere-medium":["https:\/\/capitalfmbolivia.com\/web\/wp-content\/uploads\/2025\/10\/85552815-304e-4608-bf67-d62f87a76623_16-9-discover-aspect-ratio_default_01-720x380.jpg",720,380,true]},"author_info":{"display_name":"redchuqui","author_link":"https:\/\/capitalfmbolivia.com\/web\/author\/redchuqui\/"},"category_info":"<a href=\"https:\/\/capitalfmbolivia.com\/web\/category\/nacional\/politica\/\" rel=\"category tag\">Politica<\/a>","tag_info":"Politica","comment_count":"0","_links":{"self":[{"href":"https:\/\/capitalfmbolivia.com\/web\/wp-json\/wp\/v2\/posts\/1377","targetHints":{"allow":["GET"]}}],"collection":[{"href":"https:\/\/capitalfmbolivia.com\/web\/wp-json\/wp\/v2\/posts"}],"about":[{"href":"https:\/\/capitalfmbolivia.com\/web\/wp-json\/wp\/v2\/types\/post"}],"author":[{"embeddable":true,"href":"https:\/\/capitalfmbolivia.com\/web\/wp-json\/wp\/v2\/users\/1"}],"replies":[{"embeddable":true,"href":"https:\/\/capitalfmbolivia.com\/web\/wp-json\/wp\/v2\/comments?post=1377"}],"version-history":[{"count":1,"href":"https:\/\/capitalfmbolivia.com\/web\/wp-json\/wp\/v2\/posts\/1377\/revisions"}],"predecessor-version":[{"id":1379,"href":"https:\/\/capitalfmbolivia.com\/web\/wp-json\/wp\/v2\/posts\/1377\/revisions\/1379"}],"wp:featuredmedia":[{"embeddable":true,"href":"https:\/\/capitalfmbolivia.com\/web\/wp-json\/wp\/v2\/media\/1378"}],"wp:attachment":[{"href":"https:\/\/capitalfmbolivia.com\/web\/wp-json\/wp\/v2\/media?parent=1377"}],"wp:term":[{"taxonomy":"category","embeddable":true,"href":"https:\/\/capitalfmbolivia.com\/web\/wp-json\/wp\/v2\/categories?post=1377"},{"taxonomy":"post_tag","embeddable":true,"href":"https:\/\/capitalfmbolivia.com\/web\/wp-json\/wp\/v2\/tags?post=1377"}],"curies":[{"name":"wp","href":"https:\/\/api.w.org\/{rel}","templated":true}]}}