{"id":1380,"date":"2025-10-22T10:40:39","date_gmt":"2025-10-22T14:40:39","guid":{"rendered":"https:\/\/capitalfmbolivia.com\/web\/?p=1380"},"modified":"2025-10-22T10:40:39","modified_gmt":"2025-10-22T14:40:39","slug":"arce-no-asistira-al-cambio-de-mando-presidencial-no-es-necesario","status":"publish","type":"post","link":"https:\/\/capitalfmbolivia.com\/web\/nacional\/politica\/2025\/10\/22\/1380\/","title":{"rendered":"Arce no asistir\u00e1 al cambio de mando presidencial: \u201cNo es necesario\u201d"},"content":{"rendered":"<p data-start=\"83\" data-end=\"304\">El presidente del Estado, <strong data-start=\"137\" data-end=\"159\">Luis Arce Catacora<\/strong>, anunci\u00f3 que <strong data-start=\"173\" data-end=\"234\">no participar\u00e1 en el acto de cambio de mando presidencial<\/strong> previsto para el pr\u00f3ximo <strong data-start=\"260\" data-end=\"301\">8 de noviembre en la ciudad de La Paz<\/strong>.<\/p>\n<p data-start=\"306\" data-end=\"529\">En una entrevista con la agencia <strong data-start=\"339\" data-end=\"346\">EFE<\/strong>, Arce afirm\u00f3 que su presencia no es indispensable para el proceso de transici\u00f3n. \u201c<strong data-start=\"429\" data-end=\"503\">No es necesario que yo vaya para que se prosiga con el cambio de mando<\/strong>\u201d, se\u00f1al\u00f3 el mandatario.<\/p>\n<p data-start=\"531\" data-end=\"713\">De confirmarse su ausencia, se repetir\u00e1 un antecedente similar al de <strong data-start=\"600\" data-end=\"621\">noviembre de 2020<\/strong>, cuando la entonces presidenta <strong data-start=\"653\" data-end=\"669\">Jeanine \u00c1\u00f1ez<\/strong> tampoco hizo entrega del bast\u00f3n de mando.<\/p>\n<p data-start=\"715\" data-end=\"998\">A pesar de su decisi\u00f3n, Arce garantiz\u00f3 que el proceso se desarrollar\u00e1 <strong data-start=\"785\" data-end=\"812\">con total transparencia<\/strong>, asegurando una transferencia institucional ordenada al nuevo gobierno que estar\u00e1 encabezado por <strong data-start=\"910\" data-end=\"933\">Rodrigo Paz Pereira<\/strong>, presidente electo en la segunda vuelta del <strong data-start=\"978\" data-end=\"995\">19 de octubre<\/strong>.<\/p>\n<p data-start=\"1000\" data-end=\"1239\">Asimismo, el Gobierno saliente y el equipo de Paz acordaron en una reuni\u00f3n reciente la <strong data-start=\"1087\" data-end=\"1131\">creaci\u00f3n de dos comisiones de transici\u00f3n<\/strong>, destinadas a coordinar todos los detalles administrativos y log\u00edsticos del cambio de mando presidencial.<\/p>\n","protected":false},"excerpt":{"rendered":"<p>El presidente del Estado, Luis Arce Catacora, anunci\u00f3 que no participar\u00e1 en el acto de&#8230;<\/p>\n","protected":false},"author":1,"featured_media":1244,"comment_status":"closed","ping_status":"open","sticky":false,"template":"","format":"standard","meta":{"footnotes":""},"categories":[43],"tags":[116,558,69,92,219,526,559],"class_list":["post-1380","post","type-post","status-publish","format-standard","has-post-thumbnail","hentry","category-politica","tag-bolivia","tag-cambio-de-mando","tag-elecciones-2025","tag-luis-arce","tag-politica","tag-rodrigo-paz","tag-transicion-presidencial"],"featured_image_urls":{"full":["https:\/\/capitalfmbolivia.com\/web\/wp-content\/uploads\/2025\/06\/Screenshot-2025-06-12-000627.png",1687,950,false],"thumbnail":["https:\/\/capitalfmbolivia.com\/web\/wp-content\/uploads\/2025\/06\/Screenshot-2025-06-12-000627-150x150.png",150,150,true],"medium":["https:\/\/capitalfmbolivia.com\/web\/wp-content\/uploads\/2025\/06\/Screenshot-2025-06-12-000627-300x169.png",300,169,true],"medium_large":["https:\/\/capitalfmbolivia.com\/web\/wp-content\/uploads\/2025\/06\/Screenshot-2025-06-12-000627-768x432.png",640,360,true],"large":["https:\/\/capitalfmbolivia.com\/web\/wp-content\/uploads\/2025\/06\/Screenshot-2025-06-12-000627-1024x577.png",640,361,true],"1536x1536":["https:\/\/capitalfmbolivia.com\/web\/wp-content\/uploads\/2025\/06\/Screenshot-2025-06-12-000627-1536x865.png",1536,865,true],"2048x2048":["https:\/\/capitalfmbolivia.com\/web\/wp-content\/uploads\/2025\/06\/Screenshot-2025-06-12-000627.png",1687,950,false],"newsphere-slider-full":["https:\/\/capitalfmbolivia.com\/web\/wp-content\/uploads\/2025\/06\/Screenshot-2025-06-12-000627-1280x720.png",1280,720,true],"newsphere-featured":["https:\/\/capitalfmbolivia.com\/web\/wp-content\/uploads\/2025\/06\/Screenshot-2025-06-12-000627-1024x577.png",1024,577,true],"newsphere-medium":["https:\/\/capitalfmbolivia.com\/web\/wp-content\/uploads\/2025\/06\/Screenshot-2025-06-12-000627-720x380.png",720,380,true]},"author_info":{"display_name":"redchuqui","author_link":"https:\/\/capitalfmbolivia.com\/web\/author\/redchuqui\/"},"category_info":"<a href=\"https:\/\/capitalfmbolivia.com\/web\/category\/nacional\/politica\/\" rel=\"category tag\">Politica<\/a>","tag_info":"Politica","comment_count":"0","_links":{"self":[{"href":"https:\/\/capitalfmbolivia.com\/web\/wp-json\/wp\/v2\/posts\/1380","targetHints":{"allow":["GET"]}}],"collection":[{"href":"https:\/\/capitalfmbolivia.com\/web\/wp-json\/wp\/v2\/posts"}],"about":[{"href":"https:\/\/capitalfmbolivia.com\/web\/wp-json\/wp\/v2\/types\/post"}],"author":[{"embeddable":true,"href":"https:\/\/capitalfmbolivia.com\/web\/wp-json\/wp\/v2\/users\/1"}],"replies":[{"embeddable":true,"href":"https:\/\/capitalfmbolivia.com\/web\/wp-json\/wp\/v2\/comments?post=1380"}],"version-history":[{"count":1,"href":"https:\/\/capitalfmbolivia.com\/web\/wp-json\/wp\/v2\/posts\/1380\/revisions"}],"predecessor-version":[{"id":1381,"href":"https:\/\/capitalfmbolivia.com\/web\/wp-json\/wp\/v2\/posts\/1380\/revisions\/1381"}],"wp:featuredmedia":[{"embeddable":true,"href":"https:\/\/capitalfmbolivia.com\/web\/wp-json\/wp\/v2\/media\/1244"}],"wp:attachment":[{"href":"https:\/\/capitalfmbolivia.com\/web\/wp-json\/wp\/v2\/media?parent=1380"}],"wp:term":[{"taxonomy":"category","embeddable":true,"href":"https:\/\/capitalfmbolivia.com\/web\/wp-json\/wp\/v2\/categories?post=1380"},{"taxonomy":"post_tag","embeddable":true,"href":"https:\/\/capitalfmbolivia.com\/web\/wp-json\/wp\/v2\/tags?post=1380"}],"curies":[{"name":"wp","href":"https:\/\/api.w.org\/{rel}","templated":true}]}}