{"id":1390,"date":"2025-11-12T11:27:35","date_gmt":"2025-11-12T15:27:35","guid":{"rendered":"https:\/\/capitalfmbolivia.com\/web\/?p=1390"},"modified":"2025-11-12T11:28:47","modified_gmt":"2025-11-12T15:28:47","slug":"vicepresidente-edmand-lara-revela-que-rodrigo-paz-le-pidio-coordinar-el-relevo-del-alto-mando-policial","status":"publish","type":"post","link":"https:\/\/capitalfmbolivia.com\/web\/nacional\/justicia\/2025\/11\/12\/1390\/","title":{"rendered":"Vicepresidente Edmand Lara revela que Rodrigo Paz le pidi\u00f3 coordinar el relevo del alto mando policial"},"content":{"rendered":"<p data-start=\"344\" data-end=\"610\">El vicepresidente <strong data-start=\"362\" data-end=\"377\">Edmand Lara<\/strong> asegur\u00f3 este mi\u00e9rcoles, mediante un video difundido en redes sociales, que el presidente <strong data-start=\"467\" data-end=\"490\">Rodrigo Paz Pereira<\/strong> le encomend\u00f3 coordinar el cambio del <strong data-start=\"528\" data-end=\"551\">alto mando policial<\/strong> junto al ministro de Gobierno, <strong data-start=\"583\" data-end=\"607\">Marco Antonio Oviedo<\/strong>.<\/p>\n<p data-start=\"612\" data-end=\"807\">Seg\u00fan Lara, el mandatario dio la instrucci\u00f3n directa a Oviedo en su presencia, con el objetivo de <strong data-start=\"710\" data-end=\"770\">combatir la corrupci\u00f3n dentro de la instituci\u00f3n policial<\/strong> y atender las demandas ciudadanas.<\/p>\n<blockquote data-start=\"809\" data-end=\"1046\">\n<p data-start=\"811\" data-end=\"1046\">\u201cEl pueblo boliviano exige terminar con la corrupci\u00f3n en la Polic\u00eda y renovar todo el alto mando. Adem\u00e1s, se debe eliminar la inspecci\u00f3n t\u00e9cnica vehicular, que se ha convertido en una forma de extorsi\u00f3n\u201d, manifest\u00f3 el Vicepresidente.<\/p>\n<\/blockquote>\n<p data-start=\"1048\" data-end=\"1392\">Lara explic\u00f3 que convoc\u00f3 al ministro Oviedo a una reuni\u00f3n para coordinar la medida, sin embargo, el encuentro fue reprogramado debido a que el titular de Gobierno tuvo que viajar al interior del pa\u00eds por <strong data-start=\"1252\" data-end=\"1280\">instrucci\u00f3n presidencial<\/strong>. El Vicepresidente anunci\u00f3 que insistir\u00e1 en sostener la reuni\u00f3n este <strong data-start=\"1350\" data-end=\"1360\">jueves<\/strong>, para avanzar en la decisi\u00f3n.<\/p>\n<p data-start=\"1394\" data-end=\"1595\">La declaraci\u00f3n gener\u00f3 expectativas sobre posibles <strong data-start=\"1444\" data-end=\"1469\">cambios estructurales<\/strong> en las fuerzas del orden, en medio de las cr\u00edticas por presuntos hechos de corrupci\u00f3n y abuso en los controles vehiculares.<\/p>\n","protected":false},"excerpt":{"rendered":"<p>El vicepresidente Edmand Lara asegur\u00f3 este mi\u00e9rcoles, mediante un video difundido en redes sociales, que&#8230;<\/p>\n","protected":false},"author":1,"featured_media":1391,"comment_status":"closed","ping_status":"open","sticky":false,"template":"","format":"standard","meta":{"footnotes":""},"categories":[39,43],"tags":[563,565,521,345,564,562,404,561],"class_list":["post-1390","post","type-post","status-publish","format-standard","has-post-thumbnail","hentry","category-justicia","category-politica","tag-cambio-del-alto-mando-policial","tag-corrupcion-policial","tag-edmand-lara","tag-gobierno-de-bolivia","tag-inspeccion-tecnica-vehicular","tag-marco-antonio-oviedo","tag-policia-boliviana","tag-rodrigo-paz-pereira"],"featured_image_urls":{"full":["https:\/\/capitalfmbolivia.com\/web\/wp-content\/uploads\/2025\/11\/20251108211606248831.webp",992,558,false],"thumbnail":["https:\/\/capitalfmbolivia.com\/web\/wp-content\/uploads\/2025\/11\/20251108211606248831-150x150.webp",150,150,true],"medium":["https:\/\/capitalfmbolivia.com\/web\/wp-content\/uploads\/2025\/11\/20251108211606248831-300x169.webp",300,169,true],"medium_large":["https:\/\/capitalfmbolivia.com\/web\/wp-content\/uploads\/2025\/11\/20251108211606248831-768x432.webp",640,360,true],"large":["https:\/\/capitalfmbolivia.com\/web\/wp-content\/uploads\/2025\/11\/20251108211606248831.webp",640,360,false],"1536x1536":["https:\/\/capitalfmbolivia.com\/web\/wp-content\/uploads\/2025\/11\/20251108211606248831.webp",992,558,false],"2048x2048":["https:\/\/capitalfmbolivia.com\/web\/wp-content\/uploads\/2025\/11\/20251108211606248831.webp",992,558,false],"newsphere-slider-full":["https:\/\/capitalfmbolivia.com\/web\/wp-content\/uploads\/2025\/11\/20251108211606248831.webp",992,558,false],"newsphere-featured":["https:\/\/capitalfmbolivia.com\/web\/wp-content\/uploads\/2025\/11\/20251108211606248831.webp",992,558,false],"newsphere-medium":["https:\/\/capitalfmbolivia.com\/web\/wp-content\/uploads\/2025\/11\/20251108211606248831-720x380.webp",720,380,true]},"author_info":{"display_name":"redchuqui","author_link":"https:\/\/capitalfmbolivia.com\/web\/author\/redchuqui\/"},"category_info":"<a href=\"https:\/\/capitalfmbolivia.com\/web\/category\/nacional\/justicia\/\" rel=\"category tag\">Justicia<\/a> <a href=\"https:\/\/capitalfmbolivia.com\/web\/category\/nacional\/politica\/\" rel=\"category tag\">Politica<\/a>","tag_info":"Politica","comment_count":"0","_links":{"self":[{"href":"https:\/\/capitalfmbolivia.com\/web\/wp-json\/wp\/v2\/posts\/1390","targetHints":{"allow":["GET"]}}],"collection":[{"href":"https:\/\/capitalfmbolivia.com\/web\/wp-json\/wp\/v2\/posts"}],"about":[{"href":"https:\/\/capitalfmbolivia.com\/web\/wp-json\/wp\/v2\/types\/post"}],"author":[{"embeddable":true,"href":"https:\/\/capitalfmbolivia.com\/web\/wp-json\/wp\/v2\/users\/1"}],"replies":[{"embeddable":true,"href":"https:\/\/capitalfmbolivia.com\/web\/wp-json\/wp\/v2\/comments?post=1390"}],"version-history":[{"count":1,"href":"https:\/\/capitalfmbolivia.com\/web\/wp-json\/wp\/v2\/posts\/1390\/revisions"}],"predecessor-version":[{"id":1392,"href":"https:\/\/capitalfmbolivia.com\/web\/wp-json\/wp\/v2\/posts\/1390\/revisions\/1392"}],"wp:featuredmedia":[{"embeddable":true,"href":"https:\/\/capitalfmbolivia.com\/web\/wp-json\/wp\/v2\/media\/1391"}],"wp:attachment":[{"href":"https:\/\/capitalfmbolivia.com\/web\/wp-json\/wp\/v2\/media?parent=1390"}],"wp:term":[{"taxonomy":"category","embeddable":true,"href":"https:\/\/capitalfmbolivia.com\/web\/wp-json\/wp\/v2\/categories?post=1390"},{"taxonomy":"post_tag","embeddable":true,"href":"https:\/\/capitalfmbolivia.com\/web\/wp-json\/wp\/v2\/tags?post=1390"}],"curies":[{"name":"wp","href":"https:\/\/api.w.org\/{rel}","templated":true}]}}