{"id":1399,"date":"2025-11-18T17:02:37","date_gmt":"2025-11-18T21:02:37","guid":{"rendered":"https:\/\/capitalfmbolivia.com\/web\/?p=1399"},"modified":"2025-11-18T17:10:18","modified_gmt":"2025-11-18T21:10:18","slug":"gobierno-redefine-su-estructura-y-reduce-ministerios-asi-queda-la-nueva-organizacion-estatal","status":"publish","type":"post","link":"https:\/\/capitalfmbolivia.com\/web\/nacional\/politica\/2025\/11\/18\/1399\/","title":{"rendered":"Gobierno redefine su estructura y reduce ministerios: as\u00ed queda la nueva organizaci\u00f3n estatal"},"content":{"rendered":"<p data-start=\"288\" data-end=\"538\">El <strong data-start=\"291\" data-end=\"315\">Decreto Supremo 5488<\/strong>, promulgado por el presidente <strong data-start=\"346\" data-end=\"361\">Rodrigo Paz<\/strong>, oficializa la nueva estructura del \u00d3rgano Ejecutivo para esta gesti\u00f3n, estableciendo <strong data-start=\"448\" data-end=\"466\">15 ministerios<\/strong>, dos menos que en la administraci\u00f3n anterior de <strong data-start=\"515\" data-end=\"537\">Luis Arce Catacora<\/strong>.<\/p>\n<p data-start=\"540\" data-end=\"634\">La reorganizaci\u00f3n implica la absorci\u00f3n de varias carteras y la redistribuci\u00f3n de competencias:<\/p>\n<h3 data-start=\"636\" data-end=\"698\">\ud83d\udd39 Medio Ambiente y Agua deja de existir como ministerio<\/h3>\n<p data-start=\"699\" data-end=\"755\">Las funciones de esta cartera se dividen en dos \u00e1reas:<\/p>\n<ul data-start=\"756\" data-end=\"945\">\n<li data-start=\"756\" data-end=\"863\">\n<p data-start=\"758\" data-end=\"863\"><strong data-start=\"758\" data-end=\"776\">Medio Ambiente<\/strong> pasa a depender del <strong data-start=\"797\" data-end=\"860\">Ministerio de Planificaci\u00f3n del Desarrollo y Medio Ambiente<\/strong>.<\/p>\n<\/li>\n<li data-start=\"864\" data-end=\"945\">\n<p data-start=\"866\" data-end=\"945\"><strong data-start=\"866\" data-end=\"874\">Agua<\/strong> se incorpora al <strong data-start=\"891\" data-end=\"944\">Ministerio de Desarrollo Productivo, Rural y Agua<\/strong>.<\/p>\n<\/li>\n<\/ul>\n<h3 data-start=\"947\" data-end=\"992\">\ud83d\udd39 Desaparece el Ministerio de Culturas<\/h3>\n<p data-start=\"993\" data-end=\"1255\">El anterior <strong data-start=\"1005\" data-end=\"1071\">Ministerio de Culturas, Descolonizaci\u00f3n y Despatriarcalizaci\u00f3n<\/strong> queda fusionado dentro del nuevo <strong data-start=\"1105\" data-end=\"1175\">Ministerio de Turismo Sostenible, Culturas, Folklore y Gastronom\u00eda<\/strong>, que concentrar\u00e1 todas las atribuciones culturales, tur\u00edsticas y gastron\u00f3micas.<\/p>\n<h3 data-start=\"1257\" data-end=\"1307\">\ud83d\udd39 Tierras cambia de ubicaci\u00f3n institucional<\/h3>\n<p data-start=\"1308\" data-end=\"1374\">Ya no existe el Ministerio de Desarrollo Rural y Tierras. Ahora:<\/p>\n<ul data-start=\"1375\" data-end=\"1557\">\n<li data-start=\"1375\" data-end=\"1447\">\n<p data-start=\"1377\" data-end=\"1447\">El \u00e1rea <strong data-start=\"1385\" data-end=\"1394\">rural<\/strong> se integra al Ministerio de Desarrollo Productivo.<\/p>\n<\/li>\n<li data-start=\"1448\" data-end=\"1557\">\n<p data-start=\"1450\" data-end=\"1557\"><strong data-start=\"1450\" data-end=\"1461\">Tierras<\/strong> pasa a formar parte del <strong data-start=\"1486\" data-end=\"1518\">Ministerio de la Presidencia<\/strong> como un <strong data-start=\"1527\" data-end=\"1556\">Viceministerio de Tierras<\/strong>.<\/p>\n<\/li>\n<\/ul>\n<h3 data-start=\"1559\" data-end=\"1603\">\ud83d\udd39 Nuevos viceministerios estrat\u00e9gicos<\/h3>\n<ul data-start=\"1604\" data-end=\"1907\">\n<li data-start=\"1604\" data-end=\"1757\">\n<p data-start=\"1606\" data-end=\"1757\">El \u00e1rea de <strong data-start=\"1617\" data-end=\"1687\">Medio Ambiente, Biodiversidad, Cambio Clim\u00e1tico y Gesti\u00f3n Forestal<\/strong> funcionar\u00e1 como viceministerio bajo el Ministerio de Planificaci\u00f3n.<\/p>\n<\/li>\n<li data-start=\"1758\" data-end=\"1907\">\n<p data-start=\"1760\" data-end=\"1826\">El Ministerio de Turismo Sostenible tendr\u00e1 tres viceministerios:<\/p>\n<ol data-start=\"1829\" data-end=\"1907\">\n<li data-start=\"1829\" data-end=\"1863\">\n<p data-start=\"1832\" data-end=\"1863\">Fomento al Turismo Sostenible<\/p>\n<\/li>\n<li data-start=\"1866\" data-end=\"1882\">\n<p data-start=\"1869\" data-end=\"1882\">Gastronom\u00eda<\/p>\n<\/li>\n<li data-start=\"1885\" data-end=\"1907\">\n<p data-start=\"1888\" data-end=\"1907\">Culturas y Folklore<\/p>\n<\/li>\n<\/ol>\n<\/li>\n<\/ul>\n<p data-start=\"1909\" data-end=\"2098\">Aunque anteriormente se posesion\u00f3 a una autoridad como ministra sin cartera de Turismo, el decreto establece que esta repartici\u00f3n queda incorporada plenamente como un <strong data-start=\"2076\" data-end=\"2097\">ministerio formal<\/strong>.<\/p>\n<hr data-start=\"2100\" data-end=\"2103\" \/>\n<h2 data-start=\"2105\" data-end=\"2156\">\ud83d\udccb <strong data-start=\"2111\" data-end=\"2156\">As\u00ed queda la nueva estructura ministerial<\/strong><\/h2>\n<p data-start=\"2158\" data-end=\"2631\">a) Relaciones Exteriores<br data-start=\"2182\" data-end=\"2185\" \/>b) Presidencia<br data-start=\"2199\" data-end=\"2202\" \/>c) Gobierno<br data-start=\"2213\" data-end=\"2216\" \/>d) Defensa<br data-start=\"2226\" data-end=\"2229\" \/>e) Planificaci\u00f3n del Desarrollo y Medio Ambiente<br data-start=\"2277\" data-end=\"2280\" \/>f) Econom\u00eda y Finanzas P\u00fablicas<br data-start=\"2311\" data-end=\"2314\" \/>g) Hidrocarburos y Energ\u00edas<br data-start=\"2341\" data-end=\"2344\" \/>h) Desarrollo Productivo, Rural y Agua<br data-start=\"2382\" data-end=\"2385\" \/>i) Obras P\u00fablicas, Servicios y Vivienda<br data-start=\"2424\" data-end=\"2427\" \/>j) Miner\u00eda y Metalurgia<br data-start=\"2450\" data-end=\"2453\" \/>k) Justicia y Transparencia Institucional<br data-start=\"2494\" data-end=\"2497\" \/>l) Trabajo, Empleo y Previsi\u00f3n Social<br data-start=\"2534\" data-end=\"2537\" \/>m) Salud y Deportes<br data-start=\"2556\" data-end=\"2559\" \/>n) Educaci\u00f3n<br data-start=\"2571\" data-end=\"2574\" \/>o) Turismo Sostenible, Culturas, Folklore y Gastronom\u00eda<\/p>\n","protected":false},"excerpt":{"rendered":"<p>El Decreto Supremo 5488, promulgado por el presidente Rodrigo Paz, oficializa la nueva estructura del&#8230;<\/p>\n","protected":false},"author":1,"featured_media":1400,"comment_status":"closed","ping_status":"open","sticky":false,"template":"","format":"standard","meta":{"footnotes":""},"categories":[43],"tags":[574,577,573,576,575,526],"class_list":["post-1399","post","type-post","status-publish","format-standard","has-post-thumbnail","hentry","category-politica","tag-decreto-supremo-5488","tag-estructura-del-gobierno","tag-ministerios","tag-organo-ejecutivo","tag-reorganizacion-estatal","tag-rodrigo-paz"],"featured_image_urls":{"full":["https:\/\/capitalfmbolivia.com\/web\/wp-content\/uploads\/2025\/11\/vdvvs1.jpg",1280,960,false],"thumbnail":["https:\/\/capitalfmbolivia.com\/web\/wp-content\/uploads\/2025\/11\/vdvvs1-150x150.jpg",150,150,true],"medium":["https:\/\/capitalfmbolivia.com\/web\/wp-content\/uploads\/2025\/11\/vdvvs1-300x225.jpg",300,225,true],"medium_large":["https:\/\/capitalfmbolivia.com\/web\/wp-content\/uploads\/2025\/11\/vdvvs1-768x576.jpg",640,480,true],"large":["https:\/\/capitalfmbolivia.com\/web\/wp-content\/uploads\/2025\/11\/vdvvs1-1024x768.jpg",640,480,true],"1536x1536":["https:\/\/capitalfmbolivia.com\/web\/wp-content\/uploads\/2025\/11\/vdvvs1.jpg",1280,960,false],"2048x2048":["https:\/\/capitalfmbolivia.com\/web\/wp-content\/uploads\/2025\/11\/vdvvs1.jpg",1280,960,false],"newsphere-slider-full":["https:\/\/capitalfmbolivia.com\/web\/wp-content\/uploads\/2025\/11\/vdvvs1-1280x720.jpg",1280,720,true],"newsphere-featured":["https:\/\/capitalfmbolivia.com\/web\/wp-content\/uploads\/2025\/11\/vdvvs1-1024x768.jpg",1024,768,true],"newsphere-medium":["https:\/\/capitalfmbolivia.com\/web\/wp-content\/uploads\/2025\/11\/vdvvs1-720x380.jpg",720,380,true]},"author_info":{"display_name":"redchuqui","author_link":"https:\/\/capitalfmbolivia.com\/web\/author\/redchuqui\/"},"category_info":"<a href=\"https:\/\/capitalfmbolivia.com\/web\/category\/nacional\/politica\/\" rel=\"category tag\">Politica<\/a>","tag_info":"Politica","comment_count":"0","_links":{"self":[{"href":"https:\/\/capitalfmbolivia.com\/web\/wp-json\/wp\/v2\/posts\/1399","targetHints":{"allow":["GET"]}}],"collection":[{"href":"https:\/\/capitalfmbolivia.com\/web\/wp-json\/wp\/v2\/posts"}],"about":[{"href":"https:\/\/capitalfmbolivia.com\/web\/wp-json\/wp\/v2\/types\/post"}],"author":[{"embeddable":true,"href":"https:\/\/capitalfmbolivia.com\/web\/wp-json\/wp\/v2\/users\/1"}],"replies":[{"embeddable":true,"href":"https:\/\/capitalfmbolivia.com\/web\/wp-json\/wp\/v2\/comments?post=1399"}],"version-history":[{"count":1,"href":"https:\/\/capitalfmbolivia.com\/web\/wp-json\/wp\/v2\/posts\/1399\/revisions"}],"predecessor-version":[{"id":1401,"href":"https:\/\/capitalfmbolivia.com\/web\/wp-json\/wp\/v2\/posts\/1399\/revisions\/1401"}],"wp:featuredmedia":[{"embeddable":true,"href":"https:\/\/capitalfmbolivia.com\/web\/wp-json\/wp\/v2\/media\/1400"}],"wp:attachment":[{"href":"https:\/\/capitalfmbolivia.com\/web\/wp-json\/wp\/v2\/media?parent=1399"}],"wp:term":[{"taxonomy":"category","embeddable":true,"href":"https:\/\/capitalfmbolivia.com\/web\/wp-json\/wp\/v2\/categories?post=1399"},{"taxonomy":"post_tag","embeddable":true,"href":"https:\/\/capitalfmbolivia.com\/web\/wp-json\/wp\/v2\/tags?post=1399"}],"curies":[{"name":"wp","href":"https:\/\/api.w.org\/{rel}","templated":true}]}}