{"id":1405,"date":"2025-11-19T11:04:39","date_gmt":"2025-11-19T15:04:39","guid":{"rendered":"https:\/\/capitalfmbolivia.com\/web\/?p=1405"},"modified":"2025-11-19T11:04:39","modified_gmt":"2025-11-19T15:04:39","slug":"juan-carlos-huarachi-es-enviado-seis-meses-a-prision-preventiva-por-corrupcion-y-uso-indebido-de-influencias","status":"publish","type":"post","link":"https:\/\/capitalfmbolivia.com\/web\/nacional\/justicia\/2025\/11\/19\/1405\/","title":{"rendered":"Juan Carlos Huarachi es enviado seis meses a prisi\u00f3n preventiva por corrupci\u00f3n y uso indebido de influencias"},"content":{"rendered":"<p data-start=\"345\" data-end=\"672\">El exejecutivo de la Central Obrera Boliviana (COB), <strong data-start=\"398\" data-end=\"422\">Juan Carlos Huarachi<\/strong>, fue enviado a la c\u00e1rcel de <strong data-start=\"451\" data-end=\"474\">San Pedro de La Paz<\/strong> con detenci\u00f3n preventiva por un periodo de <strong data-start=\"518\" data-end=\"532\">seis meses<\/strong>, dentro del proceso que enfrenta por los presuntos delitos de <strong data-start=\"595\" data-end=\"622\">enriquecimiento il\u00edcito<\/strong>, <strong data-start=\"624\" data-end=\"655\">uso indebido de influencias<\/strong> y <strong data-start=\"658\" data-end=\"671\">concusi\u00f3n<\/strong>.<\/p>\n<p data-start=\"674\" data-end=\"887\">Huarachi fue aprehendido el lunes, luego de brindar su declaraci\u00f3n ante la Fiscal\u00eda. Este martes particip\u00f3 de su audiencia cautelar de forma virtual ante el <strong data-start=\"831\" data-end=\"876\">Juzgado Octavo de Instrucci\u00f3n en lo Penal<\/strong> de La Paz.<\/p>\n<p data-start=\"889\" data-end=\"1265\">Seg\u00fan el fiscal anticorrupci\u00f3n <strong data-start=\"920\" data-end=\"933\">Aldo Meza<\/strong>, la imputaci\u00f3n se sustenta en indicios vinculados a un presunto pago irregular de <strong data-start=\"1016\" data-end=\"1037\">40 mil bolivianos<\/strong>, que tambi\u00e9n comprometer\u00eda a exautoridades. Paralelamente, el Ministerio P\u00fablico investiga si instituciones como la <strong data-start=\"1154\" data-end=\"1186\">Caja Nacional de Salud (CNS)<\/strong> realizaron otros desembolsos a favor del exdirigente dentro del mismo esquema.<\/p>\n<h3 data-start=\"1267\" data-end=\"1310\">\ud83d\udcc4 Pensi\u00f3n de invalidez bajo sospecha<\/h3>\n<p data-start=\"1311\" data-end=\"1670\">En el marco del caso, se conoci\u00f3 que Huarachi fue beneficiado con una <strong data-start=\"1381\" data-end=\"1405\">pensi\u00f3n de invalidez<\/strong> por un diagn\u00f3stico de \u201cdeterioro respiratorio\u201d. La documentaci\u00f3n fue presentada por el propio acusado, pero el abogado denunciante <strong data-start=\"1537\" data-end=\"1550\">Abel Loma<\/strong> cuestion\u00f3 la veracidad del dictamen m\u00e9dico y pidi\u00f3 investigar un posible <strong data-start=\"1624\" data-end=\"1655\">uso indebido de influencias<\/strong> en el tr\u00e1mite.<\/p>\n<p data-start=\"1672\" data-end=\"1798\">Los registros establecen que Huarachi tramit\u00f3 esta pensi\u00f3n tras desempe\u00f1arse como <strong data-start=\"1754\" data-end=\"1797\">perforista en la Empresa Minera Huanuni<\/strong>.<\/p>\n<h3 data-start=\"1800\" data-end=\"1835\">\ud83c\udf99\ufe0f Defensa anuncia apelaci\u00f3n<\/h3>\n<p data-start=\"1836\" data-end=\"2012\">El abogado defensor, <strong data-start=\"1857\" data-end=\"1874\">Andr\u00e9s Z\u00fa\u00f1iga<\/strong>, anunci\u00f3 que presentar\u00e1 una apelaci\u00f3n contra la medida cautelar, al considerar que su cliente demostr\u00f3 no representar riesgos procesales.<\/p>\n<p data-start=\"2014\" data-end=\"2202\">\u201cEs una determinaci\u00f3n arbitraria que contradice la jurisprudencia constitucional. Por eso activamos el recurso de apelaci\u00f3n para que una Sala con mayor experiencia eval\u00fae el caso\u201d, afirm\u00f3.<\/p>\n","protected":false},"excerpt":{"rendered":"<p>El exejecutivo de la Central Obrera Boliviana (COB), Juan Carlos Huarachi, fue enviado a la&#8230;<\/p>\n","protected":false},"author":1,"featured_media":1396,"comment_status":"closed","ping_status":"open","sticky":false,"template":"","format":"standard","meta":{"footnotes":""},"categories":[39,43],"tags":[584,567,583,93,373,566,568,85,569],"class_list":["post-1405","post","type-post","status-publish","format-standard","has-post-thumbnail","hentry","category-justicia","category-politica","tag-cns","tag-cob","tag-concusion","tag-corrupcion","tag-fiscalia","tag-juan-carlos-huarachi","tag-pension-de-invalidez","tag-san-pedro","tag-uso-indebido-de-influencias"],"featured_image_urls":{"full":["https:\/\/capitalfmbolivia.com\/web\/wp-content\/uploads\/2025\/11\/jc-huarachi-17111.jpg",695,450,false],"thumbnail":["https:\/\/capitalfmbolivia.com\/web\/wp-content\/uploads\/2025\/11\/jc-huarachi-17111-150x150.jpg",150,150,true],"medium":["https:\/\/capitalfmbolivia.com\/web\/wp-content\/uploads\/2025\/11\/jc-huarachi-17111-300x194.jpg",300,194,true],"medium_large":["https:\/\/capitalfmbolivia.com\/web\/wp-content\/uploads\/2025\/11\/jc-huarachi-17111.jpg",640,414,false],"large":["https:\/\/capitalfmbolivia.com\/web\/wp-content\/uploads\/2025\/11\/jc-huarachi-17111.jpg",640,414,false],"1536x1536":["https:\/\/capitalfmbolivia.com\/web\/wp-content\/uploads\/2025\/11\/jc-huarachi-17111.jpg",695,450,false],"2048x2048":["https:\/\/capitalfmbolivia.com\/web\/wp-content\/uploads\/2025\/11\/jc-huarachi-17111.jpg",695,450,false],"newsphere-slider-full":["https:\/\/capitalfmbolivia.com\/web\/wp-content\/uploads\/2025\/11\/jc-huarachi-17111.jpg",695,450,false],"newsphere-featured":["https:\/\/capitalfmbolivia.com\/web\/wp-content\/uploads\/2025\/11\/jc-huarachi-17111.jpg",695,450,false],"newsphere-medium":["https:\/\/capitalfmbolivia.com\/web\/wp-content\/uploads\/2025\/11\/jc-huarachi-17111-695x380.jpg",695,380,true]},"author_info":{"display_name":"redchuqui","author_link":"https:\/\/capitalfmbolivia.com\/web\/author\/redchuqui\/"},"category_info":"<a href=\"https:\/\/capitalfmbolivia.com\/web\/category\/nacional\/justicia\/\" rel=\"category tag\">Justicia<\/a> <a href=\"https:\/\/capitalfmbolivia.com\/web\/category\/nacional\/politica\/\" rel=\"category tag\">Politica<\/a>","tag_info":"Politica","comment_count":"0","_links":{"self":[{"href":"https:\/\/capitalfmbolivia.com\/web\/wp-json\/wp\/v2\/posts\/1405","targetHints":{"allow":["GET"]}}],"collection":[{"href":"https:\/\/capitalfmbolivia.com\/web\/wp-json\/wp\/v2\/posts"}],"about":[{"href":"https:\/\/capitalfmbolivia.com\/web\/wp-json\/wp\/v2\/types\/post"}],"author":[{"embeddable":true,"href":"https:\/\/capitalfmbolivia.com\/web\/wp-json\/wp\/v2\/users\/1"}],"replies":[{"embeddable":true,"href":"https:\/\/capitalfmbolivia.com\/web\/wp-json\/wp\/v2\/comments?post=1405"}],"version-history":[{"count":1,"href":"https:\/\/capitalfmbolivia.com\/web\/wp-json\/wp\/v2\/posts\/1405\/revisions"}],"predecessor-version":[{"id":1406,"href":"https:\/\/capitalfmbolivia.com\/web\/wp-json\/wp\/v2\/posts\/1405\/revisions\/1406"}],"wp:featuredmedia":[{"embeddable":true,"href":"https:\/\/capitalfmbolivia.com\/web\/wp-json\/wp\/v2\/media\/1396"}],"wp:attachment":[{"href":"https:\/\/capitalfmbolivia.com\/web\/wp-json\/wp\/v2\/media?parent=1405"}],"wp:term":[{"taxonomy":"category","embeddable":true,"href":"https:\/\/capitalfmbolivia.com\/web\/wp-json\/wp\/v2\/categories?post=1405"},{"taxonomy":"post_tag","embeddable":true,"href":"https:\/\/capitalfmbolivia.com\/web\/wp-json\/wp\/v2\/tags?post=1405"}],"curies":[{"name":"wp","href":"https:\/\/api.w.org\/{rel}","templated":true}]}}