{"id":1410,"date":"2025-11-19T21:51:03","date_gmt":"2025-11-20T01:51:03","guid":{"rendered":"https:\/\/capitalfmbolivia.com\/web\/?p=1410"},"modified":"2025-11-19T21:52:48","modified_gmt":"2025-11-20T01:52:48","slug":"tse-identifica-fallecidos-menores-y-multiples-irregularidades-en-los-registros-de-militantes-de-libre-2","status":"publish","type":"post","link":"https:\/\/capitalfmbolivia.com\/web\/nacional\/justicia\/2025\/11\/19\/1410\/","title":{"rendered":"Oviedo revela que el ministro de Justicia tiene una sentencia ejecutoriada que lo inhabilitar\u00eda para ejercer funciones p\u00fablicas"},"content":{"rendered":"<p data-start=\"396\" data-end=\"833\">El ministro de Gobierno, <strong data-start=\"421\" data-end=\"445\">Marco Antonio Oviedo<\/strong>, sorprendi\u00f3 este mi\u00e9rcoles al confirmar p\u00fablicamente que el titular de Justicia, <strong data-start=\"527\" data-end=\"555\">Freddy Alejandro Vidovic<\/strong>, posee una sentencia ejecutoriada de tres a\u00f1os de privaci\u00f3n de libertad por los delitos de <strong data-start=\"647\" data-end=\"678\">favorecimiento a la evasi\u00f3n<\/strong> y <strong data-start=\"681\" data-end=\"699\">cohecho activo<\/strong>, entre otros. Seg\u00fan explic\u00f3, la documentaci\u00f3n ya fue remitida al presidente <strong data-start=\"776\" data-end=\"791\">Rodrigo Paz<\/strong>, quien deber\u00e1 definir los pasos a seguir.<\/p>\n<p data-start=\"835\" data-end=\"1041\">Ante la consulta sobre las consecuencias de este antecedente, Oviedo fue categ\u00f3rico:<br data-start=\"919\" data-end=\"922\" \/><strong data-start=\"922\" data-end=\"1041\">\u201cNo puede ejercer un cargo p\u00fablico. Tener una sentencia ejecutoriada implica la suspensi\u00f3n de derechos ciudadanos.\u201d<\/strong><\/p>\n<p data-start=\"1043\" data-end=\"1474\">La informaci\u00f3n se origin\u00f3 a partir de una instrucci\u00f3n emitida por el presidente del Tribunal Supremo de Justicia, <strong data-start=\"1157\" data-end=\"1174\">Romer Saucedo<\/strong>, para revisar los antecedentes judiciales de Vidovic. En esa verificaci\u00f3n se constat\u00f3 que en mayo de 2015 el juez <strong data-start=\"1289\" data-end=\"1306\">Rom\u00e1n Cordero<\/strong>, del Juzgado Primero de Instrucci\u00f3n Penal Cautelar de La Paz, homolog\u00f3 un procedimiento abreviado que deriv\u00f3 en la condena, registrada bajo la resoluci\u00f3n <strong data-start=\"1461\" data-end=\"1473\">192\/2015<\/strong>.<\/p>\n<p data-start=\"1476\" data-end=\"1692\">Oviedo indic\u00f3 que Vidovic <strong data-start=\"1502\" data-end=\"1541\">renunci\u00f3 a la apelaci\u00f3n restringida<\/strong>, lo que dej\u00f3 firme la sentencia y activ\u00f3 la p\u00e9rdida de derechos pol\u00edticos, impidi\u00e9ndole votar, postular o ejercer funciones en instituciones p\u00fablicas.<\/p>\n<p data-start=\"1694\" data-end=\"1876\">El ministro tambi\u00e9n expres\u00f3 preocupaci\u00f3n por un hecho adicional:<br data-start=\"1758\" data-end=\"1761\" \/><strong data-start=\"1761\" data-end=\"1876\">\u201cMe llam\u00f3 la atenci\u00f3n que este antecedente no figure en el Rejap. Ser\u00e1 otro aspecto que tendremos que indagar.\u201d<\/strong><\/p>\n<p data-start=\"1878\" data-end=\"2099\">La revelaci\u00f3n gener\u00f3 un fuerte impacto pol\u00edtico, ya que involucra directamente a un miembro del gabinete del presidente Paz. Por ahora, la decisi\u00f3n final sobre la continuidad de Vidovic en el cargo recae en el mandatario.<\/p>\n<hr data-start=\"2101\" data-end=\"2104\" \/>\n<h3 data-start=\"2106\" data-end=\"2169\">\ud83d\udde3\ufe0f <strong data-start=\"2114\" data-end=\"2169\">La versi\u00f3n de Vidovic: denuncia persecuci\u00f3n del MAS<\/strong><\/h3>\n<p data-start=\"2171\" data-end=\"2461\">Horas antes de las declaraciones de Oviedo, el propio <strong data-start=\"2225\" data-end=\"2243\">Freddy Vidovic<\/strong> difundi\u00f3 un comunicado en el que asegur\u00f3 que su sometimiento al procedimiento abreviado en 2015 fue producto de <strong data-start=\"2356\" data-end=\"2385\">presiones y hostigamiento<\/strong> durante una supuesta persecuci\u00f3n pol\u00edtica ejecutada en el gobierno del MAS.<\/p>\n<p data-start=\"2463\" data-end=\"2600\">Sostuvo que aceptar el juicio abreviado <strong data-start=\"2503\" data-end=\"2599\">\u201cno fue una admisi\u00f3n de culpa, sino una decisi\u00f3n de supervivencia ante un sistema represivo\u201d<\/strong>.<\/p>\n<p data-start=\"2602\" data-end=\"2864\">Vidovic record\u00f3 que en aquel periodo trabajaba como abogado \u2014junto al jurista Jorge Valda\u2014 en la defensa del ciudadano peruano del caso <strong data-start=\"2738\" data-end=\"2750\">Belaunde<\/strong>, y denunci\u00f3 que tanto el refugiado como sus defensores fueron <strong data-start=\"2813\" data-end=\"2863\">detenidos ilegalmente, hostigados y torturados<\/strong>.<\/p>\n<p data-start=\"2866\" data-end=\"2985\">Afirm\u00f3 que jam\u00e1s ocasion\u00f3 da\u00f1o al Estado y que su \u00fanico \u201cdelito\u201d fue ejercer su labor en favor de los derechos humanos.<\/p>\n","protected":false},"excerpt":{"rendered":"<p>El ministro de Gobierno, Marco Antonio Oviedo, sorprendi\u00f3 este mi\u00e9rcoles al confirmar p\u00fablicamente que el&#8230;<\/p>\n","protected":false},"author":1,"featured_media":1411,"comment_status":"closed","ping_status":"open","sticky":false,"template":"","format":"standard","meta":{"footnotes":""},"categories":[39,43],"tags":[595,591,593,592,589,594,562,341,103,590],"class_list":["post-1410","post","type-post","status-publish","format-standard","has-post-thumbnail","hentry","category-justicia","category-politica","tag-caso-belaunde","tag-cohecho-activo","tag-derechos-ciudadanos","tag-favorecimiento-a-la-evasion","tag-freddy-vidovic","tag-gobierno-de-rodrigo-paz","tag-marco-antonio-oviedo","tag-ministerio-de-justicia","tag-politica-boliviana","tag-sentencia-ejecutoriada"],"featured_image_urls":{"full":["https:\/\/capitalfmbolivia.com\/web\/wp-content\/uploads\/2025\/11\/20251112230232692321.webp",992,558,false],"thumbnail":["https:\/\/capitalfmbolivia.com\/web\/wp-content\/uploads\/2025\/11\/20251112230232692321-150x150.webp",150,150,true],"medium":["https:\/\/capitalfmbolivia.com\/web\/wp-content\/uploads\/2025\/11\/20251112230232692321-300x169.webp",300,169,true],"medium_large":["https:\/\/capitalfmbolivia.com\/web\/wp-content\/uploads\/2025\/11\/20251112230232692321-768x432.webp",640,360,true],"large":["https:\/\/capitalfmbolivia.com\/web\/wp-content\/uploads\/2025\/11\/20251112230232692321.webp",640,360,false],"1536x1536":["https:\/\/capitalfmbolivia.com\/web\/wp-content\/uploads\/2025\/11\/20251112230232692321.webp",992,558,false],"2048x2048":["https:\/\/capitalfmbolivia.com\/web\/wp-content\/uploads\/2025\/11\/20251112230232692321.webp",992,558,false],"newsphere-slider-full":["https:\/\/capitalfmbolivia.com\/web\/wp-content\/uploads\/2025\/11\/20251112230232692321.webp",992,558,false],"newsphere-featured":["https:\/\/capitalfmbolivia.com\/web\/wp-content\/uploads\/2025\/11\/20251112230232692321.webp",992,558,false],"newsphere-medium":["https:\/\/capitalfmbolivia.com\/web\/wp-content\/uploads\/2025\/11\/20251112230232692321-720x380.webp",720,380,true]},"author_info":{"display_name":"redchuqui","author_link":"https:\/\/capitalfmbolivia.com\/web\/author\/redchuqui\/"},"category_info":"<a href=\"https:\/\/capitalfmbolivia.com\/web\/category\/nacional\/justicia\/\" rel=\"category tag\">Justicia<\/a> <a href=\"https:\/\/capitalfmbolivia.com\/web\/category\/nacional\/politica\/\" rel=\"category tag\">Politica<\/a>","tag_info":"Politica","comment_count":"0","_links":{"self":[{"href":"https:\/\/capitalfmbolivia.com\/web\/wp-json\/wp\/v2\/posts\/1410","targetHints":{"allow":["GET"]}}],"collection":[{"href":"https:\/\/capitalfmbolivia.com\/web\/wp-json\/wp\/v2\/posts"}],"about":[{"href":"https:\/\/capitalfmbolivia.com\/web\/wp-json\/wp\/v2\/types\/post"}],"author":[{"embeddable":true,"href":"https:\/\/capitalfmbolivia.com\/web\/wp-json\/wp\/v2\/users\/1"}],"replies":[{"embeddable":true,"href":"https:\/\/capitalfmbolivia.com\/web\/wp-json\/wp\/v2\/comments?post=1410"}],"version-history":[{"count":2,"href":"https:\/\/capitalfmbolivia.com\/web\/wp-json\/wp\/v2\/posts\/1410\/revisions"}],"predecessor-version":[{"id":1413,"href":"https:\/\/capitalfmbolivia.com\/web\/wp-json\/wp\/v2\/posts\/1410\/revisions\/1413"}],"wp:featuredmedia":[{"embeddable":true,"href":"https:\/\/capitalfmbolivia.com\/web\/wp-json\/wp\/v2\/media\/1411"}],"wp:attachment":[{"href":"https:\/\/capitalfmbolivia.com\/web\/wp-json\/wp\/v2\/media?parent=1410"}],"wp:term":[{"taxonomy":"category","embeddable":true,"href":"https:\/\/capitalfmbolivia.com\/web\/wp-json\/wp\/v2\/categories?post=1410"},{"taxonomy":"post_tag","embeddable":true,"href":"https:\/\/capitalfmbolivia.com\/web\/wp-json\/wp\/v2\/tags?post=1410"}],"curies":[{"name":"wp","href":"https:\/\/api.w.org\/{rel}","templated":true}]}}