{"id":1414,"date":"2025-11-19T22:35:27","date_gmt":"2025-11-20T02:35:27","guid":{"rendered":"https:\/\/capitalfmbolivia.com\/web\/?p=1414"},"modified":"2025-11-19T22:42:16","modified_gmt":"2025-11-20T02:42:16","slug":"vidovic-denuncia-presiones-para-su-renuncia-y-afirma-que-la-sentencia-en-su-contra-es-producto-de-un-proceso-coercitivo","status":"publish","type":"post","link":"https:\/\/capitalfmbolivia.com\/web\/nacional\/justicia\/2025\/11\/19\/1414\/","title":{"rendered":"Vidovic denuncia presiones para su renuncia y afirma que la sentencia en su contra es producto de un proceso coercitivo"},"content":{"rendered":"<p data-start=\"358\" data-end=\"658\">El ministro de Justicia, <strong data-start=\"383\" data-end=\"401\">Freddy Vidovic<\/strong>, se pronunci\u00f3 p\u00fablicamente ante lo que considera una campa\u00f1a de presi\u00f3n para forzarlo a dejar el cargo, argumentando que la sentencia penal utilizada en su contra proviene \u2014seg\u00fan su versi\u00f3n\u2014 de un proceso \u201cirregular, arbitrario y manipulado pol\u00edticamente\u201d.<\/p>\n<p data-start=\"660\" data-end=\"986\">Vidovic record\u00f3 que en <strong data-start=\"683\" data-end=\"691\">2015<\/strong> fue v\u00edctima de un \u201cproceso pol\u00edtico\u201d que \u2014afirma\u2014 deriv\u00f3 en su <strong data-start=\"755\" data-end=\"820\">secuestro, tortura y posterior condena a tres a\u00f1os de prisi\u00f3n<\/strong>, pena que fue suspendida condicionalmente. Sostuvo que todo ese procedimiento estuvo marcado por vulneraciones a sus derechos humanos y careci\u00f3 de garant\u00edas b\u00e1sicas.<\/p>\n<p data-start=\"988\" data-end=\"1324\">El Ministro se\u00f1al\u00f3 que el art\u00edculo 234, numeral 4, de la Constituci\u00f3n Pol\u00edtica del Estado <strong data-start=\"1078\" data-end=\"1126\">no impide el ejercicio de funciones p\u00fablicas<\/strong> cuando una sentencia condenatoria ya no se encuentra pendiente de cumplimiento. En ese sentido, cuestion\u00f3 que quieran usar en su contra una resoluci\u00f3n que, a su criterio, est\u00e1 \u201cviciada de nulidad\u201d.<\/p>\n<p data-start=\"1326\" data-end=\"1644\">Agreg\u00f3 que el <strong data-start=\"1340\" data-end=\"1402\">Art\u00edculo 441, numeral 2, del C\u00f3digo de Procedimiento Penal<\/strong> establece que, transcurridos ocho a\u00f1os desde la emisi\u00f3n de una sentencia con suspensi\u00f3n condicional, el afectado puede pedir la cancelaci\u00f3n de sus antecedentes. Record\u00f3 que en su caso han pasado <strong data-start=\"1598\" data-end=\"1618\">m\u00e1s de diez a\u00f1os<\/strong> desde aquella resoluci\u00f3n.<\/p>\n<p data-start=\"1646\" data-end=\"1962\">Vidovic tambi\u00e9n afirm\u00f3 que <strong data-start=\"1673\" data-end=\"1708\">nunca fue notificado legalmente<\/strong> con la sentencia, lo que \u2014dice\u2014 vulnera su derecho a la defensa. Por ello anunci\u00f3 la presentaci\u00f3n de un <strong data-start=\"1813\" data-end=\"1864\">recurso extraordinario de revisi\u00f3n de sentencia<\/strong> para que se analice nuevamente el caso y se esclarezcan las condiciones en las que fue condenado.<\/p>\n<p data-start=\"1964\" data-end=\"2260\">\u201cRechazo cualquier intento de desconocer mis derechos ciudadanos y mi labor como Ministro de Justicia a partir de un proceso pol\u00edtico y una sentencia obtenida despu\u00e9s de un secuestro y tortura. Exijo respeto a mi derecho a ejercer mis funciones conforme a la Constituci\u00f3n y las leyes\u201d, manifest\u00f3.<\/p>\n<p data-start=\"2262\" data-end=\"2431\">Finalmente, remarc\u00f3 que no permitir\u00e1 que \u201cla justicia sea instrumentalizada para perseguir\u201d a quienes \u2014seg\u00fan afirm\u00f3\u2014 contin\u00faan luchando por la transparencia y la verdad.<\/p>\n","protected":false},"excerpt":{"rendered":"<p>El ministro de Justicia, Freddy Vidovic, se pronunci\u00f3 p\u00fablicamente ante lo que considera una campa\u00f1a&#8230;<\/p>\n","protected":false},"author":1,"featured_media":1415,"comment_status":"closed","ping_status":"open","sticky":false,"template":"","format":"standard","meta":{"footnotes":""},"categories":[39,43],"tags":[596,599,313,341,103,598,597],"class_list":["post-1414","post","type-post","status-publish","format-standard","has-post-thumbnail","hentry","category-justicia","category-politica","tag-daniel-vidovic","tag-derechos-humanos","tag-justicia","tag-ministerio-de-justicia","tag-politica-boliviana","tag-proceso-irregular","tag-sentencia-condenatoria"],"featured_image_urls":{"full":["https:\/\/capitalfmbolivia.com\/web\/wp-content\/uploads\/2025\/11\/images1.jpg",275,183,false],"thumbnail":["https:\/\/capitalfmbolivia.com\/web\/wp-content\/uploads\/2025\/11\/images1-150x150.jpg",150,150,true],"medium":["https:\/\/capitalfmbolivia.com\/web\/wp-content\/uploads\/2025\/11\/images1.jpg",275,183,false],"medium_large":["https:\/\/capitalfmbolivia.com\/web\/wp-content\/uploads\/2025\/11\/images1.jpg",275,183,false],"large":["https:\/\/capitalfmbolivia.com\/web\/wp-content\/uploads\/2025\/11\/images1.jpg",275,183,false],"1536x1536":["https:\/\/capitalfmbolivia.com\/web\/wp-content\/uploads\/2025\/11\/images1.jpg",275,183,false],"2048x2048":["https:\/\/capitalfmbolivia.com\/web\/wp-content\/uploads\/2025\/11\/images1.jpg",275,183,false],"newsphere-slider-full":["https:\/\/capitalfmbolivia.com\/web\/wp-content\/uploads\/2025\/11\/images1.jpg",275,183,false],"newsphere-featured":["https:\/\/capitalfmbolivia.com\/web\/wp-content\/uploads\/2025\/11\/images1.jpg",275,183,false],"newsphere-medium":["https:\/\/capitalfmbolivia.com\/web\/wp-content\/uploads\/2025\/11\/images1.jpg",275,183,false]},"author_info":{"display_name":"redchuqui","author_link":"https:\/\/capitalfmbolivia.com\/web\/author\/redchuqui\/"},"category_info":"<a href=\"https:\/\/capitalfmbolivia.com\/web\/category\/nacional\/justicia\/\" rel=\"category tag\">Justicia<\/a> <a href=\"https:\/\/capitalfmbolivia.com\/web\/category\/nacional\/politica\/\" rel=\"category tag\">Politica<\/a>","tag_info":"Politica","comment_count":"0","_links":{"self":[{"href":"https:\/\/capitalfmbolivia.com\/web\/wp-json\/wp\/v2\/posts\/1414","targetHints":{"allow":["GET"]}}],"collection":[{"href":"https:\/\/capitalfmbolivia.com\/web\/wp-json\/wp\/v2\/posts"}],"about":[{"href":"https:\/\/capitalfmbolivia.com\/web\/wp-json\/wp\/v2\/types\/post"}],"author":[{"embeddable":true,"href":"https:\/\/capitalfmbolivia.com\/web\/wp-json\/wp\/v2\/users\/1"}],"replies":[{"embeddable":true,"href":"https:\/\/capitalfmbolivia.com\/web\/wp-json\/wp\/v2\/comments?post=1414"}],"version-history":[{"count":2,"href":"https:\/\/capitalfmbolivia.com\/web\/wp-json\/wp\/v2\/posts\/1414\/revisions"}],"predecessor-version":[{"id":1417,"href":"https:\/\/capitalfmbolivia.com\/web\/wp-json\/wp\/v2\/posts\/1414\/revisions\/1417"}],"wp:featuredmedia":[{"embeddable":true,"href":"https:\/\/capitalfmbolivia.com\/web\/wp-json\/wp\/v2\/media\/1415"}],"wp:attachment":[{"href":"https:\/\/capitalfmbolivia.com\/web\/wp-json\/wp\/v2\/media?parent=1414"}],"wp:term":[{"taxonomy":"category","embeddable":true,"href":"https:\/\/capitalfmbolivia.com\/web\/wp-json\/wp\/v2\/categories?post=1414"},{"taxonomy":"post_tag","embeddable":true,"href":"https:\/\/capitalfmbolivia.com\/web\/wp-json\/wp\/v2\/tags?post=1414"}],"curies":[{"name":"wp","href":"https:\/\/api.w.org\/{rel}","templated":true}]}}