{"id":1420,"date":"2025-11-24T13:43:52","date_gmt":"2025-11-24T17:43:52","guid":{"rendered":"https:\/\/capitalfmbolivia.com\/web\/?p=1420"},"modified":"2025-11-24T13:43:52","modified_gmt":"2025-11-24T17:43:52","slug":"no-voy-a-renunciar-edmand-lara-regresa-al-pais-y-afirma-que-sus-viajes-no-fueron-vacaciones","status":"publish","type":"post","link":"https:\/\/capitalfmbolivia.com\/web\/nacional\/politica\/2025\/11\/24\/1420\/","title":{"rendered":"\u201cNo voy a renunciar\u201d: Edmand Lara regresa al pa\u00eds y afirma que sus viajes no fueron vacaciones"},"content":{"rendered":"<p>El vicepresidente Edmand Lara reapareci\u00f3 p\u00fablicamente este lunes tras su regreso de los viajes que realiz\u00f3 recientemente a Brasil y Paraguay, y neg\u00f3 categ\u00f3ricamente que haya salido del pa\u00eds para vacacionar o eludir responsabilidades.<\/p>\n<p>Lara, acompa\u00f1ado de su esposa, la diputada Diana Romero, particip\u00f3 de los actos oficiales por el aniversario del municipio de Arani, en Cochabamba, donde ambos fueron parte de la Sesi\u00f3n de Honor.<\/p>\n<p>Durante su intervenci\u00f3n, la autoridad volvi\u00f3 a criticar al gobierno de Rodrigo Paz y respondi\u00f3 a las observaciones por sus desplazamientos en el exterior. Se\u00f1al\u00f3 que no viaj\u00f3 para \u201cdescansar\u201d ni para \u201crascarse\u201d, como afirmaron algunos sectores, y sostuvo que cumpli\u00f3 actividades vinculadas a su labor institucional.<\/p>\n<p>Asimismo, dej\u00f3 en claro que no renunciar\u00e1 a la Vicepresidencia, remarcando que fue elegido por voto popular y que har\u00e1 respetar su mandato constitucional.<\/p>\n","protected":false},"excerpt":{"rendered":"<p>El vicepresidente Edmand Lara reapareci\u00f3 p\u00fablicamente este lunes tras su regreso de los viajes que&#8230;<\/p>\n","protected":false},"author":1,"featured_media":1421,"comment_status":"closed","ping_status":"open","sticky":false,"template":"","format":"standard","meta":{"footnotes":""},"categories":[43],"tags":[600,521,291,526,108],"class_list":["post-1420","post","type-post","status-publish","format-standard","has-post-thumbnail","hentry","category-politica","tag-arani","tag-edmand-lara","tag-politica-bolivia","tag-rodrigo-paz","tag-vicepresidencia"],"featured_image_urls":{"full":["https:\/\/capitalfmbolivia.com\/web\/wp-content\/uploads\/2025\/11\/lara-111.jpg",1192,675,false],"thumbnail":["https:\/\/capitalfmbolivia.com\/web\/wp-content\/uploads\/2025\/11\/lara-111-150x150.jpg",150,150,true],"medium":["https:\/\/capitalfmbolivia.com\/web\/wp-content\/uploads\/2025\/11\/lara-111-300x170.jpg",300,170,true],"medium_large":["https:\/\/capitalfmbolivia.com\/web\/wp-content\/uploads\/2025\/11\/lara-111-768x435.jpg",640,363,true],"large":["https:\/\/capitalfmbolivia.com\/web\/wp-content\/uploads\/2025\/11\/lara-111-1024x580.jpg",640,363,true],"1536x1536":["https:\/\/capitalfmbolivia.com\/web\/wp-content\/uploads\/2025\/11\/lara-111.jpg",1192,675,false],"2048x2048":["https:\/\/capitalfmbolivia.com\/web\/wp-content\/uploads\/2025\/11\/lara-111.jpg",1192,675,false],"newsphere-slider-full":["https:\/\/capitalfmbolivia.com\/web\/wp-content\/uploads\/2025\/11\/lara-111.jpg",1192,675,false],"newsphere-featured":["https:\/\/capitalfmbolivia.com\/web\/wp-content\/uploads\/2025\/11\/lara-111-1024x580.jpg",1024,580,true],"newsphere-medium":["https:\/\/capitalfmbolivia.com\/web\/wp-content\/uploads\/2025\/11\/lara-111-720x380.jpg",720,380,true]},"author_info":{"display_name":"redchuqui","author_link":"https:\/\/capitalfmbolivia.com\/web\/author\/redchuqui\/"},"category_info":"<a href=\"https:\/\/capitalfmbolivia.com\/web\/category\/nacional\/politica\/\" rel=\"category tag\">Politica<\/a>","tag_info":"Politica","comment_count":"0","_links":{"self":[{"href":"https:\/\/capitalfmbolivia.com\/web\/wp-json\/wp\/v2\/posts\/1420","targetHints":{"allow":["GET"]}}],"collection":[{"href":"https:\/\/capitalfmbolivia.com\/web\/wp-json\/wp\/v2\/posts"}],"about":[{"href":"https:\/\/capitalfmbolivia.com\/web\/wp-json\/wp\/v2\/types\/post"}],"author":[{"embeddable":true,"href":"https:\/\/capitalfmbolivia.com\/web\/wp-json\/wp\/v2\/users\/1"}],"replies":[{"embeddable":true,"href":"https:\/\/capitalfmbolivia.com\/web\/wp-json\/wp\/v2\/comments?post=1420"}],"version-history":[{"count":1,"href":"https:\/\/capitalfmbolivia.com\/web\/wp-json\/wp\/v2\/posts\/1420\/revisions"}],"predecessor-version":[{"id":1422,"href":"https:\/\/capitalfmbolivia.com\/web\/wp-json\/wp\/v2\/posts\/1420\/revisions\/1422"}],"wp:featuredmedia":[{"embeddable":true,"href":"https:\/\/capitalfmbolivia.com\/web\/wp-json\/wp\/v2\/media\/1421"}],"wp:attachment":[{"href":"https:\/\/capitalfmbolivia.com\/web\/wp-json\/wp\/v2\/media?parent=1420"}],"wp:term":[{"taxonomy":"category","embeddable":true,"href":"https:\/\/capitalfmbolivia.com\/web\/wp-json\/wp\/v2\/categories?post=1420"},{"taxonomy":"post_tag","embeddable":true,"href":"https:\/\/capitalfmbolivia.com\/web\/wp-json\/wp\/v2\/tags?post=1420"}],"curies":[{"name":"wp","href":"https:\/\/api.w.org\/{rel}","templated":true}]}}