{"id":1426,"date":"2025-11-25T19:54:34","date_gmt":"2025-11-25T23:54:34","guid":{"rendered":"https:\/\/capitalfmbolivia.com\/web\/?p=1426"},"modified":"2025-11-25T19:54:34","modified_gmt":"2025-11-25T23:54:34","slug":"hugo-cesar-leon-lafaye-es-posesionado-como-nuevo-procurador-general-del-estado","status":"publish","type":"post","link":"https:\/\/capitalfmbolivia.com\/web\/nacional\/economia\/2025\/11\/25\/1426\/","title":{"rendered":"Hugo C\u00e9sar Le\u00f3n Lafaye es posesionado como nuevo Procurador General del Estado"},"content":{"rendered":"<p>El presidente del Estado, Rodrigo Paz, posesion\u00f3 la tarde de este martes a Hugo C\u00e9sar Le\u00f3n Lafaye como nuevo Procurador General del Estado, en un acto oficial realizado en la Casa Grande del Pueblo. La nueva autoridad asumir\u00e1 un rol central en la Comisi\u00f3n de la Verdad sobre los hidrocarburos, seg\u00fan anunci\u00f3 el primer mandatario.<\/p>\n<p>Durante su intervenci\u00f3n, Le\u00f3n Lafaye afirm\u00f3 que la Procuradur\u00eda \u201cdejar\u00e1 de ser un instrumento de persecuci\u00f3n pol\u00edtica\u201d y que uno de sus desaf\u00edos ser\u00e1 \u201creinstitucionalizar el Estado\u201d y recuperar el respeto al Estado de derecho.<\/p>\n<p>\u201cLas atribuciones que tenemos nos manda la Constituci\u00f3n y el pueblo boliviano a promover, defender y precautelar los intereses del Estado. Dentro de nuestras funciones est\u00e1 la defensa judicial y extrajudicial de esos intereses, atendiendo denuncias y reclamos motivados de ciudadanos y del control social\u201d, explic\u00f3.<\/p>\n<p>### Parte de la Comisi\u00f3n de la Verdad<br \/>\nEl presidente Rodrigo Paz adelant\u00f3 que la Procuradur\u00eda ser\u00e1 parte activa de la Comisi\u00f3n de la Verdad sobre hidrocarburos, junto a las instancias de justicia relanzadas recientemente por su administraci\u00f3n.<\/p>\n<p>\u201cLa Procuradur\u00eda, por sus funciones, va a participar de la Comisi\u00f3n de la Verdad en el tema de hidrocarburos. Es fundamental que sean parte del equipo\u201d, declar\u00f3.<\/p>\n<p>### \u201cTres s\u00edmbolos de injusticia han ca\u00eddo\u201d<br \/>\nPaz sostuvo que la designaci\u00f3n de Le\u00f3n Lafaye forma parte de una serie de medidas destinadas a desmontar estructuras estatales utilizadas \u2014seg\u00fan afirm\u00f3\u2014 para la persecuci\u00f3n pol\u00edtica en los \u00faltimos a\u00f1os.<\/p>\n<p>\u201cEn veinte d\u00edas, el Ministerio de Justicia ha muerto, los prorrogados se han ido y hoy se termina con la Procuradur\u00eda, s\u00edmbolo de la persecuci\u00f3n. Tres s\u00edmbolos de injusticia han ca\u00eddo\u201d, manifest\u00f3.<\/p>\n<p>El mandatario remarc\u00f3 que su gobierno trabaja para construir un Estado moderno, orientado a las libertades, a la democracia y \u201cal servicio de la gente\u201d. Asimismo, se\u00f1al\u00f3 que Bolivia \u201cmerece un sistema judicial que no est\u00e9 secuestrado por un partido pol\u00edtico, sino que responda a las grandes mayor\u00edas\u201d.<\/p>\n<p>Con la posesi\u00f3n de Le\u00f3n Lafaye, el Ejecutivo inicia una nueva etapa en la Procuradur\u00eda, marcada por el compromiso de transparencia y la defensa institucional del Estado.<\/p>\n","protected":false},"excerpt":{"rendered":"<p>El presidente del Estado, Rodrigo Paz, posesion\u00f3 la tarde de este martes a Hugo C\u00e9sar&#8230;<\/p>\n","protected":false},"author":1,"featured_media":1427,"comment_status":"closed","ping_status":"open","sticky":false,"template":"","format":"standard","meta":{"footnotes":""},"categories":[44],"tags":[609,377,608,536,313,607,526],"class_list":["post-1426","post","type-post","status-publish","format-standard","has-post-thumbnail","hentry","category-economia","tag-comision-de-la-verdad","tag-hidrocarburos","tag-hugo-cesar-leon-lafaye","tag-institucionalidad","tag-justicia","tag-procuraduria-general-del-estado","tag-rodrigo-paz"],"featured_image_urls":{"full":["https:\/\/capitalfmbolivia.com\/web\/wp-content\/uploads\/2025\/11\/589868250_10166961840008298_2715749252004861922_n.jpg",1600,1066,false],"thumbnail":["https:\/\/capitalfmbolivia.com\/web\/wp-content\/uploads\/2025\/11\/589868250_10166961840008298_2715749252004861922_n-150x150.jpg",150,150,true],"medium":["https:\/\/capitalfmbolivia.com\/web\/wp-content\/uploads\/2025\/11\/589868250_10166961840008298_2715749252004861922_n-300x200.jpg",300,200,true],"medium_large":["https:\/\/capitalfmbolivia.com\/web\/wp-content\/uploads\/2025\/11\/589868250_10166961840008298_2715749252004861922_n-768x512.jpg",640,427,true],"large":["https:\/\/capitalfmbolivia.com\/web\/wp-content\/uploads\/2025\/11\/589868250_10166961840008298_2715749252004861922_n-1024x682.jpg",640,426,true],"1536x1536":["https:\/\/capitalfmbolivia.com\/web\/wp-content\/uploads\/2025\/11\/589868250_10166961840008298_2715749252004861922_n-1536x1023.jpg",1536,1023,true],"2048x2048":["https:\/\/capitalfmbolivia.com\/web\/wp-content\/uploads\/2025\/11\/589868250_10166961840008298_2715749252004861922_n.jpg",1600,1066,false],"newsphere-slider-full":["https:\/\/capitalfmbolivia.com\/web\/wp-content\/uploads\/2025\/11\/589868250_10166961840008298_2715749252004861922_n-1280x720.jpg",1280,720,true],"newsphere-featured":["https:\/\/capitalfmbolivia.com\/web\/wp-content\/uploads\/2025\/11\/589868250_10166961840008298_2715749252004861922_n-1024x682.jpg",1024,682,true],"newsphere-medium":["https:\/\/capitalfmbolivia.com\/web\/wp-content\/uploads\/2025\/11\/589868250_10166961840008298_2715749252004861922_n-720x380.jpg",720,380,true]},"author_info":{"display_name":"redchuqui","author_link":"https:\/\/capitalfmbolivia.com\/web\/author\/redchuqui\/"},"category_info":"<a href=\"https:\/\/capitalfmbolivia.com\/web\/category\/nacional\/economia\/\" rel=\"category tag\">Econom\u00eda<\/a>","tag_info":"Econom\u00eda","comment_count":"0","_links":{"self":[{"href":"https:\/\/capitalfmbolivia.com\/web\/wp-json\/wp\/v2\/posts\/1426","targetHints":{"allow":["GET"]}}],"collection":[{"href":"https:\/\/capitalfmbolivia.com\/web\/wp-json\/wp\/v2\/posts"}],"about":[{"href":"https:\/\/capitalfmbolivia.com\/web\/wp-json\/wp\/v2\/types\/post"}],"author":[{"embeddable":true,"href":"https:\/\/capitalfmbolivia.com\/web\/wp-json\/wp\/v2\/users\/1"}],"replies":[{"embeddable":true,"href":"https:\/\/capitalfmbolivia.com\/web\/wp-json\/wp\/v2\/comments?post=1426"}],"version-history":[{"count":1,"href":"https:\/\/capitalfmbolivia.com\/web\/wp-json\/wp\/v2\/posts\/1426\/revisions"}],"predecessor-version":[{"id":1428,"href":"https:\/\/capitalfmbolivia.com\/web\/wp-json\/wp\/v2\/posts\/1426\/revisions\/1428"}],"wp:featuredmedia":[{"embeddable":true,"href":"https:\/\/capitalfmbolivia.com\/web\/wp-json\/wp\/v2\/media\/1427"}],"wp:attachment":[{"href":"https:\/\/capitalfmbolivia.com\/web\/wp-json\/wp\/v2\/media?parent=1426"}],"wp:term":[{"taxonomy":"category","embeddable":true,"href":"https:\/\/capitalfmbolivia.com\/web\/wp-json\/wp\/v2\/categories?post=1426"},{"taxonomy":"post_tag","embeddable":true,"href":"https:\/\/capitalfmbolivia.com\/web\/wp-json\/wp\/v2\/tags?post=1426"}],"curies":[{"name":"wp","href":"https:\/\/api.w.org\/{rel}","templated":true}]}}