{"id":1434,"date":"2025-12-04T11:37:28","date_gmt":"2025-12-04T15:37:28","guid":{"rendered":"https:\/\/capitalfmbolivia.com\/web\/?p=1434"},"modified":"2025-12-04T12:05:40","modified_gmt":"2025-12-04T16:05:40","slug":"medio-joven-pero-lider-actores-emergentes-dentro-la-politica-chuquisaquena","status":"publish","type":"post","link":"https:\/\/capitalfmbolivia.com\/web\/nacional\/politica\/2025\/12\/04\/1434\/","title":{"rendered":"\u00bfPor qu\u00e9 no alguien nuevo? Julian, un actor emergente en la Pol\u00edtica Chuquisaque\u00f1a"},"content":{"rendered":"<h5>ESPACIO SOLICITADO<\/h5>\n<p>Juli\u00e1n Arriola Zamorano, <strong>nacido en la ciudad de Sucre<\/strong>, es un abogado y joven referente pol\u00edtico comprometido con la d<strong>efensa de los derechos humanos, la protecci\u00f3n animal y la promoci\u00f3n de la justicia y la legalidad.<\/strong> Su vocaci\u00f3n social y su esp\u00edritu solidario han marcado el camino de su trayectoria.<\/p>\n<p>Es licenciado en Derecho y Ciencias Jur\u00eddicas por la Universidad Privada del Valle y esta en el recorrido para contar con una Maestr\u00eda en Derechos Humanos en la Administraci\u00f3n de la Justicia dictado en la <strong>Universidad Mayor Real y Pontificia de San Francisco Xavier de Chuquisaca.<\/strong> A su formaci\u00f3n se suman <strong>seis diplomados nacionales e internacionales,<\/strong> entre ellos en Relaciones Internacionales, Derecho Diplom\u00e1tico y Consular, Gesti\u00f3n Parlamentaria, y Objetivos de Desarrollo Sostenible con enfoque en participaci\u00f3n y derechos de la juventud.<\/p>\n<p>En el \u00e1mbito profesional, <strong>desempe\u00f1\u00f3 funciones en las principales instituciones del sistema de justicia del pa\u00eds,<\/strong> entre ellas el Tribunal Supremo de Justicia, el Tribunal Constitucional Plurinacional, el Tribunal Agroambiental y el Consejo de la Magistratura, donde ejerci\u00f3 como auxiliar de Sala Plena, abogado consultor y profesional en Derechos Humanos. Tambi\u00e9n desarroll\u00f3 labores en el ejercicio libre de la profesi\u00f3n.<\/p>\n<p><img loading=\"lazy\" decoding=\"async\" class=\"alignnone wp-image-1436\" src=\"https:\/\/capitalfmbolivia.com\/web\/wp-content\/uploads\/2025\/12\/Julian-Arriola-en-asiento-300x148.jpg\" alt=\"\" width=\"786\" height=\"388\" srcset=\"https:\/\/capitalfmbolivia.com\/web\/wp-content\/uploads\/2025\/12\/Julian-Arriola-en-asiento-300x148.jpg 300w, https:\/\/capitalfmbolivia.com\/web\/wp-content\/uploads\/2025\/12\/Julian-Arriola-en-asiento.jpg 720w\" sizes=\"auto, (max-width: 786px) 100vw, 786px\" \/><\/p>\n<p>Su experiencia une formaci\u00f3n acad\u00e9mica, trabajo institucional y una <strong>intensa participaci\u00f3n en espacios de liderazgo juvenil y social.<\/strong> Ha ocupado c<strong>argos directivos en organizaciones dedicadas al desarrollo de j\u00f3venes y la defensa de sectores vulnerables<\/strong>, consolid\u00e1ndolo como parte de una nueva generaci\u00f3n de profesionales capaces de asumir desaf\u00edos, impulsar transformaciones y proyectar un tipo de liderazgo basado en la \u00e9tica, la convicci\u00f3n y el servicio.<\/p>\n<p><strong>Represent\u00f3 a Bolivia en escenarios internacionales, lo que le permiti\u00f3 fortalecer lazos de cooperaci\u00f3n con pa\u00edses como Argentina, Per\u00fa, Chile, Colombia, Espa\u00f1a y Estados Unidos.<\/strong> Estas vivencias ampliaron su visi\u00f3n global, la cual hoy busca aportar al desarrollo de Chuquisaca.<\/p>\n<p>Actualmente, asume un compromiso firme con tres pilares que gu\u00edan su proyecto y cada una de sus acciones: Justicia, para que ninguna persona quede sin protecci\u00f3n; Cultura de Paz, como camino para unir antes que dividir; e Instituciones s\u00f3lidas, transparentes y humanas, indispensables para recuperar la confianza ciudadana.<\/p>\n<p>Juli\u00e1n Arriola afirma creer profundamente en Chuquisaca, en su gente, en su potencial y en su capacidad de salir adelante. Sue\u00f1a con un departamento donde las oportunidades sean reales, donde la juventud encuentre horizontes y donde la dignidad sea el eje de toda pol\u00edtica p\u00fablica.<\/p>\n<blockquote><p><strong>El cambio empieza cuando decidimos avanzar. Y hoy, juntos, podemos hacerlo.<\/strong><\/p><\/blockquote>\n","protected":false},"excerpt":{"rendered":"<p>ESPACIO SOLICITADO Juli\u00e1n Arriola Zamorano, nacido en la ciudad de Sucre, es un abogado y&#8230;<\/p>\n","protected":false},"author":1,"featured_media":1435,"comment_status":"closed","ping_status":"open","sticky":false,"template":"","format":"standard","meta":{"footnotes":""},"categories":[43],"tags":[],"class_list":["post-1434","post","type-post","status-publish","format-standard","has-post-thumbnail","hentry","category-politica"],"featured_image_urls":{"full":["https:\/\/capitalfmbolivia.com\/web\/wp-content\/uploads\/2025\/12\/Julian-Arriola-Zamorano.jpg",1000,756,false],"thumbnail":["https:\/\/capitalfmbolivia.com\/web\/wp-content\/uploads\/2025\/12\/Julian-Arriola-Zamorano-150x150.jpg",150,150,true],"medium":["https:\/\/capitalfmbolivia.com\/web\/wp-content\/uploads\/2025\/12\/Julian-Arriola-Zamorano-300x227.jpg",300,227,true],"medium_large":["https:\/\/capitalfmbolivia.com\/web\/wp-content\/uploads\/2025\/12\/Julian-Arriola-Zamorano-768x581.jpg",640,484,true],"large":["https:\/\/capitalfmbolivia.com\/web\/wp-content\/uploads\/2025\/12\/Julian-Arriola-Zamorano.jpg",640,484,false],"1536x1536":["https:\/\/capitalfmbolivia.com\/web\/wp-content\/uploads\/2025\/12\/Julian-Arriola-Zamorano.jpg",1000,756,false],"2048x2048":["https:\/\/capitalfmbolivia.com\/web\/wp-content\/uploads\/2025\/12\/Julian-Arriola-Zamorano.jpg",1000,756,false],"newsphere-slider-full":["https:\/\/capitalfmbolivia.com\/web\/wp-content\/uploads\/2025\/12\/Julian-Arriola-Zamorano-1000x720.jpg",1000,720,true],"newsphere-featured":["https:\/\/capitalfmbolivia.com\/web\/wp-content\/uploads\/2025\/12\/Julian-Arriola-Zamorano.jpg",1000,756,false],"newsphere-medium":["https:\/\/capitalfmbolivia.com\/web\/wp-content\/uploads\/2025\/12\/Julian-Arriola-Zamorano-720x380.jpg",720,380,true]},"author_info":{"display_name":"redchuqui","author_link":"https:\/\/capitalfmbolivia.com\/web\/author\/redchuqui\/"},"category_info":"<a href=\"https:\/\/capitalfmbolivia.com\/web\/category\/nacional\/politica\/\" rel=\"category tag\">Politica<\/a>","tag_info":"Politica","comment_count":"0","_links":{"self":[{"href":"https:\/\/capitalfmbolivia.com\/web\/wp-json\/wp\/v2\/posts\/1434","targetHints":{"allow":["GET"]}}],"collection":[{"href":"https:\/\/capitalfmbolivia.com\/web\/wp-json\/wp\/v2\/posts"}],"about":[{"href":"https:\/\/capitalfmbolivia.com\/web\/wp-json\/wp\/v2\/types\/post"}],"author":[{"embeddable":true,"href":"https:\/\/capitalfmbolivia.com\/web\/wp-json\/wp\/v2\/users\/1"}],"replies":[{"embeddable":true,"href":"https:\/\/capitalfmbolivia.com\/web\/wp-json\/wp\/v2\/comments?post=1434"}],"version-history":[{"count":8,"href":"https:\/\/capitalfmbolivia.com\/web\/wp-json\/wp\/v2\/posts\/1434\/revisions"}],"predecessor-version":[{"id":1444,"href":"https:\/\/capitalfmbolivia.com\/web\/wp-json\/wp\/v2\/posts\/1434\/revisions\/1444"}],"wp:featuredmedia":[{"embeddable":true,"href":"https:\/\/capitalfmbolivia.com\/web\/wp-json\/wp\/v2\/media\/1435"}],"wp:attachment":[{"href":"https:\/\/capitalfmbolivia.com\/web\/wp-json\/wp\/v2\/media?parent=1434"}],"wp:term":[{"taxonomy":"category","embeddable":true,"href":"https:\/\/capitalfmbolivia.com\/web\/wp-json\/wp\/v2\/categories?post=1434"},{"taxonomy":"post_tag","embeddable":true,"href":"https:\/\/capitalfmbolivia.com\/web\/wp-json\/wp\/v2\/tags?post=1434"}],"curies":[{"name":"wp","href":"https:\/\/api.w.org\/{rel}","templated":true}]}}