{"id":1445,"date":"2025-12-05T10:03:12","date_gmt":"2025-12-05T14:03:12","guid":{"rendered":"https:\/\/capitalfmbolivia.com\/web\/?p=1445"},"modified":"2025-12-05T10:03:12","modified_gmt":"2025-12-05T14:03:12","slug":"alp-inicia-la-recepcion-de-postulaciones-para-vocales-del-tribunal-supremo-electoral","status":"publish","type":"post","link":"https:\/\/capitalfmbolivia.com\/web\/nacional\/electoral\/2025\/12\/05\/1445\/","title":{"rendered":"ALP inicia la recepci\u00f3n de postulaciones para vocales del Tribunal Supremo Electoral"},"content":{"rendered":"<p>A las 8:30 de este viernes, el presidente de la Asamblea Legislativa Plurinacional (ALP), Edmand Lara; el presidente de la C\u00e1mara de Senadores, Diego \u00c1vila; senadores de la Comisi\u00f3n Mixta de Constituci\u00f3n y una Notar\u00eda de Fe P\u00fablica dieron inicio oficial a la recepci\u00f3n de postulaciones para las vocal\u00edas del Tribunal Supremo Electoral (TSE).<\/p>\n<p>La Comisi\u00f3n Mixta de Constituci\u00f3n habilit\u00f3 las oficinas destinadas a la recepci\u00f3n de documentos, acto que marca el comienzo del periodo para la presentaci\u00f3n de requisitos, el cual se extender\u00e1 hasta el lunes 8 de diciembre.<\/p>\n<p>El presidente de la Comisi\u00f3n, Daniel Ortiz, detall\u00f3 que los aspirantes deber\u00e1n cumplir con 19 requisitos fundamentales, entre ellos no contar con pliegos de cargo ejecutoriados. Asegur\u00f3 que el proceso se regir\u00e1 estrictamente por criterios de meritocracia para garantizar que los futuros vocales respondan a los est\u00e1ndares de transparencia que exige la ciudadan\u00eda.<\/p>\n<p>\u201cPrevaleceremos el tema de meritocracia, porque la poblaci\u00f3n boliviana exige transparencia y calidad en quienes van a conducir el proceso electoral\u201d, afirm\u00f3 Ortiz, resaltando que la evaluaci\u00f3n ser\u00e1 rigurosa con el fin de recuperar la confianza en el sistema electoral.<\/p>\n<p>La convocatoria se enmarca en la necesidad de renovar y fortalecer la institucionalidad del TSE, \u00f3rgano responsable de organizar y supervisar los procesos electorales en todo el pa\u00eds. La apertura de las oficinas representa un paso esencial en la conformaci\u00f3n del m\u00e1ximo \u00f3rgano electoral.<\/p>\n<p>Con este procedimiento, la Asamblea Legislativa busca asegurar que las nuevas vocal\u00edas est\u00e9n integradas por profesionales con solvencia t\u00e9cnica, \u00e9tica y compromiso democr\u00e1tico, en un contexto donde la credibilidad y la transparencia del sistema electoral son demandas centrales de la sociedad boliviana.<\/p>\n","protected":false},"excerpt":{"rendered":"<p>A las 8:30 de este viernes, el presidente de la Asamblea Legislativa Plurinacional (ALP), Edmand&#8230;<\/p>\n","protected":false},"author":1,"featured_media":1446,"comment_status":"closed","ping_status":"open","sticky":false,"template":"","format":"standard","meta":{"footnotes":""},"categories":[41,43],"tags":[611,338,219,177,68],"class_list":["post-1445","post","type-post","status-publish","format-standard","has-post-thumbnail","hentry","category-electoral","category-politica","tag-asamblea-legislativa-plurinacional","tag-elecciones","tag-politica","tag-tribunal-supremo-electoral","tag-tse"],"featured_image_urls":{"full":["https:\/\/capitalfmbolivia.com\/web\/wp-content\/uploads\/2025\/12\/595758982_1289147849913358_1190234573800737808_n.jpg",2048,1365,false],"thumbnail":["https:\/\/capitalfmbolivia.com\/web\/wp-content\/uploads\/2025\/12\/595758982_1289147849913358_1190234573800737808_n-150x150.jpg",150,150,true],"medium":["https:\/\/capitalfmbolivia.com\/web\/wp-content\/uploads\/2025\/12\/595758982_1289147849913358_1190234573800737808_n-300x200.jpg",300,200,true],"medium_large":["https:\/\/capitalfmbolivia.com\/web\/wp-content\/uploads\/2025\/12\/595758982_1289147849913358_1190234573800737808_n-768x512.jpg",640,427,true],"large":["https:\/\/capitalfmbolivia.com\/web\/wp-content\/uploads\/2025\/12\/595758982_1289147849913358_1190234573800737808_n-1024x683.jpg",640,427,true],"1536x1536":["https:\/\/capitalfmbolivia.com\/web\/wp-content\/uploads\/2025\/12\/595758982_1289147849913358_1190234573800737808_n-1536x1024.jpg",1536,1024,true],"2048x2048":["https:\/\/capitalfmbolivia.com\/web\/wp-content\/uploads\/2025\/12\/595758982_1289147849913358_1190234573800737808_n.jpg",2048,1365,false],"newsphere-slider-full":["https:\/\/capitalfmbolivia.com\/web\/wp-content\/uploads\/2025\/12\/595758982_1289147849913358_1190234573800737808_n-1280x720.jpg",1280,720,true],"newsphere-featured":["https:\/\/capitalfmbolivia.com\/web\/wp-content\/uploads\/2025\/12\/595758982_1289147849913358_1190234573800737808_n-1024x683.jpg",1024,683,true],"newsphere-medium":["https:\/\/capitalfmbolivia.com\/web\/wp-content\/uploads\/2025\/12\/595758982_1289147849913358_1190234573800737808_n-720x380.jpg",720,380,true]},"author_info":{"display_name":"redchuqui","author_link":"https:\/\/capitalfmbolivia.com\/web\/author\/redchuqui\/"},"category_info":"<a href=\"https:\/\/capitalfmbolivia.com\/web\/category\/nacional\/electoral\/\" rel=\"category tag\">Electoral<\/a> <a href=\"https:\/\/capitalfmbolivia.com\/web\/category\/nacional\/politica\/\" rel=\"category tag\">Politica<\/a>","tag_info":"Politica","comment_count":"0","_links":{"self":[{"href":"https:\/\/capitalfmbolivia.com\/web\/wp-json\/wp\/v2\/posts\/1445","targetHints":{"allow":["GET"]}}],"collection":[{"href":"https:\/\/capitalfmbolivia.com\/web\/wp-json\/wp\/v2\/posts"}],"about":[{"href":"https:\/\/capitalfmbolivia.com\/web\/wp-json\/wp\/v2\/types\/post"}],"author":[{"embeddable":true,"href":"https:\/\/capitalfmbolivia.com\/web\/wp-json\/wp\/v2\/users\/1"}],"replies":[{"embeddable":true,"href":"https:\/\/capitalfmbolivia.com\/web\/wp-json\/wp\/v2\/comments?post=1445"}],"version-history":[{"count":1,"href":"https:\/\/capitalfmbolivia.com\/web\/wp-json\/wp\/v2\/posts\/1445\/revisions"}],"predecessor-version":[{"id":1447,"href":"https:\/\/capitalfmbolivia.com\/web\/wp-json\/wp\/v2\/posts\/1445\/revisions\/1447"}],"wp:featuredmedia":[{"embeddable":true,"href":"https:\/\/capitalfmbolivia.com\/web\/wp-json\/wp\/v2\/media\/1446"}],"wp:attachment":[{"href":"https:\/\/capitalfmbolivia.com\/web\/wp-json\/wp\/v2\/media?parent=1445"}],"wp:term":[{"taxonomy":"category","embeddable":true,"href":"https:\/\/capitalfmbolivia.com\/web\/wp-json\/wp\/v2\/categories?post=1445"},{"taxonomy":"post_tag","embeddable":true,"href":"https:\/\/capitalfmbolivia.com\/web\/wp-json\/wp\/v2\/tags?post=1445"}],"curies":[{"name":"wp","href":"https:\/\/api.w.org\/{rel}","templated":true}]}}