{"id":1448,"date":"2025-12-05T10:26:52","date_gmt":"2025-12-05T14:26:52","guid":{"rendered":"https:\/\/capitalfmbolivia.com\/web\/?p=1448"},"modified":"2025-12-05T10:26:52","modified_gmt":"2025-12-05T14:26:52","slug":"aprehenden-a-la-exdiputada-lidia-patty-cuando-acudia-a-declarar-ante-la-fiscalia","status":"publish","type":"post","link":"https:\/\/capitalfmbolivia.com\/web\/nacional\/justicia\/2025\/12\/05\/1448\/","title":{"rendered":"Aprehenden a la exdiputada Lidia Patty cuando acud\u00eda a declarar ante la Fiscal\u00eda"},"content":{"rendered":"<p>Cerca de las 07:40 de este viernes, la Polic\u00eda aprehendi\u00f3 a la exdiputada Lidia Patty justo cuando, seg\u00fan sus familiares, estaba por salir de su domicilio rumbo a la Fiscal\u00eda de La Paz, donde hab\u00eda sido convocada para declarar.<\/p>\n<p>El hecho fue registrado en un video enviado por su hijo, Fabi\u00e1n Condori Patty, en el que se ve a los efectivos policiales ejecutando la orden. \u201cLes vamos a explicar c\u00f3mo es el procedimiento, estamos dando cumplimiento. Esto no lo hemos sacado nosotros\u201d, dice uno de los uniformados, mientras el hijo de Patty responde que se encontraban en su casa cumpliendo con la citaci\u00f3n.<\/p>\n<p>En la grabaci\u00f3n tambi\u00e9n se escucha a Patty afirmar: \u201cEstoy volviendo de Argentina\u201d, mientras su hijo aclara que no ten\u00edan intenci\u00f3n de fugar del pa\u00eds.<\/p>\n<p>La Fiscal\u00eda hab\u00eda citado a la exdiputada para las 08:30 de este viernes, en el marco del proceso por presuntas irregularidades en la recepci\u00f3n de recursos del ex Fondo Ind\u00edgena, destinados originalmente a ocho proyectos. La investigaci\u00f3n se\u00f1ala que Patty se habr\u00eda beneficiado con aproximadamente 700.000 bolivianos.<\/p>\n<p>Adem\u00e1s de la convocatoria para declarar, Patty ya contaba con una orden de aprehensi\u00f3n y una alerta migratoria. Sin embargo, horas antes de ser detenida, hab\u00eda manifestado p\u00fablicamente que asistir\u00eda a declarar \u201ccomo manda la ley\u201d.<\/p>\n","protected":false},"excerpt":{"rendered":"<p>Cerca de las 07:40 de este viernes, la Polic\u00eda aprehendi\u00f3 a la exdiputada Lidia Patty&#8230;<\/p>\n","protected":false},"author":1,"featured_media":1449,"comment_status":"closed","ping_status":"open","sticky":false,"template":"","format":"standard","meta":{"footnotes":""},"categories":[39],"tags":[448,373,613,313,156,612],"class_list":["post-1448","post","type-post","status-publish","format-standard","has-post-thumbnail","hentry","category-justicia","tag-aprehension","tag-fiscalia","tag-fondo-indigena","tag-justicia","tag-la-paz","tag-lidia-patty"],"featured_image_urls":{"full":["https:\/\/capitalfmbolivia.com\/web\/wp-content\/uploads\/2025\/12\/594641455_1487972306672452_6159913555586506770_n.jpg",1280,853,false],"thumbnail":["https:\/\/capitalfmbolivia.com\/web\/wp-content\/uploads\/2025\/12\/594641455_1487972306672452_6159913555586506770_n-150x150.jpg",150,150,true],"medium":["https:\/\/capitalfmbolivia.com\/web\/wp-content\/uploads\/2025\/12\/594641455_1487972306672452_6159913555586506770_n-300x200.jpg",300,200,true],"medium_large":["https:\/\/capitalfmbolivia.com\/web\/wp-content\/uploads\/2025\/12\/594641455_1487972306672452_6159913555586506770_n-768x512.jpg",640,427,true],"large":["https:\/\/capitalfmbolivia.com\/web\/wp-content\/uploads\/2025\/12\/594641455_1487972306672452_6159913555586506770_n-1024x682.jpg",640,426,true],"1536x1536":["https:\/\/capitalfmbolivia.com\/web\/wp-content\/uploads\/2025\/12\/594641455_1487972306672452_6159913555586506770_n.jpg",1280,853,false],"2048x2048":["https:\/\/capitalfmbolivia.com\/web\/wp-content\/uploads\/2025\/12\/594641455_1487972306672452_6159913555586506770_n.jpg",1280,853,false],"newsphere-slider-full":["https:\/\/capitalfmbolivia.com\/web\/wp-content\/uploads\/2025\/12\/594641455_1487972306672452_6159913555586506770_n-1280x720.jpg",1280,720,true],"newsphere-featured":["https:\/\/capitalfmbolivia.com\/web\/wp-content\/uploads\/2025\/12\/594641455_1487972306672452_6159913555586506770_n-1024x682.jpg",1024,682,true],"newsphere-medium":["https:\/\/capitalfmbolivia.com\/web\/wp-content\/uploads\/2025\/12\/594641455_1487972306672452_6159913555586506770_n-720x380.jpg",720,380,true]},"author_info":{"display_name":"redchuqui","author_link":"https:\/\/capitalfmbolivia.com\/web\/author\/redchuqui\/"},"category_info":"<a href=\"https:\/\/capitalfmbolivia.com\/web\/category\/nacional\/justicia\/\" rel=\"category tag\">Justicia<\/a>","tag_info":"Justicia","comment_count":"0","_links":{"self":[{"href":"https:\/\/capitalfmbolivia.com\/web\/wp-json\/wp\/v2\/posts\/1448","targetHints":{"allow":["GET"]}}],"collection":[{"href":"https:\/\/capitalfmbolivia.com\/web\/wp-json\/wp\/v2\/posts"}],"about":[{"href":"https:\/\/capitalfmbolivia.com\/web\/wp-json\/wp\/v2\/types\/post"}],"author":[{"embeddable":true,"href":"https:\/\/capitalfmbolivia.com\/web\/wp-json\/wp\/v2\/users\/1"}],"replies":[{"embeddable":true,"href":"https:\/\/capitalfmbolivia.com\/web\/wp-json\/wp\/v2\/comments?post=1448"}],"version-history":[{"count":1,"href":"https:\/\/capitalfmbolivia.com\/web\/wp-json\/wp\/v2\/posts\/1448\/revisions"}],"predecessor-version":[{"id":1450,"href":"https:\/\/capitalfmbolivia.com\/web\/wp-json\/wp\/v2\/posts\/1448\/revisions\/1450"}],"wp:featuredmedia":[{"embeddable":true,"href":"https:\/\/capitalfmbolivia.com\/web\/wp-json\/wp\/v2\/media\/1449"}],"wp:attachment":[{"href":"https:\/\/capitalfmbolivia.com\/web\/wp-json\/wp\/v2\/media?parent=1448"}],"wp:term":[{"taxonomy":"category","embeddable":true,"href":"https:\/\/capitalfmbolivia.com\/web\/wp-json\/wp\/v2\/categories?post=1448"},{"taxonomy":"post_tag","embeddable":true,"href":"https:\/\/capitalfmbolivia.com\/web\/wp-json\/wp\/v2\/tags?post=1448"}],"curies":[{"name":"wp","href":"https:\/\/api.w.org\/{rel}","templated":true}]}}