{"id":1451,"date":"2025-12-05T11:10:20","date_gmt":"2025-12-05T15:10:20","guid":{"rendered":"https:\/\/capitalfmbolivia.com\/web\/?p=1451"},"modified":"2025-12-05T11:10:20","modified_gmt":"2025-12-05T15:10:20","slug":"exfiscal-jaime-marco-soliz-phiel-quien-es-asumira-como-director-general-de-la-vicepresidencia","status":"publish","type":"post","link":"https:\/\/capitalfmbolivia.com\/web\/nacional\/politica\/2025\/12\/05\/1451\/","title":{"rendered":"Exfiscal Jaime Marco Soliz Phiel \u00bfQui\u00e9n es? Asumir\u00e1 como Director General de la Vicepresidencia"},"content":{"rendered":"<p>El exfiscal del distrito de Santa Cruz, Mg. Jaime Marco Soliz Phiel, fue designado como nuevo Director General de la Vicepresidencia del Estado, una funci\u00f3n desde la que se prev\u00e9 impulse mecanismos de transparencia institucional y fortalecimiento administrativo.<\/p>\n<p><strong>\u00bfQui\u00e9n es Jaime Soliz Phiel?<\/strong><br \/>\nNacido el 18 de junio de 1963 en Santa Cruz de la Sierra, Soliz realiz\u00f3 sus estudios de Derecho en la Universidad Aut\u00f3noma Gabriel Ren\u00e9 Moreno (UAGRM). Posteriormente obtuvo una maestr\u00eda en Gesti\u00f3n y Pol\u00edticas P\u00fablicas en la Universidad de Chile, adem\u00e1s de otros estudios complementarios.<\/p>\n<p><strong>Trayectoria\u00a0<\/strong><br \/>\nEl 25 de enero de 2005 fue elegido Fiscal de Distrito de Santa Cruz por la C\u00e1mara de Diputados. Durante su gesti\u00f3n adopt\u00f3 lo que denomin\u00f3 una \u201cl\u00ednea dura\u201d contra el crimen organizado, se\u00f1alando presiones y amenazas vinculadas al narcotr\u00e1fico y a estructuras delictivas de la regi\u00f3n.<\/p>\n<p>Estuvo al frente de investigaciones en \u00e1mbitos sensibles como contrabando, migraci\u00f3n, aduanas y el penal de Palmasola. Su periodo concluy\u00f3 el 1 de marzo de 2010, cuando present\u00f3 su renuncia tras cumplir su mandato.<\/p>\n<p>A\u00f1os despu\u00e9s, en 2011, su domicilio y su bufete fueron allanados en el marco de una investigaci\u00f3n por presunto enriquecimiento il\u00edcito y v\u00ednculos con el narcotr\u00e1fico. El caso estuvo relacionado con un sobreseimiento emitido en 2008 a favor de una ciudadana colombiana detenida con una alta suma de dinero. Su defensa calific\u00f3 el proceso como persecuci\u00f3n pol\u00edtica.<\/p>\n<p>Soliz denunci\u00f3 en reiteradas ocasiones que las acusaciones buscaban afectar su postulaci\u00f3n a cargos judiciales y su participaci\u00f3n en escenarios pol\u00edticos.<\/p>\n<p>Tras dejar la Fiscal\u00eda, dirigi\u00f3 su bufete \u201cSoliz y Asociados\u201d y mantuvo presencia p\u00fablica. En 2016 particip\u00f3 en la campa\u00f1a por el \u201cS\u00ed\u201d en el referendo constitucional. A\u00f1os despu\u00e9s afirm\u00f3 haberse distanciado de ese proyecto pol\u00edtico.<\/p>\n<p>El 8 de febrero de 2024 anunci\u00f3 su candidatura presidencial con un discurso centrado en reformas econ\u00f3micas, reducci\u00f3n del tama\u00f1o del Estado, impulso al emprendimiento, privatizaciones y apertura comercial. En marzo de 2025 desisti\u00f3 de su aspiraci\u00f3n para sumarse a una alianza encabezada por Chi Hyun Chung y Manfred Reyes Villa, aunque en abril rompi\u00f3 con ese bloque por diferencias internas.<\/p>\n<p>En 2025 asumi\u00f3 la defensa de deudores en procesos vinculados a propuestas legislativas sobre cr\u00e9ditos y cuestion\u00f3 cambios recientes de fiscales departamentales, argumentando que exist\u00eda inestabilidad institucional frente al avance del narcotr\u00e1fico.<\/p>\n<p>En sus declaraciones m\u00e1s recientes ha criticado bloqueos, corrupci\u00f3n y el debilitamiento de la justicia, insistiendo en la necesidad de una reforma profunda.<\/p>\n<p><strong>Autodefinici\u00f3n ideol\u00f3gica<\/strong><br \/>\nSoliz afirma no identificarse con izquierda ni derecha y propone un modelo econ\u00f3mico basado en apertura comercial, menor intervenci\u00f3n estatal, fomento al emprendimiento y modernizaci\u00f3n institucional.<\/p>\n<p>Con su llegada a la Direcci\u00f3n General de la Vicepresidencia, su perfil vuelve a cobrar relevancia nacional, en un contexto pol\u00edtico que sigue marcado por disputas, cuestionamientos y demandas de reforma estructural.<\/p>\n","protected":false},"excerpt":{"rendered":"<p>El exfiscal del distrito de Santa Cruz, Mg. Jaime Marco Soliz Phiel, fue designado como&#8230;<\/p>\n","protected":false},"author":1,"featured_media":1452,"comment_status":"closed","ping_status":"open","sticky":false,"template":"","format":"standard","meta":{"footnotes":""},"categories":[43],"tags":[615,614,313,219,101,108],"class_list":["post-1451","post","type-post","status-publish","format-standard","has-post-thumbnail","hentry","category-politica","tag-designacion","tag-jaime-marco-soliz-phiel","tag-justicia","tag-politica","tag-santa-cruz","tag-vicepresidencia"],"featured_image_urls":{"full":["https:\/\/capitalfmbolivia.com\/web\/wp-content\/uploads\/2025\/12\/jaime-soliz-edmand-lara.jpg",800,600,false],"thumbnail":["https:\/\/capitalfmbolivia.com\/web\/wp-content\/uploads\/2025\/12\/jaime-soliz-edmand-lara-150x150.jpg",150,150,true],"medium":["https:\/\/capitalfmbolivia.com\/web\/wp-content\/uploads\/2025\/12\/jaime-soliz-edmand-lara-300x225.jpg",300,225,true],"medium_large":["https:\/\/capitalfmbolivia.com\/web\/wp-content\/uploads\/2025\/12\/jaime-soliz-edmand-lara-768x576.jpg",640,480,true],"large":["https:\/\/capitalfmbolivia.com\/web\/wp-content\/uploads\/2025\/12\/jaime-soliz-edmand-lara.jpg",640,480,false],"1536x1536":["https:\/\/capitalfmbolivia.com\/web\/wp-content\/uploads\/2025\/12\/jaime-soliz-edmand-lara.jpg",800,600,false],"2048x2048":["https:\/\/capitalfmbolivia.com\/web\/wp-content\/uploads\/2025\/12\/jaime-soliz-edmand-lara.jpg",800,600,false],"newsphere-slider-full":["https:\/\/capitalfmbolivia.com\/web\/wp-content\/uploads\/2025\/12\/jaime-soliz-edmand-lara.jpg",800,600,false],"newsphere-featured":["https:\/\/capitalfmbolivia.com\/web\/wp-content\/uploads\/2025\/12\/jaime-soliz-edmand-lara.jpg",800,600,false],"newsphere-medium":["https:\/\/capitalfmbolivia.com\/web\/wp-content\/uploads\/2025\/12\/jaime-soliz-edmand-lara-720x380.jpg",720,380,true]},"author_info":{"display_name":"redchuqui","author_link":"https:\/\/capitalfmbolivia.com\/web\/author\/redchuqui\/"},"category_info":"<a href=\"https:\/\/capitalfmbolivia.com\/web\/category\/nacional\/politica\/\" rel=\"category tag\">Politica<\/a>","tag_info":"Politica","comment_count":"0","_links":{"self":[{"href":"https:\/\/capitalfmbolivia.com\/web\/wp-json\/wp\/v2\/posts\/1451","targetHints":{"allow":["GET"]}}],"collection":[{"href":"https:\/\/capitalfmbolivia.com\/web\/wp-json\/wp\/v2\/posts"}],"about":[{"href":"https:\/\/capitalfmbolivia.com\/web\/wp-json\/wp\/v2\/types\/post"}],"author":[{"embeddable":true,"href":"https:\/\/capitalfmbolivia.com\/web\/wp-json\/wp\/v2\/users\/1"}],"replies":[{"embeddable":true,"href":"https:\/\/capitalfmbolivia.com\/web\/wp-json\/wp\/v2\/comments?post=1451"}],"version-history":[{"count":1,"href":"https:\/\/capitalfmbolivia.com\/web\/wp-json\/wp\/v2\/posts\/1451\/revisions"}],"predecessor-version":[{"id":1453,"href":"https:\/\/capitalfmbolivia.com\/web\/wp-json\/wp\/v2\/posts\/1451\/revisions\/1453"}],"wp:featuredmedia":[{"embeddable":true,"href":"https:\/\/capitalfmbolivia.com\/web\/wp-json\/wp\/v2\/media\/1452"}],"wp:attachment":[{"href":"https:\/\/capitalfmbolivia.com\/web\/wp-json\/wp\/v2\/media?parent=1451"}],"wp:term":[{"taxonomy":"category","embeddable":true,"href":"https:\/\/capitalfmbolivia.com\/web\/wp-json\/wp\/v2\/categories?post=1451"},{"taxonomy":"post_tag","embeddable":true,"href":"https:\/\/capitalfmbolivia.com\/web\/wp-json\/wp\/v2\/tags?post=1451"}],"curies":[{"name":"wp","href":"https:\/\/api.w.org\/{rel}","templated":true}]}}