{"id":1457,"date":"2025-12-05T13:42:08","date_gmt":"2025-12-05T17:42:08","guid":{"rendered":"https:\/\/capitalfmbolivia.com\/web\/?p=1457"},"modified":"2025-12-05T13:48:05","modified_gmt":"2025-12-05T17:48:05","slug":"rodrigo-paz-y-edmand-lara-reaparecen-juntos-el-vicepresidente-vuelve-a-vestir-uniforme-policial-en-el-acto-de-egreso-de-la-anapol","status":"publish","type":"post","link":"https:\/\/capitalfmbolivia.com\/web\/nacional\/2025\/12\/05\/1457\/","title":{"rendered":"Rodrigo Paz y Edmand Lara reaparecen juntos: el vicepresidente vuelve a vestir uniforme policial en el acto de egreso de la Anapol"},"content":{"rendered":"<p>Despu\u00e9s de varias semanas de tensiones p\u00fablicas, el presidente Rodrigo Paz y el vicepresidente Edmand Lara coincidieron nuevamente en un acto oficial. Ambos participaron este viernes en la ceremonia de egreso de nuevos oficiales de la Academia Nacional de Polic\u00edas (Anapol), realizada en el Patio de Honor de la instituci\u00f3n en la zona de Seguencoma, La Paz.<\/p>\n<p>La presencia de Lara llam\u00f3 nuevamente la atenci\u00f3n p\u00fablica, pues volvi\u00f3 a utilizar el uniforme policial, tal como lo hizo el pasado 8 de noviembre cuando jur\u00f3 como vicepresidente vistiendo el uniforme de gala. En aquella ocasi\u00f3n, Lara agradeci\u00f3 la autorizaci\u00f3n institucional que le permiti\u00f3 portarlo nuevamente, resaltando el apoyo de la Asociaci\u00f3n Nacional de Clases y Polic\u00edas, tanto de efectivos activos como pasivos.<\/p>\n<p>\u201cVuelvo a ponerme uniforme y tal vez yo creo que es la \u00faltima vez que me pongo uniforme. Le agradezco a la Polic\u00eda por haberme dado la autorizaci\u00f3n y a la Asociaci\u00f3n Nacional de Clases y Polic\u00edas por su apoyo\u201d, expres\u00f3 entonces.<\/p>\n<p>Su aparici\u00f3n de este viernes, otra vez uniformado, reaviva el debate sobre su situaci\u00f3n institucional dentro de la Polic\u00eda Boliviana, de la cual fue retirado en un proceso que \u00e9l calific\u00f3 como irregular. El gesto tambi\u00e9n cobra relevancia debido al distanciamiento pol\u00edtico que mantuvo con el presidente Paz durante las \u00faltimas semanas.<\/p>\n<p>En su discurso durante el acto, Rodrigo Paz destac\u00f3 la vocaci\u00f3n de servicio de la nueva generaci\u00f3n de oficiales y subray\u00f3 la necesidad de una Polic\u00eda fortalecida, cercana a la ciudadan\u00eda y comprometida con la disciplina y la integridad. \u201cEl servicio a la seguridad ciudadana exige voluntad, disciplina y una profunda vocaci\u00f3n p\u00fablica\u201d, se\u00f1al\u00f3.<\/p>\n<p>El mandatario tambi\u00e9n dej\u00f3 un mensaje directo a los flamantes oficiales: \u201cCaminen con firmeza. Su Gobierno caminar\u00e1 junto a ustedes\u201d. A\u00f1adi\u00f3 que la modernizaci\u00f3n institucional y el fortalecimiento de la Polic\u00eda Boliviana continuar\u00e1n siendo prioridades del Estado.<\/p>\n<p>La ceremonia cont\u00f3 adem\u00e1s con la presencia del ministro de Gobierno, Marco Antonio Oviedo Huerta, y del comandante general de la Polic\u00eda Boliviana, Mirko Antonio Sokol Saravia. La jornada fue considerada un hito por la incorporaci\u00f3n de una nueva promoci\u00f3n de oficiales formados para servir al pa\u00eds con honor y profesionalismo.<\/p>\n","protected":false},"excerpt":{"rendered":"<p>Despu\u00e9s de varias semanas de tensiones p\u00fablicas, el presidente Rodrigo Paz y el vicepresidente Edmand&#8230;<\/p>\n","protected":false},"author":1,"featured_media":1458,"comment_status":"closed","ping_status":"open","sticky":false,"template":"","format":"standard","meta":{"footnotes":""},"categories":[36,43],"tags":[622,521,623,404,526,218],"class_list":["post-1457","post","type-post","status-publish","format-standard","has-post-thumbnail","hentry","category-nacional","category-politica","tag-anapol","tag-edmand-lara","tag-egreso-de-oficiales","tag-policia-boliviana","tag-rodrigo-paz","tag-seguridad"],"featured_image_urls":{"full":["https:\/\/capitalfmbolivia.com\/web\/wp-content\/uploads\/2025\/12\/WhatsApp-Image-2025-12-05-at-13.38.08.jpeg",1600,1066,false],"thumbnail":["https:\/\/capitalfmbolivia.com\/web\/wp-content\/uploads\/2025\/12\/WhatsApp-Image-2025-12-05-at-13.38.08-150x150.jpeg",150,150,true],"medium":["https:\/\/capitalfmbolivia.com\/web\/wp-content\/uploads\/2025\/12\/WhatsApp-Image-2025-12-05-at-13.38.08-300x200.jpeg",300,200,true],"medium_large":["https:\/\/capitalfmbolivia.com\/web\/wp-content\/uploads\/2025\/12\/WhatsApp-Image-2025-12-05-at-13.38.08-768x512.jpeg",640,427,true],"large":["https:\/\/capitalfmbolivia.com\/web\/wp-content\/uploads\/2025\/12\/WhatsApp-Image-2025-12-05-at-13.38.08-1024x682.jpeg",640,426,true],"1536x1536":["https:\/\/capitalfmbolivia.com\/web\/wp-content\/uploads\/2025\/12\/WhatsApp-Image-2025-12-05-at-13.38.08-1536x1023.jpeg",1536,1023,true],"2048x2048":["https:\/\/capitalfmbolivia.com\/web\/wp-content\/uploads\/2025\/12\/WhatsApp-Image-2025-12-05-at-13.38.08.jpeg",1600,1066,false],"newsphere-slider-full":["https:\/\/capitalfmbolivia.com\/web\/wp-content\/uploads\/2025\/12\/WhatsApp-Image-2025-12-05-at-13.38.08-1280x720.jpeg",1280,720,true],"newsphere-featured":["https:\/\/capitalfmbolivia.com\/web\/wp-content\/uploads\/2025\/12\/WhatsApp-Image-2025-12-05-at-13.38.08-1024x682.jpeg",1024,682,true],"newsphere-medium":["https:\/\/capitalfmbolivia.com\/web\/wp-content\/uploads\/2025\/12\/WhatsApp-Image-2025-12-05-at-13.38.08-720x380.jpeg",720,380,true]},"author_info":{"display_name":"redchuqui","author_link":"https:\/\/capitalfmbolivia.com\/web\/author\/redchuqui\/"},"category_info":"<a href=\"https:\/\/capitalfmbolivia.com\/web\/category\/nacional\/\" rel=\"category tag\">Bolivia<\/a> <a href=\"https:\/\/capitalfmbolivia.com\/web\/category\/nacional\/politica\/\" rel=\"category tag\">Politica<\/a>","tag_info":"Politica","comment_count":"0","_links":{"self":[{"href":"https:\/\/capitalfmbolivia.com\/web\/wp-json\/wp\/v2\/posts\/1457","targetHints":{"allow":["GET"]}}],"collection":[{"href":"https:\/\/capitalfmbolivia.com\/web\/wp-json\/wp\/v2\/posts"}],"about":[{"href":"https:\/\/capitalfmbolivia.com\/web\/wp-json\/wp\/v2\/types\/post"}],"author":[{"embeddable":true,"href":"https:\/\/capitalfmbolivia.com\/web\/wp-json\/wp\/v2\/users\/1"}],"replies":[{"embeddable":true,"href":"https:\/\/capitalfmbolivia.com\/web\/wp-json\/wp\/v2\/comments?post=1457"}],"version-history":[{"count":1,"href":"https:\/\/capitalfmbolivia.com\/web\/wp-json\/wp\/v2\/posts\/1457\/revisions"}],"predecessor-version":[{"id":1459,"href":"https:\/\/capitalfmbolivia.com\/web\/wp-json\/wp\/v2\/posts\/1457\/revisions\/1459"}],"wp:featuredmedia":[{"embeddable":true,"href":"https:\/\/capitalfmbolivia.com\/web\/wp-json\/wp\/v2\/media\/1458"}],"wp:attachment":[{"href":"https:\/\/capitalfmbolivia.com\/web\/wp-json\/wp\/v2\/media?parent=1457"}],"wp:term":[{"taxonomy":"category","embeddable":true,"href":"https:\/\/capitalfmbolivia.com\/web\/wp-json\/wp\/v2\/categories?post=1457"},{"taxonomy":"post_tag","embeddable":true,"href":"https:\/\/capitalfmbolivia.com\/web\/wp-json\/wp\/v2\/tags?post=1457"}],"curies":[{"name":"wp","href":"https:\/\/api.w.org\/{rel}","templated":true}]}}