{"id":1467,"date":"2025-12-08T14:18:24","date_gmt":"2025-12-08T18:18:24","guid":{"rendered":"https:\/\/capitalfmbolivia.com\/web\/?p=1467"},"modified":"2025-12-08T14:18:24","modified_gmt":"2025-12-08T18:18:24","slug":"defensa-de-lidia-patty-niega-irregularidades-y-asegura-que-solo-existe-un-saldo-de-bs-2-000-por-el-proyecto-de-tomates","status":"publish","type":"post","link":"https:\/\/capitalfmbolivia.com\/web\/nacional\/justicia\/2025\/12\/08\/1467\/","title":{"rendered":"Defensa de Lidia Patty niega irregularidades y asegura que s\u00f3lo existe un saldo de Bs 2.000 por el proyecto de tomates"},"content":{"rendered":"<p>La defensa legal de la exdiputada Lidia Patty afirm\u00f3 este lunes que no existieron irregularidades en la ejecuci\u00f3n del proyecto de cultivo de tomates financiado por el extinto Fondo Ind\u00edgena y que, actualmente, s\u00f3lo quedar\u00eda un saldo de aproximadamente Bs 2.000, el cual la imputada est\u00e1 dispuesta a devolver.<\/p>\n<p>El proyecto, firmado en 2010, contemplaba la construcci\u00f3n de carpas solares para la producci\u00f3n de tomate en ocho comunidades de la provincia Bautista Saavedra. La Fiscal\u00eda reactiv\u00f3 la investigaci\u00f3n bajo el argumento de que la obra ser\u00eda inexistente; sin embargo, el abogado defensor, Richard Cerda, asegur\u00f3 que la iniciativa alcanz\u00f3 una ejecuci\u00f3n presupuestaria del 92% y un avance f\u00edsico del 80%.<\/p>\n<p>Seg\u00fan Cerda, existen actas de entrega definitiva de las obras, firmadas por las propias comunidades beneficiarias, lo que \u2014dijo\u2014 descarta la supuesta inexistencia del proyecto. Agreg\u00f3 que Patty recibi\u00f3 650 mil bolivianos para la ejecuci\u00f3n y remarc\u00f3 que dichos recursos \u201cfueron correctamente utilizados\u201d.<\/p>\n<p>\u201cSi bien existe un saldo, la se\u00f1ora Patty se\u00f1ala que es m\u00ednimo, aproximadamente de 2.000 bolivianos, y est\u00e1 dispuesta a devolverlo\u201d, sostuvo el jurista.<\/p>\n<p>Respecto a las cr\u00edticas por haber recibido los fondos en su cuenta personal, la defensa explic\u00f3 que una cl\u00e1usula interna del Fondo Ind\u00edgena exig\u00eda que los desembolsos se realizaran de ese modo.<\/p>\n<p>Por este caso, relacionado con los denominados \u2018tomates\u2019, un juez determin\u00f3 cuatro meses de detenci\u00f3n preventiva en el penal de Obrajes para Patty mientras avanza la investigaci\u00f3n. La defensa present\u00f3 una apelaci\u00f3n que a\u00fan est\u00e1 pendiente de resoluci\u00f3n ante un tribunal de alzada.<\/p>\n<p><strong>**Segundo proceso en camino**<\/strong><\/p>\n<p>El abogado Cerda tambi\u00e9n inform\u00f3 que se estar\u00eda abriendo un segundo caso contra la exdiputada, esta vez por un proyecto de producci\u00f3n de miel, lo que ampl\u00eda el escenario judicial que enfrenta la exautoridad.<\/p>\n","protected":false},"excerpt":{"rendered":"<p>La defensa legal de la exdiputada Lidia Patty afirm\u00f3 este lunes que no existieron irregularidades&#8230;<\/p>\n","protected":false},"author":1,"featured_media":1466,"comment_status":"closed","ping_status":"open","sticky":false,"template":"","format":"standard","meta":{"footnotes":""},"categories":[39],"tags":[628,373,613,313,612,627,625,626],"class_list":["post-1467","post","type-post","status-publish","format-standard","has-post-thumbnail","hentry","category-justicia","tag-caso-patty","tag-fiscalia","tag-fondo-indigena","tag-justicia","tag-lidia-patty","tag-obrajes","tag-proyecto-de-tomates","tag-richard-cerda"],"featured_image_urls":{"full":["https:\/\/capitalfmbolivia.com\/web\/wp-content\/uploads\/2025\/12\/1f0dd7fd-7deb-4d4a-af14-a40ddbe2b1441.jpg",980,610,false],"thumbnail":["https:\/\/capitalfmbolivia.com\/web\/wp-content\/uploads\/2025\/12\/1f0dd7fd-7deb-4d4a-af14-a40ddbe2b1441-150x150.jpg",150,150,true],"medium":["https:\/\/capitalfmbolivia.com\/web\/wp-content\/uploads\/2025\/12\/1f0dd7fd-7deb-4d4a-af14-a40ddbe2b1441-300x187.jpg",300,187,true],"medium_large":["https:\/\/capitalfmbolivia.com\/web\/wp-content\/uploads\/2025\/12\/1f0dd7fd-7deb-4d4a-af14-a40ddbe2b1441-768x478.jpg",640,398,true],"large":["https:\/\/capitalfmbolivia.com\/web\/wp-content\/uploads\/2025\/12\/1f0dd7fd-7deb-4d4a-af14-a40ddbe2b1441.jpg",640,398,false],"1536x1536":["https:\/\/capitalfmbolivia.com\/web\/wp-content\/uploads\/2025\/12\/1f0dd7fd-7deb-4d4a-af14-a40ddbe2b1441.jpg",980,610,false],"2048x2048":["https:\/\/capitalfmbolivia.com\/web\/wp-content\/uploads\/2025\/12\/1f0dd7fd-7deb-4d4a-af14-a40ddbe2b1441.jpg",980,610,false],"newsphere-slider-full":["https:\/\/capitalfmbolivia.com\/web\/wp-content\/uploads\/2025\/12\/1f0dd7fd-7deb-4d4a-af14-a40ddbe2b1441.jpg",980,610,false],"newsphere-featured":["https:\/\/capitalfmbolivia.com\/web\/wp-content\/uploads\/2025\/12\/1f0dd7fd-7deb-4d4a-af14-a40ddbe2b1441.jpg",980,610,false],"newsphere-medium":["https:\/\/capitalfmbolivia.com\/web\/wp-content\/uploads\/2025\/12\/1f0dd7fd-7deb-4d4a-af14-a40ddbe2b1441-720x380.jpg",720,380,true]},"author_info":{"display_name":"redchuqui","author_link":"https:\/\/capitalfmbolivia.com\/web\/author\/redchuqui\/"},"category_info":"<a href=\"https:\/\/capitalfmbolivia.com\/web\/category\/nacional\/justicia\/\" rel=\"category tag\">Justicia<\/a>","tag_info":"Justicia","comment_count":"0","_links":{"self":[{"href":"https:\/\/capitalfmbolivia.com\/web\/wp-json\/wp\/v2\/posts\/1467","targetHints":{"allow":["GET"]}}],"collection":[{"href":"https:\/\/capitalfmbolivia.com\/web\/wp-json\/wp\/v2\/posts"}],"about":[{"href":"https:\/\/capitalfmbolivia.com\/web\/wp-json\/wp\/v2\/types\/post"}],"author":[{"embeddable":true,"href":"https:\/\/capitalfmbolivia.com\/web\/wp-json\/wp\/v2\/users\/1"}],"replies":[{"embeddable":true,"href":"https:\/\/capitalfmbolivia.com\/web\/wp-json\/wp\/v2\/comments?post=1467"}],"version-history":[{"count":1,"href":"https:\/\/capitalfmbolivia.com\/web\/wp-json\/wp\/v2\/posts\/1467\/revisions"}],"predecessor-version":[{"id":1468,"href":"https:\/\/capitalfmbolivia.com\/web\/wp-json\/wp\/v2\/posts\/1467\/revisions\/1468"}],"wp:featuredmedia":[{"embeddable":true,"href":"https:\/\/capitalfmbolivia.com\/web\/wp-json\/wp\/v2\/media\/1466"}],"wp:attachment":[{"href":"https:\/\/capitalfmbolivia.com\/web\/wp-json\/wp\/v2\/media?parent=1467"}],"wp:term":[{"taxonomy":"category","embeddable":true,"href":"https:\/\/capitalfmbolivia.com\/web\/wp-json\/wp\/v2\/categories?post=1467"},{"taxonomy":"post_tag","embeddable":true,"href":"https:\/\/capitalfmbolivia.com\/web\/wp-json\/wp\/v2\/tags?post=1467"}],"curies":[{"name":"wp","href":"https:\/\/api.w.org\/{rel}","templated":true}]}}