{"id":1478,"date":"2025-12-10T16:11:32","date_gmt":"2025-12-10T20:11:32","guid":{"rendered":"https:\/\/capitalfmbolivia.com\/web\/?p=1478"},"modified":"2025-12-10T16:11:32","modified_gmt":"2025-12-10T20:11:32","slug":"arrestan-al-expresidente-luis-arce-por-el-caso-fondo-indigena","status":"publish","type":"post","link":"https:\/\/capitalfmbolivia.com\/web\/nacional\/justicia\/2025\/12\/10\/1478\/","title":{"rendered":"Arrestan al expresidente Luis Arce por el caso Fondo Ind\u00edgena"},"content":{"rendered":"<p>El expresidente Luis Alberto Arce Catacora fue arrestado este mi\u00e9rcoles en la ciudad de La Paz en el marco de las investigaciones del caso Fondo Ind\u00edgena. La exministra de la Presidencia, Mar\u00eda Nela Prada, confirm\u00f3 que la exautoridad fue trasladada a celdas de la Fuerza Especial de Lucha Contra el Crimen (Felcc), donde permanecer\u00e1 mientras se desarrollan las actuaciones policiales y fiscales correspondientes.<\/p>\n<p>El operativo se ejecut\u00f3 en la zona de Sopocachi alrededor de las 15:00, cuando agentes policiales interceptaron a Arce y lo condujeron en una vagoneta blanca hacia las oficinas centrales de la unidad anticorrupci\u00f3n. Seg\u00fan fuentes preliminares, la detenci\u00f3n est\u00e1 vinculada a presuntas irregularidades en el manejo de recursos destinados a proyectos sociales administrados por el Fondo Ind\u00edgena, causas que tambi\u00e9n involucran a la exdiputada Lidia Patty y otros exservidores p\u00fablicos.<\/p>\n<p>Prada calific\u00f3 el arresto como una acci\u00f3n \u201carbitraria\u201d y llam\u00f3 a la comunidad internacional a observar el proceso. Sin embargo, reportes policiales se\u00f1alan que el exmandatario no present\u00f3 resistencia al momento de su aprehensi\u00f3n y colabor\u00f3 con los efectivos encargados del operativo.<\/p>\n<p>El Ministerio P\u00fablico indaga la presunta malversaci\u00f3n de cuantiosos montos econ\u00f3micos que deb\u00edan beneficiar a comunidades ind\u00edgenas, pero que habr\u00edan terminado en cuentas personales de exautoridades durante la gesti\u00f3n del entonces presidente Arce.<\/p>\n","protected":false},"excerpt":{"rendered":"<p>El expresidente Luis Alberto Arce Catacora fue arrestado este mi\u00e9rcoles en la ciudad de La&#8230;<\/p>\n","protected":false},"author":1,"featured_media":1136,"comment_status":"closed","ping_status":"open","sticky":false,"template":"","format":"standard","meta":{"footnotes":""},"categories":[39],"tags":[93,71,462,613,572,156,92],"class_list":["post-1478","post","type-post","status-publish","format-standard","has-post-thumbnail","hentry","category-justicia","tag-corrupcion","tag-detenciones","tag-felcc","tag-fondo-indigena","tag-investigacion","tag-la-paz","tag-luis-arce"],"featured_image_urls":{"full":["https:\/\/capitalfmbolivia.com\/web\/wp-content\/uploads\/2025\/06\/8b2d56f8-1958-4cd5-9f10-8f0ef8f249c3_w1023_r1_s1-e1748991555761.jpg",1023,546,false],"thumbnail":["https:\/\/capitalfmbolivia.com\/web\/wp-content\/uploads\/2025\/06\/8b2d56f8-1958-4cd5-9f10-8f0ef8f249c3_w1023_r1_s1-e1748991555761-150x150.jpg",150,150,true],"medium":["https:\/\/capitalfmbolivia.com\/web\/wp-content\/uploads\/2025\/06\/8b2d56f8-1958-4cd5-9f10-8f0ef8f249c3_w1023_r1_s1-e1748991555761-300x160.jpg",300,160,true],"medium_large":["https:\/\/capitalfmbolivia.com\/web\/wp-content\/uploads\/2025\/06\/8b2d56f8-1958-4cd5-9f10-8f0ef8f249c3_w1023_r1_s1-e1748991555761-768x410.jpg",640,342,true],"large":["https:\/\/capitalfmbolivia.com\/web\/wp-content\/uploads\/2025\/06\/8b2d56f8-1958-4cd5-9f10-8f0ef8f249c3_w1023_r1_s1-e1748991555761.jpg",640,342,false],"1536x1536":["https:\/\/capitalfmbolivia.com\/web\/wp-content\/uploads\/2025\/06\/8b2d56f8-1958-4cd5-9f10-8f0ef8f249c3_w1023_r1_s1-e1748991555761.jpg",1023,546,false],"2048x2048":["https:\/\/capitalfmbolivia.com\/web\/wp-content\/uploads\/2025\/06\/8b2d56f8-1958-4cd5-9f10-8f0ef8f249c3_w1023_r1_s1-e1748991555761.jpg",1023,546,false],"newsphere-slider-full":["https:\/\/capitalfmbolivia.com\/web\/wp-content\/uploads\/2025\/06\/8b2d56f8-1958-4cd5-9f10-8f0ef8f249c3_w1023_r1_s1-e1748991555761.jpg",1023,546,false],"newsphere-featured":["https:\/\/capitalfmbolivia.com\/web\/wp-content\/uploads\/2025\/06\/8b2d56f8-1958-4cd5-9f10-8f0ef8f249c3_w1023_r1_s1-e1748991555761.jpg",1023,546,false],"newsphere-medium":["https:\/\/capitalfmbolivia.com\/web\/wp-content\/uploads\/2025\/06\/8b2d56f8-1958-4cd5-9f10-8f0ef8f249c3_w1023_r1_s1-e1748991555761-720x380.jpg",720,380,true]},"author_info":{"display_name":"redchuqui","author_link":"https:\/\/capitalfmbolivia.com\/web\/author\/redchuqui\/"},"category_info":"<a href=\"https:\/\/capitalfmbolivia.com\/web\/category\/nacional\/justicia\/\" rel=\"category tag\">Justicia<\/a>","tag_info":"Justicia","comment_count":"0","_links":{"self":[{"href":"https:\/\/capitalfmbolivia.com\/web\/wp-json\/wp\/v2\/posts\/1478","targetHints":{"allow":["GET"]}}],"collection":[{"href":"https:\/\/capitalfmbolivia.com\/web\/wp-json\/wp\/v2\/posts"}],"about":[{"href":"https:\/\/capitalfmbolivia.com\/web\/wp-json\/wp\/v2\/types\/post"}],"author":[{"embeddable":true,"href":"https:\/\/capitalfmbolivia.com\/web\/wp-json\/wp\/v2\/users\/1"}],"replies":[{"embeddable":true,"href":"https:\/\/capitalfmbolivia.com\/web\/wp-json\/wp\/v2\/comments?post=1478"}],"version-history":[{"count":1,"href":"https:\/\/capitalfmbolivia.com\/web\/wp-json\/wp\/v2\/posts\/1478\/revisions"}],"predecessor-version":[{"id":1479,"href":"https:\/\/capitalfmbolivia.com\/web\/wp-json\/wp\/v2\/posts\/1478\/revisions\/1479"}],"wp:featuredmedia":[{"embeddable":true,"href":"https:\/\/capitalfmbolivia.com\/web\/wp-json\/wp\/v2\/media\/1136"}],"wp:attachment":[{"href":"https:\/\/capitalfmbolivia.com\/web\/wp-json\/wp\/v2\/media?parent=1478"}],"wp:term":[{"taxonomy":"category","embeddable":true,"href":"https:\/\/capitalfmbolivia.com\/web\/wp-json\/wp\/v2\/categories?post=1478"},{"taxonomy":"post_tag","embeddable":true,"href":"https:\/\/capitalfmbolivia.com\/web\/wp-json\/wp\/v2\/tags?post=1478"}],"curies":[{"name":"wp","href":"https:\/\/api.w.org\/{rel}","templated":true}]}}