{"id":1493,"date":"2025-12-11T12:20:26","date_gmt":"2025-12-11T16:20:26","guid":{"rendered":"https:\/\/capitalfmbolivia.com\/web\/?p=1493"},"modified":"2025-12-11T12:20:26","modified_gmt":"2025-12-11T16:20:26","slug":"sale-a-la-luz-nuevo-video-que-muestra-agresiones-y-amenazas-contra-policias-en-cotapachi","status":"publish","type":"post","link":"https:\/\/capitalfmbolivia.com\/web\/nacional\/justicia\/2025\/12\/11\/1493\/","title":{"rendered":"Sale a la luz nuevo video que muestra agresiones y amenazas contra polic\u00edas en Cotapachi"},"content":{"rendered":"<p data-start=\"251\" data-end=\"654\">Un nuevo video difundido en las \u00faltimas horas revela con mayor detalle la emboscada que sufrieron polic\u00edas durante el operativo de desbloqueo en el botadero de Cotapachi, en Quillacollo, el pasado lunes. Las im\u00e1genes muestran el momento en el que los uniformados son agredidos y amenazados por pobladores que los obligan a desplazarse entre la vegetaci\u00f3n mientras los amedrentan.<\/p>\n<p data-start=\"656\" data-end=\"954\">En el material audiovisual se observa cuando uno de los comunarios lanza una piedra que impacta directamente en un efectivo policial que se encontraba junto a otros dos uniformados, separados del resto de su unidad. Durante el trayecto, los polic\u00edas reciben insultos constantes y amenazas directas.<\/p>\n<p data-start=\"656\" data-end=\"954\"><iframe loading=\"lazy\" style=\"border: none; overflow: hidden;\" src=\"https:\/\/www.facebook.com\/plugins\/post.php?href=https%3A%2F%2Fwww.facebook.com%2Freel%2F1408686857517016&amp;width=500&amp;show_text=true&amp;appId=1758778655020084&amp;height=501\" width=\"500\" height=\"501\" frameborder=\"0\" scrolling=\"no\" allowfullscreen=\"allowfullscreen\"><\/iframe><\/p>\n<p data-start=\"956\" data-end=\"1219\">Las im\u00e1genes tambi\u00e9n evidencian el uso de palos, flechas, piedras y otros objetos contundentes para agredir a los efectivos, quienes ya presentaban heridas visibles en la cabeza, el rostro y las extremidades, mientras intentaban alejarse de la zona del conflicto.<\/p>\n<p data-start=\"1221\" data-end=\"1667\">Los pobladores acusaron a los polic\u00edas de haber utilizado un arma de fuego durante el enfrentamiento. En ese mismo operativo se registr\u00f3 a un efectivo portando su arma de reglamento, quien reconoci\u00f3 haber realizado un disparo, aunque asegur\u00f3 que lo hizo contra el piso para ahuyentar a los comunarios que continuaban amenaz\u00e1ndolos. Pese a estar herido, el uniformado qued\u00f3 aprehendido y se prev\u00e9 que su audiencia cautelar se realice esta jornada.<\/p>\n<p data-start=\"1669\" data-end=\"1891\">Hasta el momento, se confirm\u00f3 que siete polic\u00edas resultaron heridos, uno de ellos en estado cr\u00edtico y trasladado a terapia intensiva. El padre del uniformado denunci\u00f3 que su hijo fue amenazado de muerte por los pobladores.<\/p>\n<p data-start=\"1893\" data-end=\"2006\">El caso contin\u00faa bajo investigaci\u00f3n, ya que el enfrentamiento dej\u00f3 dos personas fallecidas y m\u00e1s de diez heridas.<\/p>\n","protected":false},"excerpt":{"rendered":"<p>Un nuevo video difundido en las \u00faltimas horas revela con mayor detalle la emboscada que&#8230;<\/p>\n","protected":false},"author":1,"featured_media":1494,"comment_status":"closed","ping_status":"open","sticky":false,"template":"","format":"standard","meta":{"footnotes":""},"categories":[39],"tags":[660,656,659,658,657,662,661],"class_list":["post-1493","post","type-post","status-publish","format-standard","has-post-thumbnail","hentry","category-justicia","tag-bloqueo-cotapachi","tag-cotapachi","tag-enfrentamientos","tag-policias-agredidos","tag-quillacollo","tag-seguridad-bolivia","tag-video-agresiones"],"featured_image_urls":{"full":["https:\/\/capitalfmbolivia.com\/web\/wp-content\/uploads\/2025\/12\/captura-de-pantalla-2025-12-11-07523_101-13926596_202512111154221.webp",1280,545,false],"thumbnail":["https:\/\/capitalfmbolivia.com\/web\/wp-content\/uploads\/2025\/12\/captura-de-pantalla-2025-12-11-07523_101-13926596_202512111154221-150x150.webp",150,150,true],"medium":["https:\/\/capitalfmbolivia.com\/web\/wp-content\/uploads\/2025\/12\/captura-de-pantalla-2025-12-11-07523_101-13926596_202512111154221-300x128.webp",300,128,true],"medium_large":["https:\/\/capitalfmbolivia.com\/web\/wp-content\/uploads\/2025\/12\/captura-de-pantalla-2025-12-11-07523_101-13926596_202512111154221-768x327.webp",640,273,true],"large":["https:\/\/capitalfmbolivia.com\/web\/wp-content\/uploads\/2025\/12\/captura-de-pantalla-2025-12-11-07523_101-13926596_202512111154221-1024x436.webp",640,273,true],"1536x1536":["https:\/\/capitalfmbolivia.com\/web\/wp-content\/uploads\/2025\/12\/captura-de-pantalla-2025-12-11-07523_101-13926596_202512111154221.webp",1280,545,false],"2048x2048":["https:\/\/capitalfmbolivia.com\/web\/wp-content\/uploads\/2025\/12\/captura-de-pantalla-2025-12-11-07523_101-13926596_202512111154221.webp",1280,545,false],"newsphere-slider-full":["https:\/\/capitalfmbolivia.com\/web\/wp-content\/uploads\/2025\/12\/captura-de-pantalla-2025-12-11-07523_101-13926596_202512111154221.webp",1280,545,false],"newsphere-featured":["https:\/\/capitalfmbolivia.com\/web\/wp-content\/uploads\/2025\/12\/captura-de-pantalla-2025-12-11-07523_101-13926596_202512111154221-1024x436.webp",1024,436,true],"newsphere-medium":["https:\/\/capitalfmbolivia.com\/web\/wp-content\/uploads\/2025\/12\/captura-de-pantalla-2025-12-11-07523_101-13926596_202512111154221-720x380.webp",720,380,true]},"author_info":{"display_name":"redchuqui","author_link":"https:\/\/capitalfmbolivia.com\/web\/author\/redchuqui\/"},"category_info":"<a href=\"https:\/\/capitalfmbolivia.com\/web\/category\/nacional\/justicia\/\" rel=\"category tag\">Justicia<\/a>","tag_info":"Justicia","comment_count":"0","_links":{"self":[{"href":"https:\/\/capitalfmbolivia.com\/web\/wp-json\/wp\/v2\/posts\/1493","targetHints":{"allow":["GET"]}}],"collection":[{"href":"https:\/\/capitalfmbolivia.com\/web\/wp-json\/wp\/v2\/posts"}],"about":[{"href":"https:\/\/capitalfmbolivia.com\/web\/wp-json\/wp\/v2\/types\/post"}],"author":[{"embeddable":true,"href":"https:\/\/capitalfmbolivia.com\/web\/wp-json\/wp\/v2\/users\/1"}],"replies":[{"embeddable":true,"href":"https:\/\/capitalfmbolivia.com\/web\/wp-json\/wp\/v2\/comments?post=1493"}],"version-history":[{"count":1,"href":"https:\/\/capitalfmbolivia.com\/web\/wp-json\/wp\/v2\/posts\/1493\/revisions"}],"predecessor-version":[{"id":1495,"href":"https:\/\/capitalfmbolivia.com\/web\/wp-json\/wp\/v2\/posts\/1493\/revisions\/1495"}],"wp:featuredmedia":[{"embeddable":true,"href":"https:\/\/capitalfmbolivia.com\/web\/wp-json\/wp\/v2\/media\/1494"}],"wp:attachment":[{"href":"https:\/\/capitalfmbolivia.com\/web\/wp-json\/wp\/v2\/media?parent=1493"}],"wp:term":[{"taxonomy":"category","embeddable":true,"href":"https:\/\/capitalfmbolivia.com\/web\/wp-json\/wp\/v2\/categories?post=1493"},{"taxonomy":"post_tag","embeddable":true,"href":"https:\/\/capitalfmbolivia.com\/web\/wp-json\/wp\/v2\/tags?post=1493"}],"curies":[{"name":"wp","href":"https:\/\/api.w.org\/{rel}","templated":true}]}}