{"id":791,"date":"2025-02-15T02:04:58","date_gmt":"2025-02-15T06:04:58","guid":{"rendered":"https:\/\/capitalfmbolivia.com\/?p=791"},"modified":"2025-05-17T16:04:37","modified_gmt":"2025-05-17T20:04:37","slug":"no-queremos-regalar-el-litio-pero-su-tiempo-se-nos-puede-escapar-de-las-manos-advierte-arce","status":"publish","type":"post","link":"https:\/\/capitalfmbolivia.com\/web\/nacional\/economia\/2025\/02\/15\/791\/","title":{"rendered":"\u201cNo queremos regalar el litio, (pero) su tiempo se nos puede escapar de las manos\u201d, advierte Arce"},"content":{"rendered":"<p>En medio del conflicto por el litio, el presidente Arce exhorta a los \u201chermanos potosinos a no dejarse sorprender con informaciones malas\u201d<\/p>\n<p><!--more-->El presidente Luis Arce defendi\u00f3 nuevamente el proyecto de industrializaci\u00f3n del litio frente a la serie de cuestionamientos e incluso protestas callejeras que surgieron en contra de los contratos que el Gobierno suscribi\u00f3 con empresas de China y Rusia para explotar dicho recurso natural.<\/p>\n<div id=\"div-gpt-ad-1728924052398-0\" class=\"m-auto my-3\" data-google-query-id=\"CI-X--uAxYsDFVhhuAQdJSYEzw\">\n<div id=\"google_ads_iframe_\/78777691\/EDHS_0__container__\">\u201cHermanas y hermanos, <strong>nosotros no queremos regalar el litio, queremos industrializar el litio para los bolivianos, que es muy diferente<\/strong>\u201d, dijo Arce en un acto p\u00fablico realizado durante tarde de este viernes en Tarija.<\/div>\n<\/div>\n<p>Agreg\u00f3 que se fue avanzando en este proyecto de industrializaci\u00f3n desde hace mucho tiempo, pero que ahora no se puede continuar, aunque est\u00e1 en curso el \u201cproceso de socializaci\u00f3n en torno a todas las caracter\u00edsticas de los contratos de industrializaci\u00f3n y no de regalo\u201d.<\/p>\n<div id=\"div-gpt-ad-1728924111573-0\" class=\"m-auto my-3\" data-google-query-id=\"CJCX--uAxYsDFVhhuAQdJSYEzw\">\n<div id=\"google_ads_iframe_\/78777691\/EDHSA_0__container__\">El jueves, el Gobierno intent\u00f3 socializar el proyecto del litio en Potos\u00ed en medio de una serie de incidentes generados por grupos que, con gritos y silbidos, no dejaron exponer de manera continua a las autoridades.<\/div>\n<\/div>\n<p>Los manifestantes exigieron que primero se anulen los contratos para luego entrar en un periodo de di\u00e1logo. Mientras los pol\u00edticos opositores al Gobierno, como el expresidente Evo Morales, tambi\u00e9n aprovecharon el conflicto para cuestionar a la administraci\u00f3n de Arce.<\/p>\n<p>\u201cPisoteando la Constituci\u00f3n, ignorando las protestas de la gente y los cuestionamientos t\u00e9cnicos y jur\u00eddicos de especialistas, el Gobierno contin\u00faa firmando m\u00e1s contratos para entregar el litio a extranjeros\u201d, asegur\u00f3 Morales.<\/p>\n<p>Sin embargo, Arce respondi\u00f3 que su gobierno ser\u00e1 el primero en ponerse en frente de quien quiera usurpar los recursos naturales de los bolivianos. Entretanto, el presidente de la C\u00e1mara de Diputados, Omar Yugra, anunci\u00f3 que no se tratar\u00e1n los proyectos de ley de aprobaci\u00f3n de los contratos sobre el litio \u201cen tanto contin\u00fae la socializaci\u00f3n\u201d.<\/p>\n<p>Arce destac\u00f3 esa decisi\u00f3n de la C\u00e1mara de Diputados, pero insisti\u00f3 en que s\u00f3lo se quiere la industrializaci\u00f3n del litio \u201cpara beneficiar a los propios bolivianos\u201d.<\/p>\n<p>\u201c<strong>Nosotros queremos avanzar de buena manera porque hay riesgos<\/strong>\u00a0que enfrentamos, riesgos que tienen que ver con que la tecnolog\u00eda avanza,\u00a0<strong>el tiempo del litio se nos puede escapar de las manos, cuidado que ma\u00f1ana ya aparezcan las bater\u00edas de hidr\u00f3geno<\/strong>, las bater\u00edas de sodio y reemplacen al litio como una fuente fundamental de electricidad\u201d, a\u00f1adi\u00f3.<\/p>\n<p>\u201c<strong>Nosotros queremos apurarnos, pero hay intereses extranjeros que no quieren que avancemos<\/strong>, por lo que exhortamos a todo el pueblo, especialmente a los hermanos potosinos, a no dejarse sorprender con informaciones malas, sobre todo a informarse debidamente para tomar las mejores decisiones, porque hoy por hoy los bolivianos nos estamos jugando con este tema de la industrializaci\u00f3n del litio\u201d, continu\u00f3.<\/p>\n","protected":false},"excerpt":{"rendered":"<p>En medio del conflicto por el litio, el presidente Arce exhorta a los \u201chermanos potosinos&#8230;<\/p>\n","protected":false},"author":1,"featured_media":792,"comment_status":"closed","ping_status":"open","sticky":false,"template":"","format":"standard","meta":{"footnotes":""},"categories":[44],"tags":[],"class_list":["post-791","post","type-post","status-publish","format-standard","has-post-thumbnail","hentry","category-economia"],"featured_image_urls":{"full":["https:\/\/capitalfmbolivia.com\/web\/wp-content\/uploads\/2025\/02\/luis-arce-en-tarija-presidencia.jpg",1090,746,false],"thumbnail":["https:\/\/capitalfmbolivia.com\/web\/wp-content\/uploads\/2025\/02\/luis-arce-en-tarija-presidencia-150x150.jpg",150,150,true],"medium":["https:\/\/capitalfmbolivia.com\/web\/wp-content\/uploads\/2025\/02\/luis-arce-en-tarija-presidencia-300x205.jpg",300,205,true],"medium_large":["https:\/\/capitalfmbolivia.com\/web\/wp-content\/uploads\/2025\/02\/luis-arce-en-tarija-presidencia-768x526.jpg",640,438,true],"large":["https:\/\/capitalfmbolivia.com\/web\/wp-content\/uploads\/2025\/02\/luis-arce-en-tarija-presidencia-1024x701.jpg",640,438,true],"1536x1536":["https:\/\/capitalfmbolivia.com\/web\/wp-content\/uploads\/2025\/02\/luis-arce-en-tarija-presidencia.jpg",1090,746,false],"2048x2048":["https:\/\/capitalfmbolivia.com\/web\/wp-content\/uploads\/2025\/02\/luis-arce-en-tarija-presidencia.jpg",1090,746,false],"newsphere-slider-full":["https:\/\/capitalfmbolivia.com\/web\/wp-content\/uploads\/2025\/02\/luis-arce-en-tarija-presidencia-1090x720.jpg",1090,720,true],"newsphere-featured":["https:\/\/capitalfmbolivia.com\/web\/wp-content\/uploads\/2025\/02\/luis-arce-en-tarija-presidencia-1024x701.jpg",1024,701,true],"newsphere-medium":["https:\/\/capitalfmbolivia.com\/web\/wp-content\/uploads\/2025\/02\/luis-arce-en-tarija-presidencia-720x380.jpg",720,380,true]},"author_info":{"display_name":"redchuqui","author_link":"https:\/\/capitalfmbolivia.com\/web\/author\/redchuqui\/"},"category_info":"<a href=\"https:\/\/capitalfmbolivia.com\/web\/category\/nacional\/economia\/\" rel=\"category tag\">Econom\u00eda<\/a>","tag_info":"Econom\u00eda","comment_count":"0","_links":{"self":[{"href":"https:\/\/capitalfmbolivia.com\/web\/wp-json\/wp\/v2\/posts\/791","targetHints":{"allow":["GET"]}}],"collection":[{"href":"https:\/\/capitalfmbolivia.com\/web\/wp-json\/wp\/v2\/posts"}],"about":[{"href":"https:\/\/capitalfmbolivia.com\/web\/wp-json\/wp\/v2\/types\/post"}],"author":[{"embeddable":true,"href":"https:\/\/capitalfmbolivia.com\/web\/wp-json\/wp\/v2\/users\/1"}],"replies":[{"embeddable":true,"href":"https:\/\/capitalfmbolivia.com\/web\/wp-json\/wp\/v2\/comments?post=791"}],"version-history":[{"count":1,"href":"https:\/\/capitalfmbolivia.com\/web\/wp-json\/wp\/v2\/posts\/791\/revisions"}],"predecessor-version":[{"id":793,"href":"https:\/\/capitalfmbolivia.com\/web\/wp-json\/wp\/v2\/posts\/791\/revisions\/793"}],"wp:featuredmedia":[{"embeddable":true,"href":"https:\/\/capitalfmbolivia.com\/web\/wp-json\/wp\/v2\/media\/792"}],"wp:attachment":[{"href":"https:\/\/capitalfmbolivia.com\/web\/wp-json\/wp\/v2\/media?parent=791"}],"wp:term":[{"taxonomy":"category","embeddable":true,"href":"https:\/\/capitalfmbolivia.com\/web\/wp-json\/wp\/v2\/categories?post=791"},{"taxonomy":"post_tag","embeddable":true,"href":"https:\/\/capitalfmbolivia.com\/web\/wp-json\/wp\/v2\/tags?post=791"}],"curies":[{"name":"wp","href":"https:\/\/api.w.org\/{rel}","templated":true}]}}