{"id":843,"date":"2025-05-17T01:50:12","date_gmt":"2025-05-17T05:50:12","guid":{"rendered":"https:\/\/votabolivia.com\/main\/web\/?p=843"},"modified":"2025-05-17T16:04:37","modified_gmt":"2025-05-17T20:04:37","slug":"radio-capital-105-7-fm-la-voz-moderna-de-sucre","status":"publish","type":"post","link":"https:\/\/capitalfmbolivia.com\/web\/emisoras\/2025\/05\/17\/843\/","title":{"rendered":"Radio Capital 105.7 FM: La voz moderna de Sucre"},"content":{"rendered":"<p>Ubicada en el coraz\u00f3n de la capital constitucional de Bolivia, Radio Capital 105.7 FM se destaca por su programaci\u00f3n din\u00e1mica, dirigida a una audiencia urbana, cr\u00edtica e informada. Con espacios de an\u00e1lisis, entrevistas y una amplia cobertura de eventos locales y nacionales, Radio Capital es un referente de comunicaci\u00f3n libre y participativa en Sucre.<\/p>\n<p><iframe loading=\"lazy\" src=\"https:\/\/zeno.fm\/player\/red-chuquisaquena\" width=\"575\" height=\"250\" frameborder=\"0\" scrolling=\"no\"><\/iframe><\/p>\n","protected":false},"excerpt":{"rendered":"<p>Ubicada en el coraz\u00f3n de la capital constitucional de Bolivia, Radio Capital 105.7 FM se&#8230;<\/p>\n","protected":false},"author":1,"featured_media":0,"comment_status":"closed","ping_status":"open","sticky":false,"template":"","format":"standard","meta":{"footnotes":""},"categories":[46],"tags":[],"class_list":["post-843","post","type-post","status-publish","format-standard","hentry","category-emisoras"],"featured_image_urls":{"full":"","thumbnail":"","medium":"","medium_large":"","large":"","1536x1536":"","2048x2048":"","newsphere-slider-full":"","newsphere-featured":"","newsphere-medium":""},"author_info":{"display_name":"redchuqui","author_link":"https:\/\/capitalfmbolivia.com\/web\/author\/redchuqui\/"},"category_info":"<a href=\"https:\/\/capitalfmbolivia.com\/web\/category\/emisoras\/\" rel=\"category tag\">EMISORAS<\/a>","tag_info":"EMISORAS","comment_count":"0","_links":{"self":[{"href":"https:\/\/capitalfmbolivia.com\/web\/wp-json\/wp\/v2\/posts\/843","targetHints":{"allow":["GET"]}}],"collection":[{"href":"https:\/\/capitalfmbolivia.com\/web\/wp-json\/wp\/v2\/posts"}],"about":[{"href":"https:\/\/capitalfmbolivia.com\/web\/wp-json\/wp\/v2\/types\/post"}],"author":[{"embeddable":true,"href":"https:\/\/capitalfmbolivia.com\/web\/wp-json\/wp\/v2\/users\/1"}],"replies":[{"embeddable":true,"href":"https:\/\/capitalfmbolivia.com\/web\/wp-json\/wp\/v2\/comments?post=843"}],"version-history":[{"count":2,"href":"https:\/\/capitalfmbolivia.com\/web\/wp-json\/wp\/v2\/posts\/843\/revisions"}],"predecessor-version":[{"id":847,"href":"https:\/\/capitalfmbolivia.com\/web\/wp-json\/wp\/v2\/posts\/843\/revisions\/847"}],"wp:attachment":[{"href":"https:\/\/capitalfmbolivia.com\/web\/wp-json\/wp\/v2\/media?parent=843"}],"wp:term":[{"taxonomy":"category","embeddable":true,"href":"https:\/\/capitalfmbolivia.com\/web\/wp-json\/wp\/v2\/categories?post=843"},{"taxonomy":"post_tag","embeddable":true,"href":"https:\/\/capitalfmbolivia.com\/web\/wp-json\/wp\/v2\/tags?post=843"}],"curies":[{"name":"wp","href":"https:\/\/api.w.org\/{rel}","templated":true}]}}