{"id":850,"date":"2025-05-17T01:59:26","date_gmt":"2025-05-17T05:59:26","guid":{"rendered":"https:\/\/votabolivia.com\/main\/web\/?p=850"},"modified":"2025-05-17T16:04:37","modified_gmt":"2025-05-17T20:04:37","slug":"radio-cintena-88-7-fm-voz-de-las-tierras-cintenas","status":"publish","type":"post","link":"https:\/\/capitalfmbolivia.com\/web\/emisoras\/2025\/05\/17\/850\/","title":{"rendered":"Radio Cinte\u00f1a 88.7 FM: Voz de las tierras cinte\u00f1as"},"content":{"rendered":"<p>Desde la provincia Sud Cinti, Radio Cinte\u00f1a lleva la voz de los vi\u00f1edos, las tradiciones y la lucha campesina. Su programaci\u00f3n prioriza la identidad cultural, los derechos ciudadanos y el desarrollo local. Con contenidos biling\u00fces y participaci\u00f3n activa de su comunidad, es un verdadero reflejo de su pueblo.<\/p>\n<p><iframe loading=\"lazy\" src=\"https:\/\/zeno.fm\/player\/red-chuquisaquena\" width=\"575\" height=\"250\" frameborder=\"0\" scrolling=\"no\"><\/iframe><\/p>\n","protected":false},"excerpt":{"rendered":"<p>Desde la provincia Sud Cinti, Radio Cinte\u00f1a lleva la voz de los vi\u00f1edos, las tradiciones&#8230;<\/p>\n","protected":false},"author":1,"featured_media":0,"comment_status":"closed","ping_status":"open","sticky":false,"template":"","format":"standard","meta":{"footnotes":""},"categories":[46],"tags":[],"class_list":["post-850","post","type-post","status-publish","format-standard","hentry","category-emisoras"],"featured_image_urls":{"full":"","thumbnail":"","medium":"","medium_large":"","large":"","1536x1536":"","2048x2048":"","newsphere-slider-full":"","newsphere-featured":"","newsphere-medium":""},"author_info":{"display_name":"redchuqui","author_link":"https:\/\/capitalfmbolivia.com\/web\/author\/redchuqui\/"},"category_info":"<a href=\"https:\/\/capitalfmbolivia.com\/web\/category\/emisoras\/\" rel=\"category tag\">EMISORAS<\/a>","tag_info":"EMISORAS","comment_count":"0","_links":{"self":[{"href":"https:\/\/capitalfmbolivia.com\/web\/wp-json\/wp\/v2\/posts\/850","targetHints":{"allow":["GET"]}}],"collection":[{"href":"https:\/\/capitalfmbolivia.com\/web\/wp-json\/wp\/v2\/posts"}],"about":[{"href":"https:\/\/capitalfmbolivia.com\/web\/wp-json\/wp\/v2\/types\/post"}],"author":[{"embeddable":true,"href":"https:\/\/capitalfmbolivia.com\/web\/wp-json\/wp\/v2\/users\/1"}],"replies":[{"embeddable":true,"href":"https:\/\/capitalfmbolivia.com\/web\/wp-json\/wp\/v2\/comments?post=850"}],"version-history":[{"count":1,"href":"https:\/\/capitalfmbolivia.com\/web\/wp-json\/wp\/v2\/posts\/850\/revisions"}],"predecessor-version":[{"id":851,"href":"https:\/\/capitalfmbolivia.com\/web\/wp-json\/wp\/v2\/posts\/850\/revisions\/851"}],"wp:attachment":[{"href":"https:\/\/capitalfmbolivia.com\/web\/wp-json\/wp\/v2\/media?parent=850"}],"wp:term":[{"taxonomy":"category","embeddable":true,"href":"https:\/\/capitalfmbolivia.com\/web\/wp-json\/wp\/v2\/categories?post=850"},{"taxonomy":"post_tag","embeddable":true,"href":"https:\/\/capitalfmbolivia.com\/web\/wp-json\/wp\/v2\/tags?post=850"}],"curies":[{"name":"wp","href":"https:\/\/api.w.org\/{rel}","templated":true}]}}